{"id":3140,"date":"2015-08-24T23:18:19","date_gmt":"2015-08-25T02:18:19","guid":{"rendered":"https:\/\/correiosulgoiano.com.br\/?p=3140"},"modified":"2015-08-24T23:18:59","modified_gmt":"2015-08-25T02:18:59","slug":"p-civil","status":"publish","type":"post","link":"https:\/\/correiosulgoiano.com.br\/?p=3140","title":{"rendered":"Ap\u00f3s investiga\u00e7\u00e3o, Pol\u00edcia Civil prende foragidos do sistema prisional"},"content":{"rendered":"<p><span style=\"color: #000000; font-family: Verdana, Geneva, sans-serif; font-size: 14pt;\">Ricardo Chueire, delegado titular da 6\u00aa Regional de Pol\u00edcia Civil, com sede em Itumbiara informou que a Pol\u00edcia Civil prendeu no final da manh\u00e3 e in\u00edcio da tarde desta segunda-feira, 24\/08, o jovem Br\u00e1s de Oliveira Carvalho de 21 anos, e Marcos Alves Rezende, de 28, na cidade de Crom\u00ednia.<\/span><\/p>\n<p><span style=\"color: #000000; font-family: Verdana, Geneva, sans-serif; font-size: 14pt;\">O delegado disse que os dois eram foragidos do sistema prisional goiano e respondem a processos criminais por roubo, tr\u00e1fico de drogas, disparo de arma de fogo, tentativa de homic\u00eddio, recepta\u00e7\u00e3o e furto.<\/span><\/p>\n<p><span style=\"color: #000000; font-family: Verdana, Geneva, sans-serif; font-size: 14pt;\">De acordo com o Dr. Chueire, Marcos j\u00e1 possui condena\u00e7\u00e3o a dezessete anos de pris\u00e3o. Br\u00e1s e Marcos estavam na cidade de Crom\u00ednia h\u00e1 alguns dias e passaram a ser observados pelos policiais civis, que levantaram suspeita por colherem informa\u00e7\u00f5es do com\u00e9rcio local, provavelmente para efetuarem algum roubo na regi\u00e3o.<\/span><\/p>\n<p><span style=\"color: #000000; font-family: Verdana, Geneva, sans-serif; font-size: 14pt;\">Durante o acompanhamento de Br\u00e1s e Marcos, os policiais civis conseguiram identificar Marcos como um dos foragidos do sistema prisional. Com essa informa\u00e7\u00e3o, os policiais civis das delegacias de Pol\u00edcia Civil de Pontalina, Crom\u00ednia e Jovi\u00e2nia realizaram a abordagem dos dois suspeitos.<\/span><\/p>\n<p><span style=\"color: #000000; font-family: Verdana, Geneva, sans-serif; font-size: 14pt;\">No momento, Marcos portava um rev\u00f3lver calibre 38, municiado. Marcos logo foi identificado como foragido, constatando que tinha mandado de pris\u00e3o em aberto expedido pela Comarca de Itumbiara.<\/span><\/p>\n<p><span style=\"color: #000000; font-family: Verdana, Geneva, sans-serif; font-size: 14pt;\">O delegado informou que, inicialmente Br\u00e1s afirmou ser menor de idade, chegando a informar o nome de outro homem, que, inclusive, morreu no ano de 2010.<\/span><\/p>\n<p><span style=\"color: #000000; font-family: Verdana, Geneva, sans-serif; font-size: 14pt;\">Por\u00e9m, os policiais civis o identificaram e cumpriram mandado de pris\u00e3o que tinha em aberto, tamb\u00e9m expedido pela Comarca de Itumbiara.<\/span><\/p>\n<p><span style=\"color: #000000; font-family: Verdana, Geneva, sans-serif; font-size: 14pt;\">Al\u00e9m do mandado de pris\u00e3o que foi cumprido em desfavor de Marcos, o mesmo foi preso em flagrante por porte ilegal de arma de fogo e muni\u00e7\u00f5es de uso permitido. (Fonte: Delegado Ricardo Torres Chueire, via e-mail)<\/span><\/p>\n","protected":false},"excerpt":{"rendered":"<p>Ricardo Chueire, delegado titular da 6\u00aa Regional de Pol\u00edcia Civil, com sede em Itumbiara informou que a Pol\u00edcia Civil prendeu no final da manh\u00e3 e in\u00edcio da tarde desta segunda-feira, 24\/08, o jovem Br\u00e1s de Oliveira Carvalho de 21 anos, e Marcos Alves Rezende, de 28, na cidade de Crom\u00ednia. O delegado disse que os &#8230;<\/p>\n","protected":false},"author":1,"featured_media":3141,"comment_status":"open","ping_status":"open","sticky":false,"template":"","format":"standard","meta":{"spay_email":"","jetpack_publicize_message":""},"categories":[47],"tags":[55,65,362],"jetpack_featured_media_url":"https:\/\/correiosulgoiano.com.br\/wp-content\/uploads\/2015\/08\/Pris\u00e3o-04.jpg","jetpack_publicize_connections":[],"_links":{"self":[{"href":"https:\/\/correiosulgoiano.com.br\/index.php?rest_route=\/wp\/v2\/posts\/3140"}],"collection":[{"href":"https:\/\/correiosulgoiano.com.br\/index.php?rest_route=\/wp\/v2\/posts"}],"about":[{"href":"https:\/\/correiosulgoiano.com.br\/index.php?rest_route=\/wp\/v2\/types\/post"}],"author":[{"embeddable":true,"href":"https:\/\/correiosulgoiano.com.br\/index.php?rest_route=\/wp\/v2\/users\/1"}],"replies":[{"embeddable":true,"href":"https:\/\/correiosulgoiano.com.br\/index.php?rest_route=%2Fwp%2Fv2%2Fcomments&post=3140"}],"version-history":[{"count":2,"href":"https:\/\/correiosulgoiano.com.br\/index.php?rest_route=\/wp\/v2\/posts\/3140\/revisions"}],"predecessor-version":[{"id":3143,"href":"https:\/\/correiosulgoiano.com.br\/index.php?rest_route=\/wp\/v2\/posts\/3140\/revisions\/3143"}],"wp:featuredmedia":[{"embeddable":true,"href":"https:\/\/correiosulgoiano.com.br\/index.php?rest_route=\/wp\/v2\/media\/3141"}],"wp:attachment":[{"href":"https:\/\/correiosulgoiano.com.br\/index.php?rest_route=%2Fwp%2Fv2%2Fmedia&parent=3140"}],"wp:term":[{"taxonomy":"category","embeddable":true,"href":"https:\/\/correiosulgoiano.com.br\/index.php?rest_route=%2Fwp%2Fv2%2Fcategories&post=3140"},{"taxonomy":"post_tag","embeddable":true,"href":"https:\/\/correiosulgoiano.com.br\/index.php?rest_route=%2Fwp%2Fv2%2Ftags&post=3140"}],"curies":[{"name":"wp","href":"https:\/\/api.w.org\/{rel}","templated":true}]}}