{"id":3265,"date":"2015-08-29T12:23:02","date_gmt":"2015-08-29T15:23:02","guid":{"rendered":"https:\/\/correiosulgoiano.com.br\/?p=3265"},"modified":"2015-08-29T15:11:04","modified_gmt":"2015-08-29T18:11:04","slug":"acidente-pontalina","status":"publish","type":"post","link":"https:\/\/correiosulgoiano.com.br\/?p=3265","title":{"rendered":"FATALIDADE: Jovem de Pontalina morre em acidente de carro na GO-040"},"content":{"rendered":"<p><span style=\"color: #000000; font-family: Verdana, Geneva, sans-serif; font-size: 14pt;\">A manh\u00e3 de s\u00e1bado come\u00e7ou com muito trabalho para a Pol\u00edcia Rodovi\u00e1ria Estadual, Posto de S\u00e3o Domingos, em Goiatuba e para o Corpo de Bombeiros de Morrinhos, bem como para o IML e a Pol\u00edcia T\u00e9cnica de Morrinhos.<\/span><\/p>\n<p><span style=\"color: #000000; font-family: Verdana, Geneva, sans-serif; font-size: 14pt;\">Aconteceu um acidente fatal na GO-040, entre Pontalina e Alo\u00e2ndia. Foi no Km 02 da rodovia, ainda no munic\u00edpio de Pontalina.<\/span><\/p>\n<p><span style=\"color: #000000; font-family: Verdana, Geneva, sans-serif; font-size: 14pt;\">Wislei Eterno da Silva Santos, que completaria 19 anos no dia 09 de novembro pr\u00f3ximo morreu no local. Houve uma sa\u00edda de pista, seguida de capotamento.<\/span><\/p>\n<p><a href=\"https:\/\/correiosulgoiano.com.br\/wp-content\/uploads\/2015\/08\/w1.jpg\"><img loading=\"lazy\" class=\"alignnone  wp-image-3283\" src=\"https:\/\/correiosulgoiano.com.br\/wp-content\/uploads\/2015\/08\/w1.jpg\" alt=\"w1\" width=\"184\" height=\"256\" srcset=\"https:\/\/correiosulgoiano.com.br\/wp-content\/uploads\/2015\/08\/w1.jpg 377w, https:\/\/correiosulgoiano.com.br\/wp-content\/uploads\/2015\/08\/w1-216x300.jpg 216w\" sizes=\"(max-width: 184px) 100vw, 184px\" \/><\/a><\/p>\n<p><span style=\"color: #000000; font-family: Verdana, Geneva, sans-serif; font-size: 14pt;\">Wislei, que \u00e9 morador de Pontalina dirigia uma Pick-Up Strada, de cor branca, placa ONA-4090, quando perdeu o controle do ve\u00edculo e saiu da pista capotando logo em seguida.<\/span><\/p>\n<p><span style=\"color: #000000; font-family: Verdana, Geneva, sans-serif; font-size: 14pt;\">O carro parou h\u00e1 aproximadamente 30 metros da rodovia, em um barranco, ap\u00f3s colidir com uma \u00e1rvore.<\/span><\/p>\n<p><span style=\"color: #000000; font-family: Verdana, Geneva, sans-serif; font-size: 14pt;\">Wislei estava sozinho no ve\u00edculo. Ainda n\u00e3o se sabe as causas do acidente, que aconteceu pouco depois das 08h00 da manh\u00e3 de s\u00e1bado, 29\/08.<\/span><\/p>\n<p><a href=\"https:\/\/correiosulgoiano.com.br\/wp-content\/uploads\/2015\/08\/AC-ALO-03.jpg\"><img loading=\"lazy\" class=\"alignnone  wp-image-3271\" src=\"https:\/\/correiosulgoiano.com.br\/wp-content\/uploads\/2015\/08\/AC-ALO-03.jpg\" alt=\"AC ALO - 03\" width=\"258\" height=\"168\" srcset=\"https:\/\/correiosulgoiano.com.br\/wp-content\/uploads\/2015\/08\/AC-ALO-03.jpg 630w, https:\/\/correiosulgoiano.com.br\/wp-content\/uploads\/2015\/08\/AC-ALO-03-300x195.jpg 300w\" sizes=\"(max-width: 258px) 100vw, 258px\" \/><\/a><\/p>\n<p><span style=\"color: #000000; font-family: Verdana, Geneva, sans-serif; font-size: 14pt;\">A Pol\u00edcia Rodovi\u00e1ria Estadual foi avisada e tomou as provid\u00eancias necess\u00e1rias, isolando o local e organizando o tr\u00e2nsito.<\/span><\/p>\n<p><span style=\"color: #000000; font-family: Verdana, Geneva, sans-serif; font-size: 14pt;\">O Corpo de Bombeiros de Morrinhos foi acionado e compareceu ao local para retirar o corpo das ferragens.<\/span><\/p>\n<p><span style=\"color: #000000; font-family: Verdana, Geneva, sans-serif; font-size: 14pt;\">Peritos da Pol\u00edcia T\u00e9cnico Cient\u00edfica de Morrinhos tamb\u00e9m compareceram para levantar os dados necess\u00e1rios para a per\u00edcia.<\/span><\/p>\n<p><span style=\"color: #000000; font-family: Verdana, Geneva, sans-serif; font-size: 14pt;\">O IML de Morrinhos recolheu o corpo.<\/span><\/p>\n<p><a href=\"https:\/\/correiosulgoiano.com.br\/wp-content\/uploads\/2015\/08\/AC-ALO-02.jpg\"><img loading=\"lazy\" class=\"alignnone  wp-image-3267\" src=\"https:\/\/correiosulgoiano.com.br\/wp-content\/uploads\/2015\/08\/AC-ALO-02.jpg\" alt=\"AC ALO - 02\" width=\"645\" height=\"354\" srcset=\"https:\/\/correiosulgoiano.com.br\/wp-content\/uploads\/2015\/08\/AC-ALO-02.jpg 832w, https:\/\/correiosulgoiano.com.br\/wp-content\/uploads\/2015\/08\/AC-ALO-02-300x165.jpg 300w\" sizes=\"(max-width: 645px) 100vw, 645px\" \/><\/a><\/p>\n<p><span style=\"color: #000000; font-family: Verdana, Geneva, sans-serif; font-size: 14pt;\">Trabalharam na ocorr\u00eancia, pela Pol\u00edcia Rodovi\u00e1ria Estadual o Sargento J. Batista e o Cabo Ataliba.<\/span><\/p>\n<p><span style=\"color: #000000; font-family: Verdana, Geneva, sans-serif; font-size: 14pt;\">Pelo Corpo de Bombeiros, o Sargento Do Vale, Soldado \u00c1vila, Soldado Abreu, Soldado Ezequias, Soldado Peixoto e o Soldado Rafael, operador do COPOM 193. (Da reda\u00e7\u00e3o, por Leonardo Costa, com colabora\u00e7\u00e3o da Pol\u00edcia Rodovi\u00e1ria Estadual e Corpo de Bombeiros. Fotos: leitores do site, via WhatsApp e Facebook)<\/span><\/p>\n","protected":false},"excerpt":{"rendered":"<p>A manh\u00e3 de s\u00e1bado come\u00e7ou com muito trabalho para a Pol\u00edcia Rodovi\u00e1ria Estadual, Posto de S\u00e3o Domingos, em Goiatuba e para o Corpo de Bombeiros de Morrinhos, bem como para o IML e a Pol\u00edcia T\u00e9cnica de Morrinhos. Aconteceu um acidente fatal na GO-040, entre Pontalina e Alo\u00e2ndia. Foi no Km 02 da rodovia, ainda &#8230;<\/p>\n","protected":false},"author":1,"featured_media":3266,"comment_status":"open","ping_status":"open","sticky":false,"template":"","format":"standard","meta":{"spay_email":"","jetpack_publicize_message":""},"categories":[44,45],"tags":[691,613,603,55,79,477,111,255],"jetpack_featured_media_url":"https:\/\/correiosulgoiano.com.br\/wp-content\/uploads\/2015\/08\/AC-ALO-01.jpg","jetpack_publicize_connections":[],"_links":{"self":[{"href":"https:\/\/correiosulgoiano.com.br\/index.php?rest_route=\/wp\/v2\/posts\/3265"}],"collection":[{"href":"https:\/\/correiosulgoiano.com.br\/index.php?rest_route=\/wp\/v2\/posts"}],"about":[{"href":"https:\/\/correiosulgoiano.com.br\/index.php?rest_route=\/wp\/v2\/types\/post"}],"author":[{"embeddable":true,"href":"https:\/\/correiosulgoiano.com.br\/index.php?rest_route=\/wp\/v2\/users\/1"}],"replies":[{"embeddable":true,"href":"https:\/\/correiosulgoiano.com.br\/index.php?rest_route=%2Fwp%2Fv2%2Fcomments&post=3265"}],"version-history":[{"count":7,"href":"https:\/\/correiosulgoiano.com.br\/index.php?rest_route=\/wp\/v2\/posts\/3265\/revisions"}],"predecessor-version":[{"id":3285,"href":"https:\/\/correiosulgoiano.com.br\/index.php?rest_route=\/wp\/v2\/posts\/3265\/revisions\/3285"}],"wp:featuredmedia":[{"embeddable":true,"href":"https:\/\/correiosulgoiano.com.br\/index.php?rest_route=\/wp\/v2\/media\/3266"}],"wp:attachment":[{"href":"https:\/\/correiosulgoiano.com.br\/index.php?rest_route=%2Fwp%2Fv2%2Fmedia&parent=3265"}],"wp:term":[{"taxonomy":"category","embeddable":true,"href":"https:\/\/correiosulgoiano.com.br\/index.php?rest_route=%2Fwp%2Fv2%2Fcategories&post=3265"},{"taxonomy":"post_tag","embeddable":true,"href":"https:\/\/correiosulgoiano.com.br\/index.php?rest_route=%2Fwp%2Fv2%2Ftags&post=3265"}],"curies":[{"name":"wp","href":"https:\/\/api.w.org\/{rel}","templated":true}]}}