{"id":3414,"date":"2015-09-04T10:07:42","date_gmt":"2015-09-04T13:07:42","guid":{"rendered":"https:\/\/correiosulgoiano.com.br\/?p=3414"},"modified":"2015-09-04T10:08:59","modified_gmt":"2015-09-04T13:08:59","slug":"bilionarias-saiba-quem-sao-as-mulheres-mais-ricas-do-brasil-segundo-o-uol","status":"publish","type":"post","link":"https:\/\/correiosulgoiano.com.br\/?p=3414","title":{"rendered":"BILION\u00c1RIAS: Saiba quem s\u00e3o as mulheres mais ricas do Brasil segundo o Uol"},"content":{"rendered":"<p><span style=\"font-family: Verdana, Geneva, sans-serif; font-size: 14pt; color: #000000;\">Interessante mat\u00e9ria do site Uol revela as mulheres mais ricas do Brasil. Elas s\u00e3o Bilion\u00e1rias. Abaixo, leia a mat\u00e9ria original do Uol.<\/span><\/p>\n<p><span style=\"font-family: Verdana, Geneva, sans-serif; font-size: 14pt; color: #000000;\">O Brasil tem 31 mulheres bilion\u00e1rias, segundo o ranking da revista &#8220;Forbes\u00a0Brasil&#8221; de 2015. S\u00e3o seis a mais do que <a style=\"color: #000000;\" href=\"http:\/\/economia.uol.com.br\/noticias\/redacao\/2014\/09\/04\/lista-de-bilionarios-do-brasil-tem-25-mulheres-maioria-herdou-a-fortuna.htm\"><strong>no ano anterior<\/strong><\/a>.<\/span><\/p>\n<p><span style=\"font-family: Verdana, Geneva, sans-serif; font-size: 14pt; color: #000000;\">A maioria nasceu em ber\u00e7o de ouro ou casou-se bem, e pertence a fam\u00edlias que s\u00e3o donas de imp\u00e9rios &#8211;como Votorantim, Camargo Corr\u00eaa, Andrade Gutierrez e\u00a0Ita\u00fa.\u00a0<\/span><\/p>\n<p><span style=\"font-family: Verdana, Geneva, sans-serif; font-size: 14pt; color: #000000;\">Tr\u00eas delas tiraram a sorte grande:\u00a0Lina Maria Aguiar, Lia Maria Aguiar e Maria \u00c2ngela Aguiar Bellizia foram adotadas pelo fundador do Bradesco, Amador Aguiar. Ap\u00f3s a morte do pai, em 1991, elas tiveram de lutar na justi\u00e7a para ter direito \u00e0 heran\u00e7a. Hoje, as irm\u00e3s det\u00eam grande parte das a\u00e7\u00f5es do banco.<\/span><\/p>\n<h3><span style=\"font-family: Verdana, Geneva, sans-serif; font-size: 14pt; color: #000000;\">Fortuna em parceria com o marido<\/span><\/h3>\n<p><span style=\"font-family: Verdana, Geneva, sans-serif; font-size: 14pt; color: #000000;\">H\u00e1 casos de bilion\u00e1rias que ajudaram a erguer imp\u00e9rios junto com seus maridos.\u00a0<\/span><\/p>\n<p><span style=\"font-family: Verdana, Geneva, sans-serif; font-size: 14pt; color: #000000;\">Um exemplo \u00e9 Elisabeth Laffranchi,\u00a0uma das fundadoras da Unopar\u00a0(Universidade do Norte do Paran\u00e1). O neg\u00f3cio foi vendido em 2011 \u00e0 Kroton\u00a0Educacional, dona da Anhanguera, e a empres\u00e1ria se tornou acionista do grupo.<\/span><\/p>\n<p><span style=\"font-family: Verdana, Geneva, sans-serif; font-size: 14pt; color: #000000;\">Outro \u00e9 o da m\u00e9dica Dulce Pugliese de Godoy Bueno,\u00a0que fundou a Amil junto com o ex-marido, Edson de Godoy Bueno.<\/span><\/p>\n<p><span style=\"font-family: Verdana, Geneva, sans-serif; font-size: 14pt; color: #000000;\">M\u00e1rcia e Marcos Molina dos Santos criaram o frigor\u00edfico Marfrig.\u00a0<\/span><\/p>\n<p><span style=\"font-family: Verdana, Geneva, sans-serif; font-size: 14pt; color: #000000;\">E o casal Ghislaine e R\u00e9gis Dubrule deu forma \u00e0 Tok&amp;Stok, rede de lojas de m\u00f3veis e decora\u00e7\u00e3o. Os dois venderam 60% da empresa ao grupo americano Carlyle, dono da CVC\u00a0e da Ri Happy, mas\u00a0Ghislaine continua sendo\u00a0presidente-executiva da companhia.<\/span><\/p>\n<h3><span style=\"font-family: Verdana, Geneva, sans-serif; font-size: 14pt; color: #000000;\">Mais rica tem R$ 7,2 bi; mais jovem tem 41 anos<\/span><\/h3>\n<p><span style=\"font-family: Verdana, Geneva, sans-serif; font-size: 14pt; color: #000000;\">A mais rica de todas as brasileiras \u00e9 Maria Helena Moraes Scripilliti, que aparece na 22\u00aa posi\u00e7\u00e3o do ranking ao lado de membros de sua fam\u00edlia, com\u00a0um patrim\u00f4nio avaliado em R$ 7,20 bilh\u00f5es. Ela \u00e9\u00a0filha do empres\u00e1rio Jos\u00e9 Erm\u00edrio de Moraes, irm\u00e3 de Ant\u00f4nio Erm\u00edrio de Moraes (morto em 2014) e herdeira do grupo Votorantim.<\/span><\/p>\n<p><span style=\"font-family: Verdana, Geneva, sans-serif; font-size: 14pt; color: #000000;\">A mais jovem entre as bilion\u00e1rias \u00e9\u00a0Ana Lucia de Mattos Barretto Villela, com 41 anos e fortuna estimada em R$ 5,31 bilh\u00f5es. Ela pertence a uma das fam\u00edlias mais antigas do setor banc\u00e1rio do pa\u00eds e \u00e9 uma das maiores acionistas individuais da Ita\u00fasa (do banco Ita\u00fa).<\/span><\/p>\n<h3><span style=\"font-family: Verdana, Geneva, sans-serif; font-size: 14pt; color: #000000;\">Luiza Trajano saiu da lista<\/span><\/h3>\n<p><span style=\"font-family: Verdana, Geneva, sans-serif; font-size: 14pt; color: #000000;\">A \u00fanica mulher que saiu do ranking de bilion\u00e1rios de 2014 para 2015 foi Luiza\u00a0Helena Trajano, do Magazine Luiza. Em 2014, ela ocupava o 124\u00ba lugar, com R$ 1,20 bilh\u00e3o, mas a fortuna encolheu devido ao mau desempenho das a\u00e7\u00f5es da varejista na Bolsa de Valores.<\/span><\/p>\n<p><span style=\"font-family: Verdana, Geneva, sans-serif; font-size: 14pt; color: #000000;\">Quem entrou na lista neste ano foram as herdeiras do grupo JBS, dono das marcas\u00a0Friboi\u00a0e Seara.\u00a0Val\u00e9re, Vanessa e\u00a0Vivianne\u00a0Batista Mendon\u00e7a aparecem no 54\u00ba lugar do ranking, empatadas com os irm\u00e3os Joesley e Wesley, com fortuna estimada em R$\u00a03,60 bilh\u00f5es cada. No ano anterior, a fam\u00edlia aparecia junta no ranking da &#8220;Forbes Brasil&#8221;.\u00a0<\/span><\/p>\n<p><span style=\"font-family: Verdana, Geneva, sans-serif; font-size: 14pt; color: #000000;\">Estreou na lista Anitta\u00a0Louise\u00a0Regina\u00a0Harley, bisneta do fundador das Casas Pernambucanas e atual vice-presidente da empresa. Tamb\u00e9m\u00a0pela primeira vez no ranking aparece Maria da Concei\u00e7\u00e3o Moraes\u00a0Coutinho Beltr\u00e3o, do grupo Ultra (combust\u00edveis e g\u00e1s), e Maria Alice Setubal, filha do fundador do banco Ita\u00fa.<\/span><\/p>\n<h3><span style=\"font-family: Verdana, Geneva, sans-serif; font-size: 14pt; color: #000000;\">Veja quem s\u00e3o as 31 bilion\u00e1rias brasileiras:<\/span><\/h3>\n<ul>\n<li><span style=\"font-family: Verdana, Geneva, sans-serif; font-size: 14pt; color: #000000;\"><strong>22\u00aa Maria Helena Moraes\u00a0Scripilliti<\/strong><\/span><\/li>\n<\/ul>\n<p><span style=\"font-family: Verdana, Geneva, sans-serif; font-size: 14pt; color: #000000;\">Fortuna: R$ 7,20 bilh\u00f5es. Idade: 84 anos. Local de nascimento: S\u00e3o Paulo. Origem do patrim\u00f4nio: v\u00e1rios<\/span><\/p>\n<ul>\n<li><span style=\"font-family: Verdana, Geneva, sans-serif; font-size: 14pt; color: #000000;\"><strong>31\u00aa Maria de Lourdes Egydio\u00a0Villela e filhos<\/strong><\/span><\/li>\n<\/ul>\n<p><span style=\"font-family: Verdana, Geneva, sans-serif; font-size: 14pt; color: #000000;\">Fortuna: R$ 5,75 bilh\u00f5es. Idade: 72 anos. Local de nascimento: S\u00e3o Paulo. Origem do patrim\u00f4nio: banco<\/span><\/p>\n<ul>\n<li><span style=\"font-family: Verdana, Geneva, sans-serif; font-size: 14pt; color: #000000;\"><strong>32\u00aa Ana Maria Levy Villela Igel\u00a0e fam\u00edlia<\/strong><\/span><\/li>\n<\/ul>\n<p><span style=\"font-family: Verdana, Geneva, sans-serif; font-size: 14pt; color: #000000;\">Fortuna: R$ 5,7 bilh\u00f5es. Idade: 72 anos. Local de nascimento: n\u00e3o informado. Origem do patrim\u00f4nio: combust\u00edveis<\/span><\/p>\n<ul>\n<li><span style=\"font-family: Verdana, Geneva, sans-serif; font-size: 14pt; color: #000000;\"><strong>35\u00aa Regina de Camargo Pires Oliveira Dias<\/strong><\/span><\/li>\n<\/ul>\n<p><span style=\"font-family: Verdana, Geneva, sans-serif; font-size: 14pt; color: #000000;\">Fortuna: R$ 5,32 bilh\u00f5es. Idade: 61 anos. Local de nascimento: S\u00e3o Paulo. Origem do patrim\u00f4nio: constru\u00e7\u00e3o<\/span><\/p>\n<ul>\n<li><span style=\"font-family: Verdana, Geneva, sans-serif; font-size: 14pt; color: #000000;\"><strong>35\u00aa Renata de Camargo Nascimento<\/strong><\/span><\/li>\n<\/ul>\n<p><span style=\"font-family: Verdana, Geneva, sans-serif; font-size: 14pt; color: #000000;\">Fortuna: R$ 5,32 bilh\u00f5es. Idade: 64 anos. Local de nascimento: S\u00e3o Paulo. Origem do patrim\u00f4nio: constru\u00e7\u00e3o<\/span><\/p>\n<ul>\n<li><span style=\"font-family: Verdana, Geneva, sans-serif; font-size: 14pt; color: #000000;\"><strong>35\u00aa Rosana Camargo de Arruda Botelho<\/strong><\/span><\/li>\n<\/ul>\n<p><span style=\"font-family: Verdana, Geneva, sans-serif; font-size: 14pt; color: #000000;\">Fortuna: R$ 5,32 bilh\u00f5es. Idade: 65 anos. Local de nascimento: S\u00e3o Paulo. Origem do patrim\u00f4nio: constru\u00e7\u00e3o<\/span><\/p>\n<ul>\n<li><span style=\"font-family: Verdana, Geneva, sans-serif; font-size: 14pt; color: #000000;\"><strong>38\u00aa Ana Lucia\u00a0de Mattos\u00a0Barretto\u00a0Villela<\/strong><\/span><\/li>\n<\/ul>\n<p><span style=\"font-family: Verdana, Geneva, sans-serif; font-size: 14pt; color: #000000;\">Fortuna: R$ 5,31 bilh\u00f5es. Idade: 41 anos. Local de nascimento: S\u00e3o Paulo. Origem do patrim\u00f4nio: banco<\/span><\/p>\n<ul>\n<li><span style=\"font-family: Verdana, Geneva, sans-serif; font-size: 14pt; color: #000000;\"><strong>46\u00aa Lina Maria Aguiar<\/strong><\/span><\/li>\n<\/ul>\n<p><span style=\"font-family: Verdana, Geneva, sans-serif; font-size: 14pt; color: #000000;\">Fortuna: R$ 4,09 bilh\u00f5es. Idade: 77 anos. Local de nascimento: S\u00e3o Paulo. Origem do patrim\u00f4nio: banco<\/span><\/p>\n<ul>\n<li><span style=\"font-family: Verdana, Geneva, sans-serif; font-size: 14pt; color: #000000;\"><strong>47\u00aa Dulce Pugliese\u00a0de Godoy\u00a0Bueno<\/strong><\/span><\/li>\n<\/ul>\n<p><span style=\"font-family: Verdana, Geneva, sans-serif; font-size: 14pt; color: #000000;\">Fortuna: R$ 4,08 bilh\u00f5es. Idade: 67 anos. Local de nascimento: n\u00e3o informado. Origem do patrim\u00f4nio: plano de sa\u00fade<\/span><\/p>\n<ul>\n<li><span style=\"font-family: Verdana, Geneva, sans-serif; font-size: 14pt; color: #000000;\"><strong>48\u00aa Lily\u00a0Safra<\/strong><\/span><\/li>\n<\/ul>\n<p><span style=\"font-family: Verdana, Geneva, sans-serif; font-size: 14pt; color: #000000;\">Fortuna: R$ 4,07 bilh\u00f5es. Idade: 77 anos. Local de nascimento: Rio Grande do Sul. Origem do patrim\u00f4nio: banco<\/span><\/p>\n<ul>\n<li><span style=\"font-family: Verdana, Geneva, sans-serif; font-size: 14pt; color: #000000;\"><strong>51\u00aa Ana Maria Marconde\u00a0Penido\u00a0Sant&#8217;Anna<\/strong><\/span><\/li>\n<\/ul>\n<p><span style=\"font-family: Verdana, Geneva, sans-serif; font-size: 14pt; color: #000000;\">Fortuna: R$ 3,77 bilh\u00f5es. Idade: 59 anos. Local de nascimento: S\u00e3o Paulo. Origem do patrim\u00f4nio: rodovias<\/span><\/p>\n<ul>\n<li><span style=\"font-family: Verdana, Geneva, sans-serif; font-size: 14pt; color: #000000;\"><strong>54\u00aa V\u00e1lere\u00a0Mendon\u00e7a\u00a0Batista Ramos<\/strong><\/span><\/li>\n<\/ul>\n<p><span style=\"font-family: Verdana, Geneva, sans-serif; font-size: 14pt; color: #000000;\">Fortuna: R$ 3,6 bilh\u00f5es. Idade: 52 anos. Local de nascimento: Goi\u00e1s. Origem do patrim\u00f4nio: frigor\u00edfico<\/span><\/p>\n<ul>\n<li><span style=\"font-family: Verdana, Geneva, sans-serif; font-size: 14pt; color: #000000;\"><strong>54\u00aa\u00a0Vanessa\u00a0Mendon\u00e7a\u00a0Batista<\/strong><\/span><\/li>\n<\/ul>\n<p><span style=\"font-family: Verdana, Geneva, sans-serif; font-size: 14pt; color: #000000;\">Fortuna: R$ 3,6 bilh\u00f5es. Idade: 49 anos. Local de nascimento: Goi\u00e1s. Origem do patrim\u00f4nio: frigor\u00edfico<\/span><\/p>\n<ul>\n<li><span style=\"font-family: Verdana, Geneva, sans-serif; font-size: 14pt; color: #000000;\"><strong>54\u00aa Vivianne\u00a0Mendon\u00e7a\u00a0Batista<\/strong><\/span><\/li>\n<\/ul>\n<p><span style=\"font-family: Verdana, Geneva, sans-serif; font-size: 14pt; color: #000000;\">Fortuna: R$ 3,6 bilh\u00f5es. Idade: n\u00e3o informada. Local de nascimento: Goi\u00e1s. Origem do patrim\u00f4nio: frigor\u00edfico<\/span><\/p>\n<ul>\n<li><span style=\"font-family: Verdana, Geneva, sans-serif; font-size: 14pt; color: #000000;\"><strong>63\u00aa Lia Maria Aguiar<\/strong><\/span><\/li>\n<\/ul>\n<p><span style=\"font-family: Verdana, Geneva, sans-serif; font-size: 14pt; color: #000000;\">Fortuna: R$ 3,43 bilh\u00f5es. Idade: 77 anos. Local de nascimento: S\u00e3o Paulo. Origem do patrim\u00f4nio: banco<\/span><\/p>\n<ul>\n<li><span style=\"font-family: Verdana, Geneva, sans-serif; font-size: 14pt; color: #000000;\"><strong>66\u00aa Daisy\u00a0Igel<\/strong><\/span><\/li>\n<\/ul>\n<p><span style=\"font-family: Verdana, Geneva, sans-serif; font-size: 14pt; color: #000000;\">Fortuna: R$ 3,15 bilh\u00f5es. Idade: 87 anos. Local de nascimento: Rio de Janeiro. Origem do patrim\u00f4nio: combust\u00edveis<\/span><\/p>\n<ul>\n<li><span style=\"font-family: Verdana, Geneva, sans-serif; font-size: 14pt; color: #000000;\"><strong>67\u00aa L\u00facia Maggi<\/strong><\/span><\/li>\n<\/ul>\n<p><span style=\"font-family: Verdana, Geneva, sans-serif; font-size: 14pt; color: #000000;\">Fortuna: R$ 3,14 bilh\u00f5es. Idade: 83 anos. Local de nascimento: Rio Grande do Sul. Origem do patrim\u00f4nio: agroneg\u00f3cio<\/span><\/p>\n<ul>\n<li><span style=\"font-family: Verdana, Geneva, sans-serif; font-size: 14pt; color: #000000;\"><strong>70\u00aa Elizabeth Bueno\u00a0Laffranchi e fam\u00edlia<\/strong><\/span><\/li>\n<\/ul>\n<p><span style=\"font-family: Verdana, Geneva, sans-serif; font-size: 14pt; color: #000000;\">Fortuna: R$ 3,11 bilh\u00f5es. Idade: n\u00e3o informada. Local de nascimento: S\u00e3o Paulo. Origem do patrim\u00f4nio: educa\u00e7\u00e3o<\/span><\/p>\n<ul>\n<li><span style=\"font-family: Verdana, Geneva, sans-serif; font-size: 14pt; color: #000000;\"><strong>71\u00aa Maria\u00a0Angela\u00a0Aguiar\u00a0Bellizia<\/strong><\/span><\/li>\n<\/ul>\n<p><span style=\"font-family: Verdana, Geneva, sans-serif; font-size: 14pt; color: #000000;\">Fortuna: R$ 3,1 bilh\u00f5es. Idade: n\u00e3o informada. Local de nascimento: n\u00e3o informado. Origem do patrim\u00f4nio: banco<\/span><\/p>\n<ul>\n<li><span style=\"font-family: Verdana, Geneva, sans-serif; font-size: 14pt; color: #000000;\"><strong>72\u00aa Marli\u00a0Maggi\u00a0Pissollo<\/strong><\/span><\/li>\n<\/ul>\n<p><span style=\"font-family: Verdana, Geneva, sans-serif; font-size: 14pt; color: #000000;\">Fortuna: R$ 3,04 bilh\u00f5es. Idade: 61 anos. Local de nascimento: Rio Grande do Sul. Origem do patrim\u00f4nio: agroneg\u00f3cio<\/span><\/p>\n<ul>\n<li><span style=\"font-family: Verdana, Geneva, sans-serif; font-size: 14pt; color: #000000;\"><strong>86\u00aa Roberta Anamaria\u00a0Civita<\/strong><\/span><\/li>\n<\/ul>\n<p><span style=\"font-family: Verdana, Geneva, sans-serif; font-size: 14pt; color: #000000;\">Fortuna: R$ 2,18 bilh\u00f5es.\u00a0Idade: n\u00e3o informada. Local de nascimento: S\u00e3o Paulo. Origem do patrim\u00f4nio: revistas\/editora<\/span><\/p>\n<ul>\n<li><span style=\"font-family: Verdana, Geneva, sans-serif; font-size: 14pt; color: #000000;\"><strong>93\u00aa Graziela Lafer\u00a0Galv\u00e3o<\/strong><\/span><\/li>\n<\/ul>\n<p><span style=\"font-family: Verdana, Geneva, sans-serif; font-size: 14pt; color: #000000;\">Fortuna: R$ 2,1 bilh\u00f5es.\u00a0Idade: 76 anos. Local de nascimento: S\u00e3o Paulo. Origem do patrim\u00f4nio: papel\/farm\u00e1cias<\/span><\/p>\n<ul>\n<li><span style=\"font-family: Verdana, Geneva, sans-serif; font-size: 14pt; color: #000000;\"><strong>94\u00aa Neide\u00a0Helena de Moraes<\/strong><\/span><\/li>\n<\/ul>\n<p><span style=\"font-family: Verdana, Geneva, sans-serif; font-size: 14pt; color: #000000;\">Fortuna: R$ 2,09 bilh\u00f5es.\u00a0Idade: 60 anos. Local de nascimento: S\u00e3o Paulo. Origem do patrim\u00f4nio: v\u00e1rios<\/span><\/p>\n<ul>\n<li><span style=\"font-family: Verdana, Geneva, sans-serif; font-size: 14pt; color: #000000;\"><strong>97\u00aa Dorothea\u00a0Steinbruch\u00a0e fam\u00edlia<\/strong><\/span><\/li>\n<\/ul>\n<p><span style=\"font-family: Verdana, Geneva, sans-serif; font-size: 14pt; color: #000000;\">Fortuna: R$ 2,08 bilh\u00f5es.\u00a0Idade: 74 anos. Local de nascimento: Rio de Janeiro. Origem do patrim\u00f4nio: v\u00e1rios<\/span><\/p>\n<ul>\n<li><span style=\"font-family: Verdana, Geneva, sans-serif; font-size: 14pt; color: #000000;\"><strong>106\u00aa Angela\u00a0Gutierrez e fam\u00edlia<\/strong><\/span><\/li>\n<\/ul>\n<p><span style=\"font-family: Verdana, Geneva, sans-serif; font-size: 14pt; color: #000000;\">Fortuna: R$ 1,9 bilh\u00e3o.\u00a0Idade: 65 anos. Local de nascimento: Minas Gerais. Origem do patrim\u00f4nio: constru\u00e7\u00e3o<\/span><\/p>\n<ul>\n<li><span style=\"font-family: Verdana, Geneva, sans-serif; font-size: 14pt; color: #000000;\"><strong>106\u00aa Fanny Feffer<\/strong><\/span><\/li>\n<\/ul>\n<p><span style=\"font-family: Verdana, Geneva, sans-serif; font-size: 14pt; color: #000000;\">Fortuna: R$ 1,9 bilh\u00e3o.\u00a0Idade: 85 anos. Local de nascimento:\u00a0S\u00e3o Paulo.\u00a0Origem do patrim\u00f4nio: papel\/celulose<\/span><\/p>\n<ul>\n<li><span style=\"font-family: Verdana, Geneva, sans-serif; font-size: 14pt; color: #000000;\"><strong>113\u00aa Rosa Evangelina Marcondes\u00a0Penido\u00a0Dalla\u00a0Vechia\u00a0<\/strong><\/span><\/li>\n<\/ul>\n<p><span style=\"font-family: Verdana, Geneva, sans-serif; font-size: 14pt; color: #000000;\">Fortuna: R$ 1,76 bilh\u00e3o.\u00a0Idade: 65 anos. Local de nascimento:\u00a0S\u00e3o Paulo.\u00a0Origem do patrim\u00f4nio: rodovias<\/span><\/p>\n<ul>\n<li><span style=\"font-family: Verdana, Geneva, sans-serif; font-size: 14pt; color: #000000;\"><strong>118\u00aa Anitta\u00a0Louise\u00a0Regina Harley<\/strong><\/span><\/li>\n<\/ul>\n<p><span style=\"font-family: Verdana, Geneva, sans-serif; font-size: 14pt; color: #000000;\">Fortuna: R$ 1,53 bilh\u00e3o.\u00a0Idade: n\u00e3o informada. Local de nascimento:\u00a0Pernambuco.\u00a0Origem do patrim\u00f4nio: varejo<\/span><\/p>\n<ul>\n<li><span style=\"font-family: Verdana, Geneva, sans-serif; font-size: 14pt; color: #000000;\"><strong>147\u00aa Ghislaine Dubrule\u00a0e marido<\/strong><\/span><\/li>\n<\/ul>\n<p><span style=\"font-family: Verdana, Geneva, sans-serif; font-size: 14pt; color: #000000;\">Fortuna: R$ 1,13 bilh\u00e3o.\u00a0Idade: 65 anos. Local de nascimento:\u00a0Fran\u00e7a (naturalizada).\u00a0Origem do patrim\u00f4nio: varejo<\/span><\/p>\n<ul>\n<li><span style=\"font-family: Verdana, Geneva, sans-serif; font-size: 14pt; color: #000000;\"><strong>157\u00aa Maria da Concei\u00e7\u00e3o de Moraes\u00a0Coutinho Beltr\u00e3o e fam\u00edlia<\/strong><\/span><\/li>\n<\/ul>\n<p><span style=\"font-family: Verdana, Geneva, sans-serif; font-size: 14pt; color: #000000;\">Fortuna: R$ 1 bilh\u00e3o.\u00a0Idade: 81 anos. Local de nascimento:\u00a0Rio de Janeiro.\u00a0Origem do patrim\u00f4nio: combust\u00edveis\/g\u00e1s<\/span><\/p>\n<ul>\n<li><span style=\"font-family: Verdana, Geneva, sans-serif; font-size: 14pt; color: #000000;\"><strong>157\u00aa Maria Alice Setubal<\/strong><\/span><\/li>\n<\/ul>\n<p><span style=\"font-family: Verdana, Geneva, sans-serif; font-size: 14pt; color: #000000;\">Fortuna: R$ 1 bilh\u00e3o.\u00a0Idade: 64 anos. Local de nascimento:\u00a0S\u00e3o Paulo.\u00a0Origem do patrim\u00f4nio: banco<\/span><\/p>\n<p>(Fonte: Reprodu\u00e7\u00e3o site Uol:\u00a0http:\/\/economia.uol.com.br\/noticias\/redacao\/2015\/09\/04\/lista-de-bilionarios-brasileiros-tem-31-mulheres-maioria-herdou-fortuna.htm)<\/p>\n","protected":false},"excerpt":{"rendered":"<p>Interessante mat\u00e9ria do site Uol revela as mulheres mais ricas do Brasil. Elas s\u00e3o Bilion\u00e1rias. Abaixo, leia a mat\u00e9ria original do Uol. O Brasil tem 31 mulheres bilion\u00e1rias, segundo o ranking da revista &#8220;Forbes\u00a0Brasil&#8221; de 2015. S\u00e3o seis a mais do que no ano anterior. A maioria nasceu em ber\u00e7o de ouro ou casou-se bem, &#8230;<\/p>\n","protected":false},"author":1,"featured_media":3416,"comment_status":"open","ping_status":"open","sticky":false,"template":"","format":"standard","meta":{"spay_email":"","jetpack_publicize_message":""},"categories":[52],"tags":[706,705],"jetpack_featured_media_url":"https:\/\/correiosulgoiano.com.br\/wp-content\/uploads\/2015\/09\/dolar.jpg","jetpack_publicize_connections":[],"_links":{"self":[{"href":"https:\/\/correiosulgoiano.com.br\/index.php?rest_route=\/wp\/v2\/posts\/3414"}],"collection":[{"href":"https:\/\/correiosulgoiano.com.br\/index.php?rest_route=\/wp\/v2\/posts"}],"about":[{"href":"https:\/\/correiosulgoiano.com.br\/index.php?rest_route=\/wp\/v2\/types\/post"}],"author":[{"embeddable":true,"href":"https:\/\/correiosulgoiano.com.br\/index.php?rest_route=\/wp\/v2\/users\/1"}],"replies":[{"embeddable":true,"href":"https:\/\/correiosulgoiano.com.br\/index.php?rest_route=%2Fwp%2Fv2%2Fcomments&post=3414"}],"version-history":[{"count":1,"href":"https:\/\/correiosulgoiano.com.br\/index.php?rest_route=\/wp\/v2\/posts\/3414\/revisions"}],"predecessor-version":[{"id":3415,"href":"https:\/\/correiosulgoiano.com.br\/index.php?rest_route=\/wp\/v2\/posts\/3414\/revisions\/3415"}],"wp:featuredmedia":[{"embeddable":true,"href":"https:\/\/correiosulgoiano.com.br\/index.php?rest_route=\/wp\/v2\/media\/3416"}],"wp:attachment":[{"href":"https:\/\/correiosulgoiano.com.br\/index.php?rest_route=%2Fwp%2Fv2%2Fmedia&parent=3414"}],"wp:term":[{"taxonomy":"category","embeddable":true,"href":"https:\/\/correiosulgoiano.com.br\/index.php?rest_route=%2Fwp%2Fv2%2Fcategories&post=3414"},{"taxonomy":"post_tag","embeddable":true,"href":"https:\/\/correiosulgoiano.com.br\/index.php?rest_route=%2Fwp%2Fv2%2Ftags&post=3414"}],"curies":[{"name":"wp","href":"https:\/\/api.w.org\/{rel}","templated":true}]}}