{"id":3492,"date":"2015-09-07T17:43:19","date_gmt":"2015-09-07T20:43:19","guid":{"rendered":"https:\/\/correiosulgoiano.com.br\/?p=3492"},"modified":"2015-09-07T17:45:06","modified_gmt":"2015-09-07T20:45:06","slug":"facada-jovem-mata-outro-e-alega-legitima-defesa-em-pontalina","status":"publish","type":"post","link":"https:\/\/correiosulgoiano.com.br\/?p=3492","title":{"rendered":"FACADA: Jovem mata outro alegando leg\u00edtima defesa, em Pontalina"},"content":{"rendered":"<p><span style=\"font-family: Verdana, Geneva, sans-serif; color: #000000; font-size: 14pt;\">Em Pontalina a Pol\u00edcia Militar registrou a morte de um homem de 24 anos. Foi na madrugada do feriado da Independ\u00eancia, 07\/09.<\/span><\/p>\n<p><span style=\"font-family: Verdana, Geneva, sans-serif; color: #000000; font-size: 14pt;\">De acordo com as primeiras informa\u00e7\u00f5es da Pol\u00edcia Militar, Jhonata Nogueira e Silva, de 24 anos morreu ferido por golpes de faca, ap\u00f3s um desentendimento com Daniel Matias Fidelis, de 20 anos.<\/span><\/p>\n<p><span style=\"font-family: Verdana, Geneva, sans-serif; color: #000000; font-size: 14pt;\">O pr\u00f3prio suspeito do homic\u00eddio, Daniel, acionou a Pol\u00edcia Militar ap\u00f3s o acontecido. Ele alega leg\u00edtima defesa.<\/span><\/p>\n<p><span style=\"font-family: Verdana, Geneva, sans-serif; color: #000000; font-size: 14pt;\">Daniel disse \u00e0 Pol\u00edcia Militar que Jhonata o estava amea\u00e7ando. Daniel inclusive acionou a Pol\u00edcia Militar entre a noite de domingo e a madrugada de segunda-feira informando que Jhonata estava rondando sua casa que fica \u00e0 Rua Americano do Brasil, no setor central de Pontalina.<\/span><\/p>\n<p><span style=\"font-family: Verdana, Geneva, sans-serif; color: #000000; font-size: 14pt;\">Ao serem acionados por Daniel, os policiais realizaram patrulhamento pelas imedia\u00e7\u00f5es, mas, n\u00e3o encontraram Jhonata.<\/span><\/p>\n<p><span style=\"font-family: Verdana, Geneva, sans-serif; color: #000000; font-size: 14pt;\">Daniel disse \u00e0 Pol\u00edcia que Jhonata era ex-namorado da atual namorada dele, e por n\u00e3o se conformar com o t\u00e9rmino do relacionamento Jhonata estava amea\u00e7ando Daniel.<\/span><\/p>\n<p><span style=\"font-family: Verdana, Geneva, sans-serif; color: #000000; font-size: 14pt;\">Pr\u00f3ximo das 04h50 da madrugada de segunda-feira, 07\/09, Daniel ouviu o barulho de algu\u00e9m invadindo sua casa. Ao verificar ele percebeu que era Jhonata que havia entrado em sua resid\u00eancia.<\/span><\/p>\n<p><span style=\"font-family: Verdana, Geneva, sans-serif; color: #000000; font-size: 14pt;\">Os dois entraram em luta corporal e se feriram mutuamente. Daniel tamb\u00e9m est\u00e1 machucado. Mas, segundo a Pol\u00edcia Militar o invasor levou a pior, sendo ferido mortalmente.<\/span><\/p>\n<p><span style=\"font-family: Verdana, Geneva, sans-serif; color: #000000; font-size: 14pt;\">Ap\u00f3s receber o golpe Jhonata ainda tentou fugir e saiu da casa de Daniel, a qual ele havia invadido, segundo a PM.<\/span><\/p>\n<p><span style=\"font-family: Verdana, Geneva, sans-serif; color: #000000; font-size: 14pt;\">Mas, ele caminhou poucos metros e caiu, sem vida. Ao mesmo tempo em que Jhonata tentava fugir Daniel acionava a Pol\u00edcia Militar, ainda sem saber que o outro rapaz havia morrido.<\/span><\/p>\n<p><span style=\"font-family: Verdana, Geneva, sans-serif; color: #000000; font-size: 14pt;\">A Pol\u00edcia Militar foi ao local e Daniel ent\u00e3o contou o que aconteceu, admitindo que durante a briga, para se defender feriu Jhonata, que n\u00e3o resistiu e morreu.<\/span><\/p>\n<p><span style=\"font-family: Verdana, Geneva, sans-serif; color: #000000; font-size: 14pt;\">Daniel foi detido e est\u00e1 \u00e0 disposi\u00e7\u00e3o da Pol\u00edcia Civil e do Poder Judici\u00e1rio. O Delegado Patrick Carniel dever\u00e1 conduzir as investiga\u00e7\u00f5es e inqu\u00e9rito nos pr\u00f3ximos dias. (Fonte: Pol\u00edcia Militar de Pontalina Goi\u00e1s &#8211; Imagem meramente ilustrativa &#8211; internet &#8211; n\u00e3o se trata da arma do crime)<\/span><\/p>\n","protected":false},"excerpt":{"rendered":"<p>Em Pontalina a Pol\u00edcia Militar registrou a morte de um homem de 24 anos. Foi na madrugada do feriado da Independ\u00eancia, 07\/09. De acordo com as primeiras informa\u00e7\u00f5es da Pol\u00edcia Militar, Jhonata Nogueira e Silva, de 24 anos morreu ferido por golpes de faca, ap\u00f3s um desentendimento com Daniel Matias Fidelis, de 20 anos. O &#8230;<\/p>\n","protected":false},"author":1,"featured_media":3493,"comment_status":"open","ping_status":"open","sticky":false,"template":"","format":"standard","meta":{"spay_email":"","jetpack_publicize_message":""},"categories":[44],"tags":[709,710,469],"jetpack_featured_media_url":"https:\/\/correiosulgoiano.com.br\/wp-content\/uploads\/2015\/09\/facada.jpg","jetpack_publicize_connections":[],"_links":{"self":[{"href":"https:\/\/correiosulgoiano.com.br\/index.php?rest_route=\/wp\/v2\/posts\/3492"}],"collection":[{"href":"https:\/\/correiosulgoiano.com.br\/index.php?rest_route=\/wp\/v2\/posts"}],"about":[{"href":"https:\/\/correiosulgoiano.com.br\/index.php?rest_route=\/wp\/v2\/types\/post"}],"author":[{"embeddable":true,"href":"https:\/\/correiosulgoiano.com.br\/index.php?rest_route=\/wp\/v2\/users\/1"}],"replies":[{"embeddable":true,"href":"https:\/\/correiosulgoiano.com.br\/index.php?rest_route=%2Fwp%2Fv2%2Fcomments&post=3492"}],"version-history":[{"count":2,"href":"https:\/\/correiosulgoiano.com.br\/index.php?rest_route=\/wp\/v2\/posts\/3492\/revisions"}],"predecessor-version":[{"id":3495,"href":"https:\/\/correiosulgoiano.com.br\/index.php?rest_route=\/wp\/v2\/posts\/3492\/revisions\/3495"}],"wp:featuredmedia":[{"embeddable":true,"href":"https:\/\/correiosulgoiano.com.br\/index.php?rest_route=\/wp\/v2\/media\/3493"}],"wp:attachment":[{"href":"https:\/\/correiosulgoiano.com.br\/index.php?rest_route=%2Fwp%2Fv2%2Fmedia&parent=3492"}],"wp:term":[{"taxonomy":"category","embeddable":true,"href":"https:\/\/correiosulgoiano.com.br\/index.php?rest_route=%2Fwp%2Fv2%2Fcategories&post=3492"},{"taxonomy":"post_tag","embeddable":true,"href":"https:\/\/correiosulgoiano.com.br\/index.php?rest_route=%2Fwp%2Fv2%2Ftags&post=3492"}],"curies":[{"name":"wp","href":"https:\/\/api.w.org\/{rel}","templated":true}]}}