{"id":3687,"date":"2015-10-06T00:39:42","date_gmt":"2015-10-06T03:39:42","guid":{"rendered":"https:\/\/correiosulgoiano.com.br\/?p=3687"},"modified":"2015-10-06T12:49:07","modified_gmt":"2015-10-06T15:49:07","slug":"fusca-x-onibus","status":"publish","type":"post","link":"https:\/\/correiosulgoiano.com.br\/?p=3687","title":{"rendered":"Fusca x \u00f4nibus: Colis\u00e3o deixa carro destru\u00eddo e mulher ferida em Morrinhos"},"content":{"rendered":"<p><span style=\"font-size: 14pt; font-family: Verdana, Geneva, sans-serif; color: #000000;\">Era pr\u00f3ximo das 19h00 de segunda-feira, 05\/10, quando um acidente entre um VW Fusca e um Micro \u00d4nibus da Secretaria Municipal de Sa\u00fade de Morrinhos deixou ferida uma mulher de 29 anos. Abaixo veja as fotos dos ve\u00edculos.<\/span><\/p>\n<p><span style=\"font-size: 14pt; font-family: Verdana, Geneva, sans-serif; color: #000000;\">Foi no cruzamento da GO-213 com a Avenida de acesso ao setor Sol Nascente, atr\u00e1s do estacionamento do Fred. <\/span><\/p>\n<p><span style=\"font-size: 14pt; font-family: Verdana, Geneva, sans-serif; color: #000000;\">Nossa reportagem n\u00e3o conseguiu apurar o que teria provocado a colis\u00e3o, mas, fomos informados que o VW Fusca colidiu na parte traseira do \u00f4nibus.<\/span><\/p>\n<p><span style=\"font-size: 14pt; font-family: Verdana, Geneva, sans-serif; color: #000000;\">As primeiras informa\u00e7\u00f5es s\u00e3o de que havia 3 pessoas no carro de passeio, sendo o condutor, Samuel Lanis Aguair; Francieli Alves Damascena de 29 anos e mais uma crian\u00e7a, da qual n\u00e3o conseguimos apurar a idade. <\/span><\/p>\n<p><span style=\"font-size: 14pt; font-family: Verdana, Geneva, sans-serif; color: #000000;\">Samuel recusou ser levado ao Hospital pelos socorristas do Corpo de Bombeiros, alegando que estava bem.<\/span><\/p>\n<p><span style=\"font-size: 14pt; font-family: Verdana, Geneva, sans-serif; color: #000000;\">Francieli foi conduzida ao Hospital Municipal de Morrinhos com algumas contus\u00f5es nos bra\u00e7os e um corte na cabe\u00e7a. Ela estava consciente e seu estado de sa\u00fade era considerado bom. N\u00e3o fomos informados sobre os poss\u00edveis ferimentos na crian\u00e7a.<\/span><\/p>\n<p><span style=\"font-size: 14pt; font-family: Verdana, Geneva, sans-serif; color: #000000;\">O condutor do micro-\u00f4nibus n\u00e3o se feriu. N\u00e3o se sabe o que teria provocado a colis\u00e3o entre os dois ve\u00edculos.<\/span><\/p>\n<p><a href=\"https:\/\/correiosulgoiano.com.br\/wp-content\/uploads\/2015\/10\/Mercotintas-Banner-Site-01.jpg\"><img loading=\"lazy\" class=\"alignnone size-full wp-image-3670\" src=\"https:\/\/correiosulgoiano.com.br\/wp-content\/uploads\/2015\/10\/Mercotintas-Banner-Site-01.jpg\" alt=\"Mercotintas Banner Site - 01\" width=\"1172\" height=\"146\" srcset=\"https:\/\/correiosulgoiano.com.br\/wp-content\/uploads\/2015\/10\/Mercotintas-Banner-Site-01.jpg 1172w, https:\/\/correiosulgoiano.com.br\/wp-content\/uploads\/2015\/10\/Mercotintas-Banner-Site-01-300x37.jpg 300w, https:\/\/correiosulgoiano.com.br\/wp-content\/uploads\/2015\/10\/Mercotintas-Banner-Site-01-1024x128.jpg 1024w\" sizes=\"(max-width: 1172px) 100vw, 1172px\" \/><\/a><\/p>\n<div id=\"attachment_3689\" style=\"width: 788px\" class=\"wp-caption alignnone\"><a href=\"https:\/\/correiosulgoiano.com.br\/wp-content\/uploads\/2015\/10\/Fusca-03.jpg\"><img aria-describedby=\"caption-attachment-3689\" loading=\"lazy\" class=\"size-full wp-image-3689\" src=\"https:\/\/correiosulgoiano.com.br\/wp-content\/uploads\/2015\/10\/Fusca-03.jpg\" alt=\"Condutor do micro-\u00f4nibus n\u00e3o se feriu\" width=\"778\" height=\"438\" srcset=\"https:\/\/correiosulgoiano.com.br\/wp-content\/uploads\/2015\/10\/Fusca-03.jpg 778w, https:\/\/correiosulgoiano.com.br\/wp-content\/uploads\/2015\/10\/Fusca-03-300x169.jpg 300w\" sizes=\"(max-width: 778px) 100vw, 778px\" \/><\/a><p id=\"caption-attachment-3689\" class=\"wp-caption-text\">Condutor do micro-\u00f4nibus n\u00e3o se feriu<\/p><\/div>\n<div id=\"attachment_3690\" style=\"width: 788px\" class=\"wp-caption alignnone\"><a href=\"https:\/\/correiosulgoiano.com.br\/wp-content\/uploads\/2015\/10\/Fusca-01.jpg\"><img aria-describedby=\"caption-attachment-3690\" loading=\"lazy\" class=\"size-full wp-image-3690\" src=\"https:\/\/correiosulgoiano.com.br\/wp-content\/uploads\/2015\/10\/Fusca-01.jpg\" alt=\"Condutor do VW Fusca recusou ser levado ao Hospital. Disse que estava bem\" width=\"778\" height=\"438\" srcset=\"https:\/\/correiosulgoiano.com.br\/wp-content\/uploads\/2015\/10\/Fusca-01.jpg 778w, https:\/\/correiosulgoiano.com.br\/wp-content\/uploads\/2015\/10\/Fusca-01-300x169.jpg 300w\" sizes=\"(max-width: 778px) 100vw, 778px\" \/><\/a><p id=\"caption-attachment-3690\" class=\"wp-caption-text\">Condutor do VW Fusca recusou ser levado ao Hospital. Disse que estava bem<\/p><\/div>\n<div id=\"attachment_3691\" style=\"width: 788px\" class=\"wp-caption alignnone\"><a href=\"https:\/\/correiosulgoiano.com.br\/wp-content\/uploads\/2015\/10\/Fusca-02.jpg\"><img aria-describedby=\"caption-attachment-3691\" loading=\"lazy\" class=\"size-full wp-image-3691\" src=\"https:\/\/correiosulgoiano.com.br\/wp-content\/uploads\/2015\/10\/Fusca-02.jpg\" alt=\"VW Fusca ficou completamente destru\u00eddo\" width=\"778\" height=\"438\" srcset=\"https:\/\/correiosulgoiano.com.br\/wp-content\/uploads\/2015\/10\/Fusca-02.jpg 778w, https:\/\/correiosulgoiano.com.br\/wp-content\/uploads\/2015\/10\/Fusca-02-300x169.jpg 300w\" sizes=\"(max-width: 778px) 100vw, 778px\" \/><\/a><p id=\"caption-attachment-3691\" class=\"wp-caption-text\">VW Fusca ficou completamente destru\u00eddo<\/p><\/div>\n","protected":false},"excerpt":{"rendered":"<p>Era pr\u00f3ximo das 19h00 de segunda-feira, 05\/10, quando um acidente entre um VW Fusca e um Micro \u00d4nibus da Secretaria Municipal de Sa\u00fade de Morrinhos deixou ferida uma mulher de 29 anos. Abaixo veja as fotos dos ve\u00edculos. Foi no cruzamento da GO-213 com a Avenida de acesso ao setor Sol Nascente, atr\u00e1s do estacionamento &#8230;<\/p>\n","protected":false},"author":1,"featured_media":3688,"comment_status":"open","ping_status":"open","sticky":false,"template":"","format":"standard","meta":{"spay_email":"","jetpack_publicize_message":""},"categories":[43],"tags":[722,55],"jetpack_featured_media_url":"https:\/\/correiosulgoiano.com.br\/wp-content\/uploads\/2015\/10\/Fusca-04.jpg","jetpack_publicize_connections":[],"_links":{"self":[{"href":"https:\/\/correiosulgoiano.com.br\/index.php?rest_route=\/wp\/v2\/posts\/3687"}],"collection":[{"href":"https:\/\/correiosulgoiano.com.br\/index.php?rest_route=\/wp\/v2\/posts"}],"about":[{"href":"https:\/\/correiosulgoiano.com.br\/index.php?rest_route=\/wp\/v2\/types\/post"}],"author":[{"embeddable":true,"href":"https:\/\/correiosulgoiano.com.br\/index.php?rest_route=\/wp\/v2\/users\/1"}],"replies":[{"embeddable":true,"href":"https:\/\/correiosulgoiano.com.br\/index.php?rest_route=%2Fwp%2Fv2%2Fcomments&post=3687"}],"version-history":[{"count":2,"href":"https:\/\/correiosulgoiano.com.br\/index.php?rest_route=\/wp\/v2\/posts\/3687\/revisions"}],"predecessor-version":[{"id":3693,"href":"https:\/\/correiosulgoiano.com.br\/index.php?rest_route=\/wp\/v2\/posts\/3687\/revisions\/3693"}],"wp:featuredmedia":[{"embeddable":true,"href":"https:\/\/correiosulgoiano.com.br\/index.php?rest_route=\/wp\/v2\/media\/3688"}],"wp:attachment":[{"href":"https:\/\/correiosulgoiano.com.br\/index.php?rest_route=%2Fwp%2Fv2%2Fmedia&parent=3687"}],"wp:term":[{"taxonomy":"category","embeddable":true,"href":"https:\/\/correiosulgoiano.com.br\/index.php?rest_route=%2Fwp%2Fv2%2Fcategories&post=3687"},{"taxonomy":"post_tag","embeddable":true,"href":"https:\/\/correiosulgoiano.com.br\/index.php?rest_route=%2Fwp%2Fv2%2Ftags&post=3687"}],"curies":[{"name":"wp","href":"https:\/\/api.w.org\/{rel}","templated":true}]}}