{"id":3706,"date":"2015-10-19T08:00:48","date_gmt":"2015-10-19T10:00:48","guid":{"rendered":"https:\/\/correiosulgoiano.com.br\/?p=3706"},"modified":"2015-10-19T09:05:59","modified_gmt":"2015-10-19T11:05:59","slug":"greve-tambem-em-morrinhos-bancarios-disparam-greve-por-aumento-salarial","status":"publish","type":"post","link":"https:\/\/correiosulgoiano.com.br\/?p=3706","title":{"rendered":"FURA GREVE: Em Morrinhos funcion\u00e1rios de Bancos privados N\u00c3O aderem ao movimento"},"content":{"rendered":"<p><span style=\"font-family: Verdana, Geneva, sans-serif; font-size: 14pt; color: #000000;\">No in\u00edcio da segunda quinzena de outubro as ag\u00eancias banc\u00e1rias da rede privada, em Morrinhos receberam cartazes de ades\u00e3o \u00e0 greve dos banc\u00e1rios. Mas, na pr\u00e1tica o movimento n\u00e3o se confirmou.<\/span><\/p>\n<div id=\"attachment_3775\" style=\"width: 513px\" class=\"wp-caption alignnone\"><a href=\"https:\/\/correiosulgoiano.com.br\/wp-content\/uploads\/2015\/10\/BRA-GREVE.jpg\"><img aria-describedby=\"caption-attachment-3775\" loading=\"lazy\" class=\" wp-image-3775\" src=\"https:\/\/correiosulgoiano.com.br\/wp-content\/uploads\/2015\/10\/BRA-GREVE.jpg\" alt=\"Funcion\u00e1rios do Bradesco aderem \u00e1 greve em Morrinhos\" width=\"503\" height=\"267\" srcset=\"https:\/\/correiosulgoiano.com.br\/wp-content\/uploads\/2015\/10\/BRA-GREVE.jpg 774w, https:\/\/correiosulgoiano.com.br\/wp-content\/uploads\/2015\/10\/BRA-GREVE-300x159.jpg 300w\" sizes=\"(max-width: 503px) 100vw, 503px\" \/><\/a><p id=\"caption-attachment-3775\" class=\"wp-caption-text\">Sindicalistas colam cartazes no Bradesco mas banca n\u00e3o est\u00e1 em greve<\/p><\/div>\n<p><span style=\"font-family: Verdana, Geneva, sans-serif; font-size: 14pt; color: #000000;\">O movimento come\u00e7ou em todo o Brasil na ter\u00e7a-feira, dia 06\/10, mas, em Morrinhos apenas as ag\u00eancias da Caixa Econ\u00f4mica Federal e Banco do Brasil aderiram desde o primeiro dia.<\/span><\/p>\n<p><span style=\"font-family: Verdana, Geneva, sans-serif; font-size: 14pt; color: #000000;\">Enquanto isso, Ita\u00fa, Bradesco e Santander mant\u00e9m o funcionamento. Dias depois do in\u00edcio oficial da greve em todo o pa\u00eds, sindicalistas estiveram em Morrinhos e colaram cartazes nas portas das ag\u00eancias privadas.<\/span><\/p>\n<p><span style=\"font-family: Verdana, Geneva, sans-serif; font-size: 14pt; color: #000000;\">Mas, os funcion\u00e1rios destas institui\u00e7\u00f5es n\u00e3o aderiram ao movimento, que n\u00e3o tem previs\u00e3o de t\u00e9rmino.<\/span><\/p>\n<div id=\"attachment_3776\" style=\"width: 514px\" class=\"wp-caption alignnone\"><a href=\"https:\/\/correiosulgoiano.com.br\/wp-content\/uploads\/2015\/10\/ITAU-GREVE.jpg\"><img aria-describedby=\"caption-attachment-3776\" loading=\"lazy\" class=\" wp-image-3776\" src=\"https:\/\/correiosulgoiano.com.br\/wp-content\/uploads\/2015\/10\/ITAU-GREVE.jpg\" alt=\"Funcion\u00e1rios do Ita\u00fa aderem \u00e1 greve em Morrinhos\" width=\"504\" height=\"262\" srcset=\"https:\/\/correiosulgoiano.com.br\/wp-content\/uploads\/2015\/10\/ITAU-GREVE.jpg 742w, https:\/\/correiosulgoiano.com.br\/wp-content\/uploads\/2015\/10\/ITAU-GREVE-300x156.jpg 300w\" sizes=\"(max-width: 504px) 100vw, 504px\" \/><\/a><p id=\"caption-attachment-3776\" class=\"wp-caption-text\">Funcion\u00e1rios do Ita\u00fa, Bradesco e Santander N\u00c3O aderiram \u00e0 greve em Morrinhos<\/p><\/div>\n<p><span style=\"font-size: 14pt; font-family: Verdana, Geneva, sans-serif; color: #000000;\">Os cartazes foram colados \u00e0 noite, e no final de semana, sendo arrancados pelos funcion\u00e1rios no in\u00edcio da semana, quando o expediente foi retomado.<\/span><\/p>\n<p><span style=\"font-size: 14pt; font-family: Verdana, Geneva, sans-serif; color: #000000;\">Os banc\u00e1rios pedem reajuste salarial de 16% com piso de R$ 3.299,66. A FENABAN apresentou proposta de reajuste de 5,5%, com piso de R$ 1.321,26 a R$ 2.560,23. Mas, a\u00a0proposta foi rejeitada pela categoria nas assembleias da quinta-feira, 01\/10.<\/span><\/p>\n<div id=\"attachment_3777\" style=\"width: 513px\" class=\"wp-caption alignnone\"><a href=\"https:\/\/correiosulgoiano.com.br\/wp-content\/uploads\/2015\/10\/SANTANDER-GREVE.jpg\"><img aria-describedby=\"caption-attachment-3777\" loading=\"lazy\" class=\" wp-image-3777\" src=\"https:\/\/correiosulgoiano.com.br\/wp-content\/uploads\/2015\/10\/SANTANDER-GREVE.jpg\" alt=\"Funcion\u00e1rios do Santander aderem \u00e1 greve em Morrinhos\" width=\"503\" height=\"284\" srcset=\"https:\/\/correiosulgoiano.com.br\/wp-content\/uploads\/2015\/10\/SANTANDER-GREVE.jpg 746w, https:\/\/correiosulgoiano.com.br\/wp-content\/uploads\/2015\/10\/SANTANDER-GREVE-300x169.jpg 300w\" sizes=\"(max-width: 503px) 100vw, 503px\" \/><\/a><p id=\"caption-attachment-3777\" class=\"wp-caption-text\">Cartazes foram colados na calada da noite em pleno fim de semana<\/p><\/div>\n<p><strong><span style=\"font-family: Verdana, Geneva, sans-serif; font-size: 14pt; color: #ff0000;\">BANCOS P\u00daBLICOS EM GREVE, EM MORRINHOS<\/span><\/strong><\/p>\n<p><span style=\"font-family: 'Times New Roman', Times, serif; font-size: 14pt; color: #ff0000;\">Publicada na ter\u00e7a-feira, 06\/10, \u00e0s 13h45<\/span><\/p>\n<p><span style=\"font-family: Verdana, Geneva, sans-serif; font-size: 14pt; color: #000000;\">Tamb\u00e9m em Morrinhos as ag\u00eancias dos Bancos P\u00fablicos amanheceram a ter\u00e7a-feira, 06\/10 com v\u00e1rios cartazes informando a Greve. At\u00e9 aqui, em Morrinhos, os bancos privados funcionam sem altera\u00e7\u00e3o.<\/span><\/p>\n<p><span style=\"font-family: Verdana, Geneva, sans-serif; font-size: 14pt; color: #000000;\">Ap\u00f3s assembleias realizadas nos dias passados, os banc\u00e1rios decidiram entrar em greve por tempo indeterminado, segundo a Confedera\u00e7\u00e3o Nacional dos Trabalhadores do Ramo Financeiro, Contraf-CUT.<\/span><\/p>\n<p><span style=\"font-family: Verdana, Geneva, sans-serif; font-size: 14pt; color: #000000;\">A greve acontece tamb\u00e9m em ag\u00eancias de bancos privados, em outros munic\u00edpios, mas, em Morrinhos, ainda n\u00e3o.<\/span><\/p>\n<div id=\"attachment_3711\" style=\"width: 513px\" class=\"wp-caption alignnone\"><a href=\"https:\/\/correiosulgoiano.com.br\/wp-content\/uploads\/2015\/10\/Caixa-03.jpg\"><img aria-describedby=\"caption-attachment-3711\" loading=\"lazy\" class=\" wp-image-3711\" src=\"https:\/\/correiosulgoiano.com.br\/wp-content\/uploads\/2015\/10\/Caixa-03.jpg\" alt=\"Greve na Caixa Econ\u00f4mica Federal em Morrinhos\" width=\"503\" height=\"281\" srcset=\"https:\/\/correiosulgoiano.com.br\/wp-content\/uploads\/2015\/10\/Caixa-03.jpg 790w, https:\/\/correiosulgoiano.com.br\/wp-content\/uploads\/2015\/10\/Caixa-03-300x167.jpg 300w\" sizes=\"(max-width: 503px) 100vw, 503px\" \/><\/a><p id=\"caption-attachment-3711\" class=\"wp-caption-text\">Greve na Caixa Econ\u00f4mica Federal em Morrinhos<\/p><\/div>\n<p><span style=\"font-family: Verdana, Geneva, sans-serif; font-size: 14pt; color: #000000;\">O gerente da Caixa Econ\u00f4mica em Morrinhos, Sr. Tarc\u00edsio nos informou que todos os servi\u00e7os da ag\u00eancia est\u00e3o parados, funcionando apenas o setor de auto-atendimento. Tamb\u00e9m h\u00e1 um funcion\u00e1rio trabalhando no setor de auto-atendimento para cadastrar senhas e liberar cart\u00f5es de cr\u00e9dito e d\u00e9bito que foram solicitados com anteced\u00eancia e precisam ser retirados da ag\u00eancia.<\/span><\/p>\n<div id=\"attachment_3710\" style=\"width: 512px\" class=\"wp-caption alignnone\"><a href=\"https:\/\/correiosulgoiano.com.br\/wp-content\/uploads\/2015\/10\/Caixa-04.jpg\"><img aria-describedby=\"caption-attachment-3710\" loading=\"lazy\" class=\" wp-image-3710\" src=\"https:\/\/correiosulgoiano.com.br\/wp-content\/uploads\/2015\/10\/Caixa-04.jpg\" alt=\"Greve no Banco do Brasil em Morrinhos\" width=\"502\" height=\"273\" srcset=\"https:\/\/correiosulgoiano.com.br\/wp-content\/uploads\/2015\/10\/Caixa-04.jpg 811w, https:\/\/correiosulgoiano.com.br\/wp-content\/uploads\/2015\/10\/Caixa-04-300x163.jpg 300w\" sizes=\"(max-width: 502px) 100vw, 502px\" \/><\/a><p id=\"caption-attachment-3710\" class=\"wp-caption-text\">Greve no Banco do Brasil em Morrinhos<\/p><\/div>\n<p><span style=\"font-family: Verdana, Geneva, sans-serif; font-size: 14pt; color: #000000;\">O gerente do Banco do Brasil em Morrinhos, Sr. Felinto nos informou que tamb\u00e9m l\u00e1, todos os servi\u00e7os da ag\u00eancia est\u00e3o parados, funcionando apenas o setor de auto-atendimento.<\/span><\/p>\n<p><span style=\"font-family: Verdana, Geneva, sans-serif; font-size: 14pt; color: #000000;\">Ag\u00eancias Lot\u00e9ricas e Bancos Postais s\u00e3o alternativas aos clientes da Caixa Econ\u00f4mica Federal.<\/span><\/p>\n<p><span style=\"font-family: Verdana, Geneva, sans-serif; font-size: 14pt; color: #000000;\">Ag\u00eancias dos Correios s\u00e3o alternativas aos clientes do Banco do Brasil.<\/span><\/p>\n<div id=\"attachment_3712\" style=\"width: 388px\" class=\"wp-caption alignnone\"><a href=\"https:\/\/correiosulgoiano.com.br\/wp-content\/uploads\/2015\/10\/Caixa-02.jpg\"><img aria-describedby=\"caption-attachment-3712\" loading=\"lazy\" class=\" wp-image-3712\" src=\"https:\/\/correiosulgoiano.com.br\/wp-content\/uploads\/2015\/10\/Caixa-02.jpg\" alt=\"Agora \u00e9 Greve\" width=\"378\" height=\"255\" srcset=\"https:\/\/correiosulgoiano.com.br\/wp-content\/uploads\/2015\/10\/Caixa-02.jpg 599w, https:\/\/correiosulgoiano.com.br\/wp-content\/uploads\/2015\/10\/Caixa-02-300x202.jpg 300w, https:\/\/correiosulgoiano.com.br\/wp-content\/uploads\/2015\/10\/Caixa-02-290x195.jpg 290w\" sizes=\"(max-width: 378px) 100vw, 378px\" \/><\/a><p id=\"caption-attachment-3712\" class=\"wp-caption-text\">Agora \u00e9 Greve<\/p><\/div>\n<p><span style=\"font-family: Verdana, Geneva, sans-serif; font-size: 14pt; color: #000000;\">Segundo a Federa\u00e7\u00e3o Brasileira de Bancos &#8211; FEBRABAN &#8211; os\u00a0clientes poder\u00e3o fazer saques, transfer\u00eancias e outras opera\u00e7\u00f5es por canais alternativos de atendimento, como caixas eletr\u00f4nicos, internet banking, aplicativos no celular, os chamados mobile banking, e telefone, al\u00e9m de casas lot\u00e9ricas, ag\u00eancias dos Correios, redes de supermercados e outros estabelecimentos credenciados.<\/span><\/p>\n<p><span style=\"font-family: Verdana, Geneva, sans-serif; font-size: 14pt; color: #000000;\">Os banc\u00e1rios pedem reajuste salarial de 16% com piso de R$ 3.299,66. A FENABAN apresentou proposta de reajuste de 5,5%, com piso de R$ 1.321,26 a R$ 2.560,23. Mas, a\u00a0proposta foi rejeitada pela categoria nas assembleias da \u00faltima quinta-feira, 01\/10.\u00a0<\/span><\/p>\n<p><span style=\"font-family: Verdana, Geneva, sans-serif; font-size: 14pt; color: #000000;\">Na sexta-feira, 02\/10, o Comando Nacional enviou um oficio \u00e0 FENABAN, para oficializar a aprova\u00e7\u00e3o de greve nacional unificada pela categoria.<\/span><\/p>\n<p><a href=\"https:\/\/correiosulgoiano.com.br\/wp-content\/uploads\/2015\/10\/Mercotintas-Banner-Site-01.jpg\"><img loading=\"lazy\" class=\"alignnone wp-image-3670\" src=\"https:\/\/correiosulgoiano.com.br\/wp-content\/uploads\/2015\/10\/Mercotintas-Banner-Site-01.jpg\" alt=\"Mercotintas Banner Site - 01\" width=\"697\" height=\"87\" srcset=\"https:\/\/correiosulgoiano.com.br\/wp-content\/uploads\/2015\/10\/Mercotintas-Banner-Site-01.jpg 1172w, https:\/\/correiosulgoiano.com.br\/wp-content\/uploads\/2015\/10\/Mercotintas-Banner-Site-01-300x37.jpg 300w, https:\/\/correiosulgoiano.com.br\/wp-content\/uploads\/2015\/10\/Mercotintas-Banner-Site-01-1024x128.jpg 1024w\" sizes=\"(max-width: 697px) 100vw, 697px\" \/><\/a><\/p>\n","protected":false},"excerpt":{"rendered":"<p>No in\u00edcio da segunda quinzena de outubro as ag\u00eancias banc\u00e1rias da rede privada, em Morrinhos receberam cartazes de ades\u00e3o \u00e0 greve dos banc\u00e1rios. Mas, na pr\u00e1tica o movimento n\u00e3o se confirmou. O movimento come\u00e7ou em todo o Brasil na ter\u00e7a-feira, dia 06\/10, mas, em Morrinhos apenas as ag\u00eancias da Caixa Econ\u00f4mica Federal e Banco do &#8230;<\/p>\n","protected":false},"author":1,"featured_media":3709,"comment_status":"open","ping_status":"open","sticky":false,"template":"","format":"standard","meta":{"spay_email":"","jetpack_publicize_message":""},"categories":[1],"tags":[264,726,725],"jetpack_featured_media_url":"https:\/\/correiosulgoiano.com.br\/wp-content\/uploads\/2015\/10\/Caixa-01.jpg","jetpack_publicize_connections":[],"_links":{"self":[{"href":"https:\/\/correiosulgoiano.com.br\/index.php?rest_route=\/wp\/v2\/posts\/3706"}],"collection":[{"href":"https:\/\/correiosulgoiano.com.br\/index.php?rest_route=\/wp\/v2\/posts"}],"about":[{"href":"https:\/\/correiosulgoiano.com.br\/index.php?rest_route=\/wp\/v2\/types\/post"}],"author":[{"embeddable":true,"href":"https:\/\/correiosulgoiano.com.br\/index.php?rest_route=\/wp\/v2\/users\/1"}],"replies":[{"embeddable":true,"href":"https:\/\/correiosulgoiano.com.br\/index.php?rest_route=%2Fwp%2Fv2%2Fcomments&post=3706"}],"version-history":[{"count":11,"href":"https:\/\/correiosulgoiano.com.br\/index.php?rest_route=\/wp\/v2\/posts\/3706\/revisions"}],"predecessor-version":[{"id":3853,"href":"https:\/\/correiosulgoiano.com.br\/index.php?rest_route=\/wp\/v2\/posts\/3706\/revisions\/3853"}],"wp:featuredmedia":[{"embeddable":true,"href":"https:\/\/correiosulgoiano.com.br\/index.php?rest_route=\/wp\/v2\/media\/3709"}],"wp:attachment":[{"href":"https:\/\/correiosulgoiano.com.br\/index.php?rest_route=%2Fwp%2Fv2%2Fmedia&parent=3706"}],"wp:term":[{"taxonomy":"category","embeddable":true,"href":"https:\/\/correiosulgoiano.com.br\/index.php?rest_route=%2Fwp%2Fv2%2Fcategories&post=3706"},{"taxonomy":"post_tag","embeddable":true,"href":"https:\/\/correiosulgoiano.com.br\/index.php?rest_route=%2Fwp%2Fv2%2Ftags&post=3706"}],"curies":[{"name":"wp","href":"https:\/\/api.w.org\/{rel}","templated":true}]}}