{"id":3761,"date":"2015-10-11T11:13:03","date_gmt":"2015-10-11T14:13:03","guid":{"rendered":"https:\/\/correiosulgoiano.com.br\/?p=3761"},"modified":"2015-10-11T11:13:57","modified_gmt":"2015-10-11T14:13:57","slug":"acidente","status":"publish","type":"post","link":"https:\/\/correiosulgoiano.com.br\/?p=3761","title":{"rendered":"GO-215: Acidente provoca morte de condutor entre Pontalina e Edealina"},"content":{"rendered":"<p><span style=\"font-size: 14pt; font-family: Verdana, Geneva, sans-serif; color: #000000;\">Era pr\u00f3ximo das 20h30 de s\u00e1bado, 10\/10, quando a equipe da Pol\u00edcia Rodovi\u00e1ria Estadual, comandada pelo Sargento Laeste, foi informada de uma colis\u00e3o frontal entre um Caminh\u00e3o modelo VW 24.220 Euro 3 Worker, com placa NKC-2791, de Morrinhos-GO e um Fiat Tempra, e que causou a morte do condutor do carro de passeio.<\/span><\/p>\n<p><a href=\"https:\/\/correiosulgoiano.com.br\/wp-content\/uploads\/2015\/10\/Mercotintas-Banner-Site-01.jpg\"><img loading=\"lazy\" class=\"alignnone wp-image-3670\" src=\"https:\/\/correiosulgoiano.com.br\/wp-content\/uploads\/2015\/10\/Mercotintas-Banner-Site-01.jpg\" alt=\"Mercotintas Banner Site - 01\" width=\"713\" height=\"89\" srcset=\"https:\/\/correiosulgoiano.com.br\/wp-content\/uploads\/2015\/10\/Mercotintas-Banner-Site-01.jpg 1172w, https:\/\/correiosulgoiano.com.br\/wp-content\/uploads\/2015\/10\/Mercotintas-Banner-Site-01-300x37.jpg 300w, https:\/\/correiosulgoiano.com.br\/wp-content\/uploads\/2015\/10\/Mercotintas-Banner-Site-01-1024x128.jpg 1024w\" sizes=\"(max-width: 713px) 100vw, 713px\" \/><\/a><\/p>\n<p><span style=\"font-size: 14pt; font-family: Verdana, Geneva, sans-serif; color: #000000;\">Foi na rodovia GO-215, Km 48, trecho entre Pontalina e Edealina, ainda no munic\u00edpio pontalinense. Em decorr\u00eancia da colis\u00e3o os dois ve\u00edculos se incendiaram e ficaram completamente queimados.<\/span><\/p>\n<p><a href=\"https:\/\/correiosulgoiano.com.br\/wp-content\/uploads\/2015\/10\/TEMP-CAM-01.jpg\"><img loading=\"lazy\" class=\"alignnone wp-image-3763\" src=\"https:\/\/correiosulgoiano.com.br\/wp-content\/uploads\/2015\/10\/TEMP-CAM-01.jpg\" alt=\"TEMP CAM - 01\" width=\"553\" height=\"377\" srcset=\"https:\/\/correiosulgoiano.com.br\/wp-content\/uploads\/2015\/10\/TEMP-CAM-01.jpg 792w, https:\/\/correiosulgoiano.com.br\/wp-content\/uploads\/2015\/10\/TEMP-CAM-01-300x205.jpg 300w\" sizes=\"(max-width: 553px) 100vw, 553px\" \/><\/a><\/p>\n<p><span style=\"font-size: 14pt; font-family: Verdana, Geneva, sans-serif; color: #000000;\">Apenas o tanque na carroceria do caminh\u00e3o ficou preservado. Trata-se de um tanque de transporte de leite, ligado a uma empresa que presta servi\u00e7os para a Cooperativa Mista dos Produtores de Leite de Morrinhos &#8211; COMPLEM.<\/span><\/p>\n<p><a href=\"https:\/\/correiosulgoiano.com.br\/wp-content\/uploads\/2015\/10\/TEMP-CAM-03.jpg\"><img loading=\"lazy\" class=\"alignnone wp-image-3765\" src=\"https:\/\/correiosulgoiano.com.br\/wp-content\/uploads\/2015\/10\/TEMP-CAM-03.jpg\" alt=\"TEMP CAM - 03\" width=\"398\" height=\"186\" srcset=\"https:\/\/correiosulgoiano.com.br\/wp-content\/uploads\/2015\/10\/TEMP-CAM-03.jpg 451w, https:\/\/correiosulgoiano.com.br\/wp-content\/uploads\/2015\/10\/TEMP-CAM-03-300x140.jpg 300w\" sizes=\"(max-width: 398px) 100vw, 398px\" \/><\/a><\/p>\n<p><span style=\"font-size: 14pt; font-family: Verdana, Geneva, sans-serif; color: #000000;\">De acordo com as primeiras informa\u00e7\u00f5es colhidas pelos policiais rodovi\u00e1rios, o caminh\u00e3o trafegava no sentido Pontalina para Edealina, enquanto o carro de passeio trafegava em sentido contr\u00e1rio, quando no Km 48 houve a colis\u00e3o frontal.\u00a0Os motivos da colis\u00e3o ainda n\u00e3o foram apurados.<\/span><\/p>\n<p><a href=\"https:\/\/correiosulgoiano.com.br\/wp-content\/uploads\/2015\/10\/DU-CHEFF-SITE-01.jpg\"><img loading=\"lazy\" class=\"alignnone wp-image-3759\" src=\"https:\/\/correiosulgoiano.com.br\/wp-content\/uploads\/2015\/10\/DU-CHEFF-SITE-01.jpg\" alt=\"DU CHEFF SITE - 01\" width=\"557\" height=\"172\" srcset=\"https:\/\/correiosulgoiano.com.br\/wp-content\/uploads\/2015\/10\/DU-CHEFF-SITE-01.jpg 1151w, https:\/\/correiosulgoiano.com.br\/wp-content\/uploads\/2015\/10\/DU-CHEFF-SITE-01-300x93.jpg 300w, https:\/\/correiosulgoiano.com.br\/wp-content\/uploads\/2015\/10\/DU-CHEFF-SITE-01-1024x317.jpg 1024w\" sizes=\"(max-width: 557px) 100vw, 557px\" \/><\/a><\/p>\n<p><span style=\"font-size: 14pt; font-family: Verdana, Geneva, sans-serif; color: #000000;\">Devido a viol\u00eancia da colis\u00e3o o motorista do Fiat Tempra foi arremessado para fora do carro e morreu. Ele \u00e9 Elnon Batista Pereira Lima, de 34 anos. Ele viajava sozinho no Fiat Tempra.<\/span><\/p>\n<p><a href=\"https:\/\/correiosulgoiano.com.br\/wp-content\/uploads\/2015\/10\/TEMP-CAM-02.jpg\"><img loading=\"lazy\" class=\"alignnone wp-image-3764\" src=\"https:\/\/correiosulgoiano.com.br\/wp-content\/uploads\/2015\/10\/TEMP-CAM-02.jpg\" alt=\"TEMP CAM - 02\" width=\"400\" height=\"262\" srcset=\"https:\/\/correiosulgoiano.com.br\/wp-content\/uploads\/2015\/10\/TEMP-CAM-02.jpg 657w, https:\/\/correiosulgoiano.com.br\/wp-content\/uploads\/2015\/10\/TEMP-CAM-02-300x196.jpg 300w\" sizes=\"(max-width: 400px) 100vw, 400px\" \/><\/a><\/p>\n<p><span style=\"font-size: 14pt; font-family: Verdana, Geneva, sans-serif; color: #000000;\">O condutor do caminh\u00e3o\u00a0VW 24.220 Euro 3 Worker \u00e9 Elen\u00eas Ferreira da Silva, tamb\u00e9m de 34 anos. Ele se feriu, aparentemente sem gravidade e n\u00e3o corre risco de morte.<\/span><\/p>\n<p><span style=\"font-size: 14pt; font-family: Verdana, Geneva, sans-serif; color: #000000;\">Nossa reportagem segue apurando mais informa\u00e7\u00f5es sobre o acidente.<\/span><\/p>\n<p><a href=\"https:\/\/correiosulgoiano.com.br\/wp-content\/uploads\/2015\/07\/Celeiro-Site-Novo-01.jpg\"><img loading=\"lazy\" class=\"alignnone wp-image-2606\" src=\"https:\/\/correiosulgoiano.com.br\/wp-content\/uploads\/2015\/07\/Celeiro-Site-Novo-01.jpg\" alt=\"Celeiro Site Novo - 01\" width=\"399\" height=\"135\" srcset=\"https:\/\/correiosulgoiano.com.br\/wp-content\/uploads\/2015\/07\/Celeiro-Site-Novo-01.jpg 792w, https:\/\/correiosulgoiano.com.br\/wp-content\/uploads\/2015\/07\/Celeiro-Site-Novo-01-300x102.jpg 300w\" sizes=\"(max-width: 399px) 100vw, 399px\" \/><\/a><\/p>\n","protected":false},"excerpt":{"rendered":"<p>Era pr\u00f3ximo das 20h30 de s\u00e1bado, 10\/10, quando a equipe da Pol\u00edcia Rodovi\u00e1ria Estadual, comandada pelo Sargento Laeste, foi informada de uma colis\u00e3o frontal entre um Caminh\u00e3o modelo VW 24.220 Euro 3 Worker, com placa NKC-2791, de Morrinhos-GO e um Fiat Tempra, e que causou a morte do condutor do carro de passeio. Foi na &#8230;<\/p>\n","protected":false},"author":1,"featured_media":3762,"comment_status":"open","ping_status":"open","sticky":false,"template":"","format":"standard","meta":{"spay_email":"","jetpack_publicize_message":""},"categories":[44,53],"tags":[691,734],"jetpack_featured_media_url":"https:\/\/correiosulgoiano.com.br\/wp-content\/uploads\/2015\/10\/TEMP-CAM-04.jpg","jetpack_publicize_connections":[],"_links":{"self":[{"href":"https:\/\/correiosulgoiano.com.br\/index.php?rest_route=\/wp\/v2\/posts\/3761"}],"collection":[{"href":"https:\/\/correiosulgoiano.com.br\/index.php?rest_route=\/wp\/v2\/posts"}],"about":[{"href":"https:\/\/correiosulgoiano.com.br\/index.php?rest_route=\/wp\/v2\/types\/post"}],"author":[{"embeddable":true,"href":"https:\/\/correiosulgoiano.com.br\/index.php?rest_route=\/wp\/v2\/users\/1"}],"replies":[{"embeddable":true,"href":"https:\/\/correiosulgoiano.com.br\/index.php?rest_route=%2Fwp%2Fv2%2Fcomments&post=3761"}],"version-history":[{"count":2,"href":"https:\/\/correiosulgoiano.com.br\/index.php?rest_route=\/wp\/v2\/posts\/3761\/revisions"}],"predecessor-version":[{"id":3767,"href":"https:\/\/correiosulgoiano.com.br\/index.php?rest_route=\/wp\/v2\/posts\/3761\/revisions\/3767"}],"wp:featuredmedia":[{"embeddable":true,"href":"https:\/\/correiosulgoiano.com.br\/index.php?rest_route=\/wp\/v2\/media\/3762"}],"wp:attachment":[{"href":"https:\/\/correiosulgoiano.com.br\/index.php?rest_route=%2Fwp%2Fv2%2Fmedia&parent=3761"}],"wp:term":[{"taxonomy":"category","embeddable":true,"href":"https:\/\/correiosulgoiano.com.br\/index.php?rest_route=%2Fwp%2Fv2%2Fcategories&post=3761"},{"taxonomy":"post_tag","embeddable":true,"href":"https:\/\/correiosulgoiano.com.br\/index.php?rest_route=%2Fwp%2Fv2%2Ftags&post=3761"}],"curies":[{"name":"wp","href":"https:\/\/api.w.org\/{rel}","templated":true}]}}