{"id":3947,"date":"2015-10-28T01:03:41","date_gmt":"2015-10-28T03:03:41","guid":{"rendered":"https:\/\/correiosulgoiano.com.br\/?p=3947"},"modified":"2015-10-28T01:16:37","modified_gmt":"2015-10-28T03:16:37","slug":"morte","status":"publish","type":"post","link":"https:\/\/correiosulgoiano.com.br\/?p=3947","title":{"rendered":"Jovem morre e familiares desconfiam de suic\u00eddio. Seria o 2\u00ba em Morrinhos em apenas 15 dias"},"content":{"rendered":"<p><span style=\"font-size: 14pt; font-family: Verdana, Geneva, sans-serif; color: #000000;\">At\u00e9 o final da tarde de ter\u00e7a-feira, 27\/10, n\u00e3o havia informa\u00e7\u00e3o oficial por parte de nenhuma autoridade policial em Morrinhos que pudesse confirmar ou descartar a possibilidade de suic\u00eddio de uma jovem mulher, em Morrinhos.<\/span><\/p>\n<p><a href=\"https:\/\/correiosulgoiano.com.br\/wp-content\/uploads\/2015\/10\/7.jpg\"><img loading=\"lazy\" class=\"alignnone wp-image-3921\" src=\"https:\/\/correiosulgoiano.com.br\/wp-content\/uploads\/2015\/10\/7.jpg\" alt=\"7\" width=\"602\" height=\"202\" srcset=\"https:\/\/correiosulgoiano.com.br\/wp-content\/uploads\/2015\/10\/7.jpg 846w, https:\/\/correiosulgoiano.com.br\/wp-content\/uploads\/2015\/10\/7-300x101.jpg 300w\" sizes=\"(max-width: 602px) 100vw, 602px\" \/><\/a><\/p>\n<p><span style=\"font-size: 14pt; font-family: Verdana, Geneva, sans-serif; color: #000000;\">No fim da tarde de ter\u00e7a-feira, nosso redator falou com o operador do COPOM da 10\u00aa CIPM e tamb\u00e9m com o delegado de Pol\u00edcia Civil, e n\u00e3o havia nenhum registro sobre o caso.<\/span><\/p>\n<p><a href=\"https:\/\/correiosulgoiano.com.br\/wp-content\/uploads\/2015\/10\/Celeiro-Site-Novo-01.jpg\"><img loading=\"lazy\" class=\"alignnone wp-image-3834\" src=\"https:\/\/correiosulgoiano.com.br\/wp-content\/uploads\/2015\/10\/Celeiro-Site-Novo-01.jpg\" alt=\"Celeiro Site Novo - 01\" width=\"375\" height=\"127\" srcset=\"https:\/\/correiosulgoiano.com.br\/wp-content\/uploads\/2015\/10\/Celeiro-Site-Novo-01.jpg 792w, https:\/\/correiosulgoiano.com.br\/wp-content\/uploads\/2015\/10\/Celeiro-Site-Novo-01-300x102.jpg 300w\" sizes=\"(max-width: 375px) 100vw, 375px\" \/><\/a><\/p>\n<p><span style=\"font-size: 14pt; font-family: Verdana, Geneva, sans-serif; color: #000000;\">Trata-se da morte de Mariele Silva, uma jovem mulher, que completaria 28 anos na pr\u00f3xima quarta-feira, 04\/11, mas que faleceu na manh\u00e3 desta ter\u00e7a-feira, 27\/10, em um Hospital de Itumbiara, para onde foi transferida no dia anterior, em estado grave ap\u00f3s ter sido atendida no Hospital Municipal de Morrinhos.<\/span><\/p>\n<div id=\"attachment_3949\" style=\"width: 300px\" class=\"wp-caption alignnone\"><a href=\"https:\/\/correiosulgoiano.com.br\/wp-content\/uploads\/2015\/10\/Mariele-Silva-2.jpg\"><img aria-describedby=\"caption-attachment-3949\" loading=\"lazy\" class=\" wp-image-3949\" src=\"https:\/\/correiosulgoiano.com.br\/wp-content\/uploads\/2015\/10\/Mariele-Silva-2.jpg\" alt=\"Meriele Silva - Foto Facebook\" width=\"290\" height=\"350\" srcset=\"https:\/\/correiosulgoiano.com.br\/wp-content\/uploads\/2015\/10\/Mariele-Silva-2.jpg 467w, https:\/\/correiosulgoiano.com.br\/wp-content\/uploads\/2015\/10\/Mariele-Silva-2-248x300.jpg 248w\" sizes=\"(max-width: 290px) 100vw, 290px\" \/><\/a><p id=\"caption-attachment-3949\" class=\"wp-caption-text\">Meriele Silva &#8211; Foto Facebook<\/p><\/div>\n<p><span style=\"font-size: 14pt; font-family: Verdana, Geneva, sans-serif; color: #000000;\">Nas redes sociais amigos, colegas de trabalho e conhecidos de Mariele lamentam sua morte e fazem refer\u00eancias a um poss\u00edvel suic\u00eddio.<\/span><\/p>\n<p><span style=\"font-size: 14pt; font-family: Verdana, Geneva, sans-serif; color: #000000;\">Nossa reportagem recebeu informa\u00e7\u00f5es de que na inten\u00e7\u00e3o de atentar contra a pr\u00f3pria vida, ela teria ingerido grande quantidade de Creolina, por\u00e9m, n\u00e3o conseguimos oficializar esta informa\u00e7\u00e3o. Tamb\u00e9m n\u00e3o conseguimos falar com familiares da jovem.<\/span><\/p>\n<p><a href=\"https:\/\/correiosulgoiano.com.br\/wp-content\/uploads\/2015\/10\/16.jpg\"><img loading=\"lazy\" class=\"alignnone wp-image-3951\" src=\"https:\/\/correiosulgoiano.com.br\/wp-content\/uploads\/2015\/10\/16.jpg\" alt=\"16\" width=\"601\" height=\"201\" srcset=\"https:\/\/correiosulgoiano.com.br\/wp-content\/uploads\/2015\/10\/16.jpg 723w, https:\/\/correiosulgoiano.com.br\/wp-content\/uploads\/2015\/10\/16-300x100.jpg 300w\" sizes=\"(max-width: 601px) 100vw, 601px\" \/><\/a><\/p>\n<p><span style=\"font-size: 14pt; font-family: Verdana, Geneva, sans-serif; color: #000000;\">Alguns amigos nos disseram que Meriele teria ingerido o produto e passado mal entre a noite de domingo, 25\/10 e a madrugada de segunda-feira, 26\/10.<\/span><\/p>\n<p><span style=\"font-size: 14pt; font-family: Verdana, Geneva, sans-serif; color: #000000;\">Ela teria sido levada ao Hospital Municipal de Morrinhos onde foi estabilizada e em estado grave transferida para Unidade de Terapia Intensiva de um Hospital de Itumbiara.<\/span><\/p>\n<p><span style=\"font-size: 14pt; font-family: Verdana, Geneva, sans-serif; color: #000000;\">Infelizmente, Meriele n\u00e3o resistiu e faleceu na ter\u00e7a-feira, deixando um filho de 8 anos de idade.<\/span><\/p>\n<p><a href=\"https:\/\/correiosulgoiano.com.br\/wp-content\/uploads\/2015\/10\/5.jpg\"><img loading=\"lazy\" class=\"alignnone wp-image-3889\" src=\"https:\/\/correiosulgoiano.com.br\/wp-content\/uploads\/2015\/10\/5.jpg\" alt=\"5\" width=\"601\" height=\"201\" srcset=\"https:\/\/correiosulgoiano.com.br\/wp-content\/uploads\/2015\/10\/5.jpg 790w, https:\/\/correiosulgoiano.com.br\/wp-content\/uploads\/2015\/10\/5-300x100.jpg 300w\" sizes=\"(max-width: 601px) 100vw, 601px\" \/><\/a><\/p>\n<p><span style=\"font-size: 14pt; font-family: Verdana, Geneva, sans-serif; color: #000000;\">O vel\u00f3rio teve in\u00edcio na tarde de ter\u00e7a-feira e o sepultamento foi marcado para a quarta-feira, 28\/10, \u00e0s 10h00 no Cemit\u00e9rio S\u00e3o Francisco de Assis.<\/span><\/p>\n<p><a href=\"https:\/\/correiosulgoiano.com.br\/wp-content\/uploads\/2015\/10\/Mercotintas-Banner-Site-01.jpg\"><img loading=\"lazy\" class=\"alignnone wp-image-3670\" src=\"https:\/\/correiosulgoiano.com.br\/wp-content\/uploads\/2015\/10\/Mercotintas-Banner-Site-01.jpg\" alt=\"Mercotintas Banner Site - 01\" width=\"688\" height=\"86\" srcset=\"https:\/\/correiosulgoiano.com.br\/wp-content\/uploads\/2015\/10\/Mercotintas-Banner-Site-01.jpg 1172w, https:\/\/correiosulgoiano.com.br\/wp-content\/uploads\/2015\/10\/Mercotintas-Banner-Site-01-300x37.jpg 300w, https:\/\/correiosulgoiano.com.br\/wp-content\/uploads\/2015\/10\/Mercotintas-Banner-Site-01-1024x128.jpg 1024w\" sizes=\"(max-width: 688px) 100vw, 688px\" \/><\/a><\/p>\n<p><span style=\"color: #ff0000;\"><strong><span style=\"font-size: 14pt; font-family: Verdana, Geneva, sans-serif;\">CREOLINA<\/span><\/strong><\/span><\/p>\n<p><span style=\"font-size: 14pt; font-family: Verdana, Geneva, sans-serif; color: #000000;\">A Creolina \u00e9 um l\u00edquido desinfetante, composto de \u00f3leo de alcatr\u00e3o mineral ou creosoto ao qual se acrescentam sab\u00e3o de resina, fenol e outras subst\u00e2ncias de propriedades antiss\u00e9pticas e germicidas.<\/span><\/p>\n<p><span style=\"font-size: 14pt; font-family: Verdana, Geneva, sans-serif; color: #000000;\">Se ingerida em maior quantidade a Creolina pode causar les\u00f5es grav\u00edssimas no est\u00f4mago, nos rins, no f\u00edgado, nos pulm\u00f5es, al\u00e9m de v\u00f4mito, diarreia com sangue e at\u00e9 mesmo convuls\u00f5es.<\/span><\/p>\n<p><span style=\"font-size: 14pt; font-family: Verdana, Geneva, sans-serif; color: #000000;\">Se for derramado na pele o produto pode causar queimaduras externas por ser bastante irritativo. (Da reda\u00e7\u00e3o, por Leonardo Costa)<\/span><\/p>\n<p><span style=\"font-size: 14pt; font-family: Verdana, Geneva, sans-serif; color: #000000;\">Abaixo clique em Like e compartilhe esta not\u00edcia.<\/span><\/p>\n","protected":false},"excerpt":{"rendered":"<p>At\u00e9 o final da tarde de ter\u00e7a-feira, 27\/10, n\u00e3o havia informa\u00e7\u00e3o oficial por parte de nenhuma autoridade policial em Morrinhos que pudesse confirmar ou descartar a possibilidade de suic\u00eddio de uma jovem mulher, em Morrinhos. No fim da tarde de ter\u00e7a-feira, nosso redator falou com o operador do COPOM da 10\u00aa CIPM e tamb\u00e9m com &#8230;<\/p>\n","protected":false},"author":1,"featured_media":3948,"comment_status":"open","ping_status":"open","sticky":false,"template":"","format":"standard","meta":{"spay_email":"","jetpack_publicize_message":""},"categories":[1],"tags":[65,67,483],"jetpack_featured_media_url":"https:\/\/correiosulgoiano.com.br\/wp-content\/uploads\/2015\/10\/flor.jpg","jetpack_publicize_connections":[],"_links":{"self":[{"href":"https:\/\/correiosulgoiano.com.br\/index.php?rest_route=\/wp\/v2\/posts\/3947"}],"collection":[{"href":"https:\/\/correiosulgoiano.com.br\/index.php?rest_route=\/wp\/v2\/posts"}],"about":[{"href":"https:\/\/correiosulgoiano.com.br\/index.php?rest_route=\/wp\/v2\/types\/post"}],"author":[{"embeddable":true,"href":"https:\/\/correiosulgoiano.com.br\/index.php?rest_route=\/wp\/v2\/users\/1"}],"replies":[{"embeddable":true,"href":"https:\/\/correiosulgoiano.com.br\/index.php?rest_route=%2Fwp%2Fv2%2Fcomments&post=3947"}],"version-history":[{"count":7,"href":"https:\/\/correiosulgoiano.com.br\/index.php?rest_route=\/wp\/v2\/posts\/3947\/revisions"}],"predecessor-version":[{"id":3958,"href":"https:\/\/correiosulgoiano.com.br\/index.php?rest_route=\/wp\/v2\/posts\/3947\/revisions\/3958"}],"wp:featuredmedia":[{"embeddable":true,"href":"https:\/\/correiosulgoiano.com.br\/index.php?rest_route=\/wp\/v2\/media\/3948"}],"wp:attachment":[{"href":"https:\/\/correiosulgoiano.com.br\/index.php?rest_route=%2Fwp%2Fv2%2Fmedia&parent=3947"}],"wp:term":[{"taxonomy":"category","embeddable":true,"href":"https:\/\/correiosulgoiano.com.br\/index.php?rest_route=%2Fwp%2Fv2%2Fcategories&post=3947"},{"taxonomy":"post_tag","embeddable":true,"href":"https:\/\/correiosulgoiano.com.br\/index.php?rest_route=%2Fwp%2Fv2%2Ftags&post=3947"}],"curies":[{"name":"wp","href":"https:\/\/api.w.org\/{rel}","templated":true}]}}