{"id":3974,"date":"2015-10-31T03:29:29","date_gmt":"2015-10-31T05:29:29","guid":{"rendered":"https:\/\/correiosulgoiano.com.br\/?p=3974"},"modified":"2015-10-31T05:04:28","modified_gmt":"2015-10-31T07:04:28","slug":"fuga-2","status":"publish","type":"post","link":"https:\/\/correiosulgoiano.com.br\/?p=3974","title":{"rendered":"De novo! Mais uma fuga no pres\u00eddio de Sarandi em Itumbiara! Veja o v\u00eddeo"},"content":{"rendered":"<p><span style=\"font-size: 14pt; font-family: Verdana, Geneva, sans-serif; color: #000000;\">A tarde de sexta-feira, 30\/10, foi de muita tens\u00e3o em Itumbiara. Mais uma fuga foi registrada no pres\u00eddio de Sarandi.<\/span><\/p>\n<p><span style=\"font-size: 14pt; font-family: Verdana, Geneva, sans-serif; color: #000000;\">Nossa reda\u00e7\u00e3o j\u00e1 perdeu a conta de quantas fugas aconteceram nas cadeias e pres\u00eddios de Goi\u00e1s neste ano, e especialmente no referido pres\u00eddio de Sarandi.<\/span><\/p>\n<p><a href=\"https:\/\/correiosulgoiano.com.br\/wp-content\/uploads\/2015\/10\/3.jpg\"><img loading=\"lazy\" class=\"alignnone wp-image-3922\" src=\"https:\/\/correiosulgoiano.com.br\/wp-content\/uploads\/2015\/10\/3.jpg\" alt=\"3\" width=\"641\" height=\"215\" srcset=\"https:\/\/correiosulgoiano.com.br\/wp-content\/uploads\/2015\/10\/3.jpg 790w, https:\/\/correiosulgoiano.com.br\/wp-content\/uploads\/2015\/10\/3-300x101.jpg 300w\" sizes=\"(max-width: 641px) 100vw, 641px\" \/><\/a><\/p>\n<p><span style=\"font-size: 14pt; font-family: Verdana, Geneva, sans-serif; color: #000000;\">\u00c9 um absurdo o que acontece com o sistema carcer\u00e1rio em Goi\u00e1s, que reflete o que acontece em todo o pa\u00eds.<\/span><\/p>\n<p><span style=\"font-size: 14pt; font-family: Verdana, Geneva, sans-serif; color: #000000;\">\u00c9 mesmo um sistema que beira \u00e0 fal\u00eancia, pois n\u00e3o recupera, n\u00e3o respeita os detentos e as cadeias acabam se transformando em verdadeiras \u201cUniversidades do Crime\u201d, quase que \u201cp\u00f3s-graduando\u201d para a bandidagem, os que deveriam ser recuperados.<\/span><\/p>\n<p><a href=\"https:\/\/correiosulgoiano.com.br\/wp-content\/uploads\/2015\/10\/16.jpg\"><img loading=\"lazy\" class=\"alignnone wp-image-3951\" src=\"https:\/\/correiosulgoiano.com.br\/wp-content\/uploads\/2015\/10\/16.jpg\" alt=\"16\" width=\"648\" height=\"217\" srcset=\"https:\/\/correiosulgoiano.com.br\/wp-content\/uploads\/2015\/10\/16.jpg 723w, https:\/\/correiosulgoiano.com.br\/wp-content\/uploads\/2015\/10\/16-300x100.jpg 300w\" sizes=\"(max-width: 648px) 100vw, 648px\" \/><\/a><\/p>\n<p><span style=\"color: #ff0000;\"><strong><span style=\"font-size: 14pt; font-family: Verdana, Geneva, sans-serif;\">FUGA EM ITUMBIARA &#8211; DE NOVO!<\/span><\/strong><\/span><\/p>\n<p><span style=\"font-size: 14pt; font-family: Verdana, Geneva, sans-serif; color: #000000;\">Bem no in\u00edcio da tarde de sexta-feira, dia 30 de outubro, detentos do pres\u00eddio de Itumbiara deram in\u00edcio a mais uma rebeli\u00e3o no local.<\/span><\/p>\n<p><span style=\"font-size: 14pt; font-family: Verdana, Geneva, sans-serif; color: #000000;\">As primeiras informa\u00e7\u00f5es que chegaram \u00e0 nossa reda\u00e7\u00e3o ainda s\u00e3o imprecisas e d\u00e3o conta de que numa ala que abriga mais de 200 presos, alguns estavam armados com rev\u00f3lveres e pistolas, e renderam um agente, dando in\u00edcio \u00e0 fuga.<\/span><\/p>\n<p><span style=\"font-size: 14pt; font-family: Verdana, Geneva, sans-serif; color: #000000;\">At\u00e9 a publica\u00e7\u00e3o desta mat\u00e9ria a dire\u00e7\u00e3o do pres\u00eddio e a Superintend\u00eancia Executiva de Administra\u00e7\u00e3o Penitenci\u00e1ria \u2013 SEAP n\u00e3o haviam divulgado o n\u00famero de foragidos, mas fomos informados de que ao menos 15 conseguiram escapar \u2013 n\u00famero que precisa ser confirmado.<\/span><\/p>\n<p><a href=\"https:\/\/correiosulgoiano.com.br\/wp-content\/uploads\/2015\/10\/5.jpg\"><img loading=\"lazy\" class=\"alignnone wp-image-3889\" src=\"https:\/\/correiosulgoiano.com.br\/wp-content\/uploads\/2015\/10\/5.jpg\" alt=\"5\" width=\"649\" height=\"217\" srcset=\"https:\/\/correiosulgoiano.com.br\/wp-content\/uploads\/2015\/10\/5.jpg 790w, https:\/\/correiosulgoiano.com.br\/wp-content\/uploads\/2015\/10\/5-300x100.jpg 300w\" sizes=\"(max-width: 649px) 100vw, 649px\" \/><\/a><\/p>\n<p><span style=\"font-family: Verdana, Geneva, sans-serif; color: #ff0000;\"><strong><span style=\"font-size: 14pt;\">TIROS NO PRES\u00cdDIO DURANTE FUGA<\/span><\/strong><\/span><\/p>\n<p><span style=\"font-size: 14pt; font-family: Verdana, Geneva, sans-serif; color: #000000;\">Tamb\u00e9m apuramos que houve disparos de arma de fogo dentro do pres\u00eddio para cobertura dos que iniciaram a fuga, com os agentes revidando.<\/span><\/p>\n<p><span style=\"font-size: 14pt; font-family: Verdana, Geneva, sans-serif; color: #000000;\">Abaixo, veja v\u00eddeo enviado por leitor de nosso site, via WhatsApp. Policiais e Bombeiros trabalhando para conter o fogo e controlar a rebeli\u00e3o dentro do pres\u00eddio.\u00a0<\/span><\/p>\n<div style=\"width: 100%;\" class=\"wp-video\"><video class=\"wp-video-shortcode\" id=\"video-3974-1\" width=\"618\" height=\"464\" preload=\"metadata\" controls=\"controls\"><source type=\"video\/mp4\" src=\"https:\/\/correiosulgoiano.com.br\/wp-content\/uploads\/2015\/10\/Sarandi-3.mp4?_=1\" \/><\/video><\/div>\n<p><span style=\"color: #ff0000;\"><strong><span style=\"font-size: 14pt; font-family: Verdana, Geneva, sans-serif;\">FOR\u00c7A TAREFA EM A\u00c7\u00c3O<\/span><\/strong><\/span><\/p>\n<p><span style=\"font-size: 14pt; font-family: Verdana, Geneva, sans-serif; color: #000000;\">Assim que as autoridades foram informadas os grupos especiais foram acionados: Grupo de Patrulhamento T\u00e1tico \u2013 GPT; Grupo de Radio Patrulha A\u00e9rea \u2013 GRAER; Grupo de Opera\u00e7\u00f5es Regional, do Sistema Prisional do Estado de\u00a0Goi\u00e1s \u2013 GORE; Grupo de Opera\u00e7\u00f5es Penitenci\u00e1rias \u2013 GOPE; Pol\u00edcia Militar e Pol\u00edcia Civil.<\/span><\/p>\n<p><span style=\"font-size: 14pt; font-family: Verdana, Geneva, sans-serif; color: #000000;\">Os presos destru\u00edram quase que por completo a ala onde teve in\u00edcio a rebeli\u00e3o.<\/span><\/p>\n<p><span style=\"font-size: 14pt; font-family: Verdana, Geneva, sans-serif; color: #000000;\">Eles colocaram fogo em colch\u00f5es e cobraram uma alimenta\u00e7\u00e3o melhor.<\/span><\/p>\n<p><a href=\"https:\/\/correiosulgoiano.com.br\/wp-content\/uploads\/2015\/10\/Celeiro-Site-Novo-01.jpg\"><img loading=\"lazy\" class=\"alignnone wp-image-3834\" src=\"https:\/\/correiosulgoiano.com.br\/wp-content\/uploads\/2015\/10\/Celeiro-Site-Novo-01.jpg\" alt=\"Celeiro Site Novo - 01\" width=\"464\" height=\"157\" srcset=\"https:\/\/correiosulgoiano.com.br\/wp-content\/uploads\/2015\/10\/Celeiro-Site-Novo-01.jpg 792w, https:\/\/correiosulgoiano.com.br\/wp-content\/uploads\/2015\/10\/Celeiro-Site-Novo-01-300x102.jpg 300w\" sizes=\"(max-width: 464px) 100vw, 464px\" \/><\/a><\/p>\n<p><span style=\"color: #ff0000;\"><strong><span style=\"font-size: 14pt; font-family: Verdana, Geneva, sans-serif;\">SMARTPHONES NO PRES\u00cdDIO???<\/span><\/strong><\/span><\/p>\n<p><span style=\"font-size: 14pt; font-family: Verdana, Geneva, sans-serif; color: #000000;\">Os detentos trocaram mensagens via aplicativo WhatsApp e quando perceberam a chegada das pol\u00edcias pediram a presen\u00e7a da imprensa e dos Direitos Humanos.<\/span><\/p>\n<p><span style=\"font-size: 14pt; font-family: Verdana, Geneva, sans-serif; color: #000000;\">Do lado de fora, parentes dos presos complicaram ainda mais a situa\u00e7\u00e3o. Alguns invadiram uma \u00e1rea interditada e como se fossem v\u00e2ndalos atiraram pedras contra os policiais, precisando ser contidos pela for\u00e7a policial que a situa\u00e7\u00e3o requereu.<\/span><\/p>\n<p><a href=\"https:\/\/correiosulgoiano.com.br\/wp-content\/uploads\/2015\/10\/Mercotintas-Banner-Site-01.jpg\"><img loading=\"lazy\" class=\"alignnone wp-image-3670\" src=\"https:\/\/correiosulgoiano.com.br\/wp-content\/uploads\/2015\/10\/Mercotintas-Banner-Site-01.jpg\" alt=\"Mercotintas Banner Site - 01\" width=\"649\" height=\"81\" srcset=\"https:\/\/correiosulgoiano.com.br\/wp-content\/uploads\/2015\/10\/Mercotintas-Banner-Site-01.jpg 1172w, https:\/\/correiosulgoiano.com.br\/wp-content\/uploads\/2015\/10\/Mercotintas-Banner-Site-01-300x37.jpg 300w, https:\/\/correiosulgoiano.com.br\/wp-content\/uploads\/2015\/10\/Mercotintas-Banner-Site-01-1024x128.jpg 1024w\" sizes=\"(max-width: 649px) 100vw, 649px\" \/><\/a><\/p>\n<p><span style=\"color: #ff0000;\"><strong><span style=\"font-size: 14pt; font-family: Verdana, Geneva, sans-serif;\">DETENTOS DESTROEM ALA DO PRES\u00cdDIO<\/span><\/strong><\/span><\/p>\n<p><span style=\"font-size: 14pt; font-family: Verdana, Geneva, sans-serif; color: #000000;\">Os presos destru\u00edram toda a ala onde teve in\u00edcio a rebeli\u00e3o. Apenas \u00e0 noite a situa\u00e7\u00e3o parecia mesmo ter sido controlada.<\/span><\/p>\n<p><span style=\"font-size: 14pt; font-family: Verdana, Geneva, sans-serif; color: #000000;\">Quase 10 horas ap\u00f3s o in\u00edcio do motim, pouco depois das 21h00, os detentos foram deslocados para o p\u00e1tio para que fosse feita a contagem deles e o remanejamento para outras celas.<\/span><\/p>\n<p><a href=\"https:\/\/correiosulgoiano.com.br\/wp-content\/uploads\/2015\/10\/7.jpg\"><img loading=\"lazy\" class=\"alignnone wp-image-3921\" src=\"https:\/\/correiosulgoiano.com.br\/wp-content\/uploads\/2015\/10\/7.jpg\" alt=\"7\" width=\"650\" height=\"218\" srcset=\"https:\/\/correiosulgoiano.com.br\/wp-content\/uploads\/2015\/10\/7.jpg 846w, https:\/\/correiosulgoiano.com.br\/wp-content\/uploads\/2015\/10\/7-300x101.jpg 300w\" sizes=\"(max-width: 650px) 100vw, 650px\" \/><\/a><\/p>\n<p><span style=\"color: #ff0000;\"><strong><span style=\"font-size: 14pt; font-family: Verdana, Geneva, sans-serif;\">MORRINHOS PODE RECEBER PRESOS TRANSFERIDOS<\/span><\/strong><\/span><\/p>\n<p><span style=\"font-size: 14pt; font-family: Verdana, Geneva, sans-serif; color: #000000;\">V\u00e1rios detentos ser\u00e3o e ou foram transferidos de forma provis\u00f3ria para pres\u00eddios da regi\u00e3o, entre eles Goiatuba, Morrinhos, Caldas Novas e Catal\u00e3o.<\/span><\/p>\n<p><span style=\"font-size: 14pt; font-family: Verdana, Geneva, sans-serif; color: #000000;\">Nossa reportagem apurou que 15 foram encaminhados para Goiatuba, mas, ainda n\u00e3o conseguimos confirmar o n\u00famero de detentos que foram trazidos de Itumbiara para Morrinhos. Temos a informa\u00e7\u00e3o de que viriam 10, mas, n\u00e3o conseguimos confirmar.<\/span><\/p>\n<p><a href=\"https:\/\/correiosulgoiano.com.br\/wp-content\/uploads\/2015\/10\/4.jpg\"><img loading=\"lazy\" class=\"alignnone wp-image-3917\" src=\"https:\/\/correiosulgoiano.com.br\/wp-content\/uploads\/2015\/10\/4.jpg\" alt=\"4\" width=\"649\" height=\"217\" srcset=\"https:\/\/correiosulgoiano.com.br\/wp-content\/uploads\/2015\/10\/4.jpg 789w, https:\/\/correiosulgoiano.com.br\/wp-content\/uploads\/2015\/10\/4-300x100.jpg 300w\" sizes=\"(max-width: 649px) 100vw, 649px\" \/><\/a><\/p>\n<p><span style=\"color: #ff0000;\"><strong><span style=\"font-size: 14pt; font-family: Verdana, Geneva, sans-serif;\">SUPERLOTA\u00c7\u00c3O<\/span><\/strong><\/span><\/p>\n<p><span style=\"font-size: 14pt; font-family: Verdana, Geneva, sans-serif; color: #000000;\">Atualmente o pres\u00eddio de Sarandi, em Itumbiara tem cerca de 450 presos, n\u00famero muito superior a sua capacidade que \u00e9 de 252 detentos.<\/span><\/p>\n<p><span style=\"font-size: 14pt; font-family: Verdana, Geneva, sans-serif; color: #000000;\">Para piorar a situa\u00e7\u00e3o, a destrui\u00e7\u00e3o de uma das alas pode fazer aumentar ainda mais a superlota\u00e7\u00e3o. \u00c9 por isso que v\u00e1rios est\u00e3o sendo transferidos para outros munic\u00edpios da regi\u00e3o, inclusive Morrinhos.<\/span><\/p>\n<p><span style=\"font-size: 14pt; font-family: Verdana, Geneva, sans-serif; color: #000000;\">Abaixo, clique em Like para compartilhar esta not\u00edcia\u00a0<\/span><\/p>\n","protected":false},"excerpt":{"rendered":"<p>A tarde de sexta-feira, 30\/10, foi de muita tens\u00e3o em Itumbiara. Mais uma fuga foi registrada no pres\u00eddio de Sarandi. Nossa reda\u00e7\u00e3o j\u00e1 perdeu a conta de quantas fugas aconteceram nas cadeias e pres\u00eddios de Goi\u00e1s neste ano, e especialmente no referido pres\u00eddio de Sarandi. \u00c9 um absurdo o que acontece com o sistema carcer\u00e1rio &#8230;<\/p>\n","protected":false},"author":1,"featured_media":3977,"comment_status":"open","ping_status":"open","sticky":false,"template":"","format":"standard","meta":{"spay_email":"","jetpack_publicize_message":""},"categories":[48],"tags":[410,748,746,747,161,66,67,486],"jetpack_featured_media_url":"https:\/\/correiosulgoiano.com.br\/wp-content\/uploads\/2015\/10\/IMG-20151030-WA0084.jpg","jetpack_publicize_connections":[],"_links":{"self":[{"href":"https:\/\/correiosulgoiano.com.br\/index.php?rest_route=\/wp\/v2\/posts\/3974"}],"collection":[{"href":"https:\/\/correiosulgoiano.com.br\/index.php?rest_route=\/wp\/v2\/posts"}],"about":[{"href":"https:\/\/correiosulgoiano.com.br\/index.php?rest_route=\/wp\/v2\/types\/post"}],"author":[{"embeddable":true,"href":"https:\/\/correiosulgoiano.com.br\/index.php?rest_route=\/wp\/v2\/users\/1"}],"replies":[{"embeddable":true,"href":"https:\/\/correiosulgoiano.com.br\/index.php?rest_route=%2Fwp%2Fv2%2Fcomments&post=3974"}],"version-history":[{"count":15,"href":"https:\/\/correiosulgoiano.com.br\/index.php?rest_route=\/wp\/v2\/posts\/3974\/revisions"}],"predecessor-version":[{"id":3992,"href":"https:\/\/correiosulgoiano.com.br\/index.php?rest_route=\/wp\/v2\/posts\/3974\/revisions\/3992"}],"wp:featuredmedia":[{"embeddable":true,"href":"https:\/\/correiosulgoiano.com.br\/index.php?rest_route=\/wp\/v2\/media\/3977"}],"wp:attachment":[{"href":"https:\/\/correiosulgoiano.com.br\/index.php?rest_route=%2Fwp%2Fv2%2Fmedia&parent=3974"}],"wp:term":[{"taxonomy":"category","embeddable":true,"href":"https:\/\/correiosulgoiano.com.br\/index.php?rest_route=%2Fwp%2Fv2%2Fcategories&post=3974"},{"taxonomy":"post_tag","embeddable":true,"href":"https:\/\/correiosulgoiano.com.br\/index.php?rest_route=%2Fwp%2Fv2%2Ftags&post=3974"}],"curies":[{"name":"wp","href":"https:\/\/api.w.org\/{rel}","templated":true}]}}