{"id":3994,"date":"2015-11-01T11:42:04","date_gmt":"2015-11-01T13:42:04","guid":{"rendered":"https:\/\/correiosulgoiano.com.br\/?p=3994"},"modified":"2015-11-01T12:08:52","modified_gmt":"2015-11-01T14:08:52","slug":"verao","status":"publish","type":"post","link":"https:\/\/correiosulgoiano.com.br\/?p=3994","title":{"rendered":"Deputado Federal Delegado Waldir quer Goi\u00e1s fora do hor\u00e1rio de ver\u00e3o"},"content":{"rendered":"<p><span style=\"font-size: 14pt; font-family: Verdana, Geneva, sans-serif; color: #000000;\">Est\u00e1 na p\u00e1gina oficial do Deputado Federal por Goi\u00e1s, Delegado Waldir, no facebbok:<\/span><\/p>\n<p><span style=\"font-size: 14pt; font-family: Verdana, Geneva, sans-serif; color: #000000;\">&#8220;Para economizar 0,5% em Goi\u00e1s &#8216;representando apenas o consumo mensal de uma cidade de 100 mil habitantes&#8217;&#8230; \u00e9 gerado todo um desgaste com a mudan\u00e7a de hor\u00e1rio nos meses de outubro e fevereiro de cada ano&#8230; ainda mais com essa crise, e os pre\u00e7os abusivos na conta de energia, sem falar da bandeira vermelha &#8216;171&#8217;&#8230; o cidad\u00e3o j\u00e1 est\u00e1 fazendo economia h\u00e1 muito tempo&#8230;&#8221;<\/span><\/p>\n<p><a href=\"https:\/\/correiosulgoiano.com.br\/wp-content\/uploads\/2015\/11\/hORARIO-VER\u00c3O.jpg\"><img loading=\"lazy\" class=\"alignnone wp-image-3996\" src=\"https:\/\/correiosulgoiano.com.br\/wp-content\/uploads\/2015\/11\/hORARIO-VER\u00c3O.jpg\" alt=\"hORARIO VER\u00c3O\" width=\"351\" height=\"351\" srcset=\"https:\/\/correiosulgoiano.com.br\/wp-content\/uploads\/2015\/11\/hORARIO-VER\u00c3O.jpg 960w, https:\/\/correiosulgoiano.com.br\/wp-content\/uploads\/2015\/11\/hORARIO-VER\u00c3O-150x150.jpg 150w, https:\/\/correiosulgoiano.com.br\/wp-content\/uploads\/2015\/11\/hORARIO-VER\u00c3O-300x300.jpg 300w, https:\/\/correiosulgoiano.com.br\/wp-content\/uploads\/2015\/11\/hORARIO-VER\u00c3O-55x55.jpg 55w\" sizes=\"(max-width: 351px) 100vw, 351px\" \/><\/a><\/p>\n<p><span style=\"color: #ff0000;\"><strong><span style=\"font-size: 14pt; font-family: Verdana, Geneva, sans-serif;\">VEJA A NOTA<\/span><\/strong><\/span><\/p>\n<p><span style=\"font-size: 14pt; font-family: Verdana, Geneva, sans-serif; color: #000000;\">A pedido do Deputado Federal Delegado Waldir Soares, o Governo do Estado de Go<span class=\"text_exposed_show\">i\u00e1s enviou of\u00edcio ao Minist\u00e9rio de Minas e Energia pedindo a EXCLUS\u00c3O do nosso estado do rol das unidades federativas submetidas ao hor\u00e1rio de ver\u00e3o.<\/span><\/span><\/p>\n<p><span class=\"text_exposed_show\" style=\"font-size: 14pt; font-family: Verdana, Geneva, sans-serif; color: #000000;\">No dia 14\/10, o deputado j\u00e1 havia protocolado um of\u00edcio no Minist\u00e9rio solicitando a provid\u00eancia, e encaminhado um outro documento a governadoria pedindo que o Estado de Goi\u00e1s tamb\u00e9m fizesse o pedido.<\/span><\/p>\n<div class=\"text_exposed_show\">\n<p><span style=\"font-size: 14pt; font-family: Verdana, Geneva, sans-serif; color: #000000;\">\u201cPedi o apoio do governo do estado para acabar com o hor\u00e1rio de ver\u00e3o e a resposta foi positiva\u201d, comemora Waldir Soares, sobre o of\u00edcio que manifesta a posi\u00e7\u00e3o contr\u00e1ria do Executivo ao hor\u00e1rio de ver\u00e3o. O documento, com data do dia 21 de outubro, \u00e9 assinado pelo governador em exerc\u00edcio, Jos\u00e9 Eliton de Figuer\u00eado J\u00fanior, e direcionado ao ministro Eduardo Braga.<\/span><\/p>\n<p><span style=\"font-size: 14pt; font-family: Verdana, Geneva, sans-serif; color: #000000;\">No documento da governadoria, Jos\u00e9 Eliton pede a exclus\u00e3o de Goi\u00e1s \u201cainda em 2015 se poss\u00edvel\u201d, ou, se for o caso, que o Minist\u00e9rio \u201cproponha a Presid\u00eancia da Rep\u00fablica tal provid\u00eancia\u201d.<\/span><\/p>\n<p><span style=\"font-size: 14pt; font-family: Verdana, Geneva, sans-serif; color: #000000;\">O governador em exerc\u00edcio assinala que foi motivado tamb\u00e9m por demandas encaminhadas ao seu gabinete e considerou que a implementa\u00e7\u00e3o do hor\u00e1rio diferenciado, por mais uma vez, \u201ctem causado desconforto a significativa parcela da sociedade goiana, seja pelo comprometimento da qualidade do sono, seja pela queda de rendimento no trabalho e na escola, al\u00e9m de gerar transtornos \u00e0 sa\u00fade de pessoas mais sens\u00edveis\u201d.<\/span><\/p>\n<p><span style=\"font-size: 14pt; font-family: Verdana, Geneva, sans-serif; color: #000000;\">No of\u00edcio, o governador em exerc\u00edcio cita o argumento, levantado tamb\u00e9m pelo deputado Delegado Waldir em seu pedido, de que, no hor\u00e1rio de ver\u00e3o, h\u00e1 eleva\u00e7\u00e3o do sentimento de inseguran\u00e7a, decorrente da antecipa\u00e7\u00e3o da jornada escolar e de trabalho para um hor\u00e1rio em que as ruas ainda est\u00e3o escuras.<\/span><\/p>\n<p><span style=\"font-size: 14pt; font-family: Verdana, Geneva, sans-serif; color: #000000;\">Por fim, nas raz\u00f5es do pedido, o Governo de Goi\u00e1s lembra, no documento enviado ao Minist\u00e9rio, o consumo de energia em Goi\u00e1s, que encontra-se abaixo da m\u00e9dia projetada pela Celg, a companhia de distribui\u00e7\u00e3o de energia do Estado.<\/span><\/p>\n<p><span style=\"font-size: 14pt; font-family: Verdana, Geneva, sans-serif; color: #000000;\">\u201c\u00c9 importante que iniciemos essa luta. Conseguimos este apoio importante para, quer seja agora ou depois, tirar Goi\u00e1s do hor\u00e1rio de ver\u00e3o\u201d, assinalou o deputado Delegado Waldir.<\/span><\/p>\n<p><span style=\"font-size: 14pt; font-family: Verdana, Geneva, sans-serif; color: #000000;\">Abaixo clique em Like e compartilhe esta not\u00edcia.<\/span><\/p>\n<\/div>\n","protected":false},"excerpt":{"rendered":"<p>Est\u00e1 na p\u00e1gina oficial do Deputado Federal por Goi\u00e1s, Delegado Waldir, no facebbok: &#8220;Para economizar 0,5% em Goi\u00e1s &#8216;representando apenas o consumo mensal de uma cidade de 100 mil habitantes&#8217;&#8230; \u00e9 gerado todo um desgaste com a mudan\u00e7a de hor\u00e1rio nos meses de outubro e fevereiro de cada ano&#8230; ainda mais com essa crise, e &#8230;<\/p>\n","protected":false},"author":1,"featured_media":3995,"comment_status":"open","ping_status":"open","sticky":false,"template":"","format":"standard","meta":{"spay_email":"","jetpack_publicize_message":""},"categories":[51],"tags":[],"jetpack_featured_media_url":"https:\/\/correiosulgoiano.com.br\/wp-content\/uploads\/2015\/11\/hORARIO-VER\u00c3O2.jpg","jetpack_publicize_connections":[],"_links":{"self":[{"href":"https:\/\/correiosulgoiano.com.br\/index.php?rest_route=\/wp\/v2\/posts\/3994"}],"collection":[{"href":"https:\/\/correiosulgoiano.com.br\/index.php?rest_route=\/wp\/v2\/posts"}],"about":[{"href":"https:\/\/correiosulgoiano.com.br\/index.php?rest_route=\/wp\/v2\/types\/post"}],"author":[{"embeddable":true,"href":"https:\/\/correiosulgoiano.com.br\/index.php?rest_route=\/wp\/v2\/users\/1"}],"replies":[{"embeddable":true,"href":"https:\/\/correiosulgoiano.com.br\/index.php?rest_route=%2Fwp%2Fv2%2Fcomments&post=3994"}],"version-history":[{"count":3,"href":"https:\/\/correiosulgoiano.com.br\/index.php?rest_route=\/wp\/v2\/posts\/3994\/revisions"}],"predecessor-version":[{"id":3999,"href":"https:\/\/correiosulgoiano.com.br\/index.php?rest_route=\/wp\/v2\/posts\/3994\/revisions\/3999"}],"wp:featuredmedia":[{"embeddable":true,"href":"https:\/\/correiosulgoiano.com.br\/index.php?rest_route=\/wp\/v2\/media\/3995"}],"wp:attachment":[{"href":"https:\/\/correiosulgoiano.com.br\/index.php?rest_route=%2Fwp%2Fv2%2Fmedia&parent=3994"}],"wp:term":[{"taxonomy":"category","embeddable":true,"href":"https:\/\/correiosulgoiano.com.br\/index.php?rest_route=%2Fwp%2Fv2%2Fcategories&post=3994"},{"taxonomy":"post_tag","embeddable":true,"href":"https:\/\/correiosulgoiano.com.br\/index.php?rest_route=%2Fwp%2Fv2%2Ftags&post=3994"}],"curies":[{"name":"wp","href":"https:\/\/api.w.org\/{rel}","templated":true}]}}