{"id":4006,"date":"2015-11-03T13:13:46","date_gmt":"2015-11-03T15:13:46","guid":{"rendered":"https:\/\/correiosulgoiano.com.br\/?p=4006"},"modified":"2015-11-03T16:10:13","modified_gmt":"2015-11-03T18:10:13","slug":"biz","status":"publish","type":"post","link":"https:\/\/correiosulgoiano.com.br\/?p=4006","title":{"rendered":"Dire\u00e7\u00e3o Perigosa: PM prende condutor e apreende caminhonete ap\u00f3s fuga e colis\u00f5es"},"content":{"rendered":"<p><span style=\"color: #000000; font-size: 14pt; font-family: Verdana, Geneva, sans-serif;\">A PM informou que na tarde de s\u00e1bado, 31\/10, o condutor de uma caminhonete foi detido ap\u00f3s praticar dire\u00e7\u00e3o perigosa, que terminou com ao menos uma pessoa ferida.<\/span><\/p>\n<p><a href=\"https:\/\/correiosulgoiano.com.br\/wp-content\/uploads\/2015\/10\/Mercotintas-Banner-Site-011.jpg\"><img loading=\"lazy\" class=\"alignnone wp-image-3968\" src=\"https:\/\/correiosulgoiano.com.br\/wp-content\/uploads\/2015\/10\/Mercotintas-Banner-Site-011.jpg\" alt=\"Mercotintas Banner Site - 01\" width=\"657\" height=\"82\" srcset=\"https:\/\/correiosulgoiano.com.br\/wp-content\/uploads\/2015\/10\/Mercotintas-Banner-Site-011.jpg 1172w, https:\/\/correiosulgoiano.com.br\/wp-content\/uploads\/2015\/10\/Mercotintas-Banner-Site-011-300x37.jpg 300w, https:\/\/correiosulgoiano.com.br\/wp-content\/uploads\/2015\/10\/Mercotintas-Banner-Site-011-1024x128.jpg 1024w\" sizes=\"(max-width: 657px) 100vw, 657px\" \/><\/a><\/p>\n<p><span style=\"color: #000000; font-size: 14pt; font-family: Verdana, Geneva, sans-serif;\">Testemunhas disseram ao nosso redator que um homem de nome\u00a0Alessandro, de 37 anos, que conduzia uma Caminhonete S-10 de cor branca teria avan\u00e7ado o sinal vermelho em frente ao Hospital Nossa Senhora do Carmo.<\/span><\/p>\n<p><a href=\"https:\/\/correiosulgoiano.com.br\/wp-content\/uploads\/2015\/11\/muro-03.jpg\"><img loading=\"lazy\" class=\" wp-image-4009\" src=\"https:\/\/correiosulgoiano.com.br\/wp-content\/uploads\/2015\/11\/muro-03.jpg\" alt=\"?????????????\" width=\"650\" height=\"366\" srcset=\"https:\/\/correiosulgoiano.com.br\/wp-content\/uploads\/2015\/11\/muro-03.jpg 778w, https:\/\/correiosulgoiano.com.br\/wp-content\/uploads\/2015\/11\/muro-03-300x169.jpg 300w\" sizes=\"(max-width: 650px) 100vw, 650px\" \/><\/a><\/p>\n<p><span style=\"color: #000000; font-size: 14pt; font-family: Verdana, Geneva, sans-serif;\">De acordo com as testemunhas, ele estava descendo pela Avenida Professor Jos\u00e9 do Nascimento e ap\u00f3s cruzar o sinal vermelho colidiu contra a condutora de uma motocicleta Honda Biz, de cor vermelha.<\/span><\/p>\n<div id=\"attachment_4010\" style=\"width: 658px\" class=\"wp-caption alignnone\"><a href=\"https:\/\/correiosulgoiano.com.br\/wp-content\/uploads\/2015\/11\/muro-02.jpg\"><img aria-describedby=\"caption-attachment-4010\" loading=\"lazy\" class=\" wp-image-4010\" src=\"https:\/\/correiosulgoiano.com.br\/wp-content\/uploads\/2015\/11\/muro-02.jpg\" alt=\"Condutora \u00e9 socorrida por bombeiros e moro fica bastante estragada\" width=\"648\" height=\"365\" srcset=\"https:\/\/correiosulgoiano.com.br\/wp-content\/uploads\/2015\/11\/muro-02.jpg 778w, https:\/\/correiosulgoiano.com.br\/wp-content\/uploads\/2015\/11\/muro-02-300x169.jpg 300w\" sizes=\"(max-width: 648px) 100vw, 648px\" \/><\/a><p id=\"caption-attachment-4010\" class=\"wp-caption-text\">Condutora \u00e9 socorrida por bombeiros e moro fica bastante estragada<\/p><\/div>\n<p><span style=\"color: #000000; font-size: 14pt; font-family: Verdana, Geneva, sans-serif;\">A condutora da moto disse que percebeu a caminhonete furando o sinal vermelho e ao ver o ve\u00edculo no retrovisor tentou sair da frente da caminhonete virando a moto em dire\u00e7\u00e3o \u00e0 cal\u00e7ada, mas, ainda assim foi atingida e jogada ao ch\u00e3o.<\/span><\/p>\n<p><span style=\"color: #000000; font-size: 14pt; font-family: Verdana, Geneva, sans-serif;\">Ela se chama Cristina, tem 40 anos de idade e acredita que sua manobra pode ter salvo sua vida: \u201cse eu n\u00e3o tivesse jogado a moto para o lado da cal\u00e7ada e ele me pegasse de cheio, eu poderia ter morrido ali mesmo, porque ele estava correndo demais\u201d \u2013 disse Cristina.<\/span><\/p>\n<p><a href=\"https:\/\/correiosulgoiano.com.br\/wp-content\/uploads\/2015\/10\/16.jpg\"><img loading=\"lazy\" class=\"alignnone wp-image-3951\" src=\"https:\/\/correiosulgoiano.com.br\/wp-content\/uploads\/2015\/10\/16.jpg\" alt=\"16\" width=\"648\" height=\"217\" srcset=\"https:\/\/correiosulgoiano.com.br\/wp-content\/uploads\/2015\/10\/16.jpg 723w, https:\/\/correiosulgoiano.com.br\/wp-content\/uploads\/2015\/10\/16-300x100.jpg 300w\" sizes=\"(max-width: 648px) 100vw, 648px\" \/><\/a><\/p>\n<p><span style=\"color: #000000; font-size: 14pt; font-family: Verdana, Geneva, sans-serif;\">Ela sofreu v\u00e1rias escoria\u00e7\u00f5es e arranh\u00f5es e durante todo o final de semana sentiu dores de cabe\u00e7a.<\/span><\/p>\n<p><span style=\"color: #000000; font-size: 14pt; font-family: Verdana, Geneva, sans-serif;\">Ap\u00f3s o acidente a mulher foi socorrida pelo Corpo de Bombeiros e encaminhada ao Hospital Municipal de Morrinhos onde foi medicada e o exame de Raio-X descartou fraturas. A moto de Cristina ficou bastante estragada.<\/span><\/p>\n<p><a href=\"https:\/\/correiosulgoiano.com.br\/wp-content\/uploads\/2015\/10\/Celeiro-Site-Novo-01.jpg\"><img loading=\"lazy\" class=\"alignnone wp-image-3834\" src=\"https:\/\/correiosulgoiano.com.br\/wp-content\/uploads\/2015\/10\/Celeiro-Site-Novo-01.jpg\" alt=\"Celeiro Site Novo - 01\" width=\"508\" height=\"172\" srcset=\"https:\/\/correiosulgoiano.com.br\/wp-content\/uploads\/2015\/10\/Celeiro-Site-Novo-01.jpg 792w, https:\/\/correiosulgoiano.com.br\/wp-content\/uploads\/2015\/10\/Celeiro-Site-Novo-01-300x102.jpg 300w\" sizes=\"(max-width: 508px) 100vw, 508px\" \/><\/a><\/p>\n<p><span style=\"color: #000000; font-size: 14pt; font-family: Verdana, Geneva, sans-serif;\">De acordo com as testemunhas e tamb\u00e9m o Boletim de Ocorr\u00eancias da Pol\u00edcia Militar ap\u00f3s derrubar a motociclista, o condutor da caminhonete n\u00e3o parou para prestar socorro a ela e seguiu em alta velocidade para se afastar do local do acidente.<\/span><\/p>\n<p><span style=\"color: #000000; font-size: 14pt; font-family: Verdana, Geneva, sans-serif;\">Em alta velocidade ele teria colidido em outro ve\u00edculo de propriedade de um homem chamado Eul\u00e1lio. Felizmente, desta vez ningu\u00e9m se feriu.<\/span><\/p>\n<p><a href=\"https:\/\/correiosulgoiano.com.br\/wp-content\/uploads\/2015\/10\/14.jpg\"><img loading=\"lazy\" class=\"alignnone wp-image-3891\" src=\"https:\/\/correiosulgoiano.com.br\/wp-content\/uploads\/2015\/10\/14.jpg\" alt=\"14\" width=\"649\" height=\"217\" srcset=\"https:\/\/correiosulgoiano.com.br\/wp-content\/uploads\/2015\/10\/14.jpg 789w, https:\/\/correiosulgoiano.com.br\/wp-content\/uploads\/2015\/10\/14-300x100.jpg 300w\" sizes=\"(max-width: 649px) 100vw, 649px\" \/><\/a><\/p>\n<p><span style=\"color: #000000; font-size: 14pt; font-family: Verdana, Geneva, sans-serif;\">Acionada pelas testemunhas do primeiro acidente a Pol\u00edcia Militar identificou a caminhonete e iniciou o acompanhamento, popularmente chamado de persegui\u00e7\u00e3o, mas, o condutor da caminhonete continuou fugindo da autoridade policial, conforme relato no B.O.<\/span><\/p>\n<p><a href=\"https:\/\/correiosulgoiano.com.br\/wp-content\/uploads\/2015\/10\/5.jpg\"><img loading=\"lazy\" class=\"alignnone wp-image-3889\" src=\"https:\/\/correiosulgoiano.com.br\/wp-content\/uploads\/2015\/10\/5.jpg\" alt=\"5\" width=\"646\" height=\"216\" srcset=\"https:\/\/correiosulgoiano.com.br\/wp-content\/uploads\/2015\/10\/5.jpg 790w, https:\/\/correiosulgoiano.com.br\/wp-content\/uploads\/2015\/10\/5-300x100.jpg 300w\" sizes=\"(max-width: 646px) 100vw, 646px\" \/><\/a><\/p>\n<p><span style=\"color: #000000; font-size: 14pt; font-family: Verdana, Geneva, sans-serif;\">Dirigindo em alta velocidade, ap\u00f3s colidir contra a motociclista e depois de ter colidido contra o carro, o condutor da caminhonete teria perdido o controle do ve\u00edculo subiu na cal\u00e7ada e colidiu contra o muro de um estabelecimento comercial \u00e0 Rua Rio de Janeiro, danificando o mesmo.<\/span><\/p>\n<div id=\"attachment_4015\" style=\"width: 655px\" class=\"wp-caption alignnone\"><a href=\"https:\/\/correiosulgoiano.com.br\/wp-content\/uploads\/2015\/11\/muro-01.jpg\"><img aria-describedby=\"caption-attachment-4015\" loading=\"lazy\" class=\" wp-image-4015\" src=\"https:\/\/correiosulgoiano.com.br\/wp-content\/uploads\/2015\/11\/muro-01.jpg\" alt=\"Em alta velocidade, caminhonete sobe em cal\u00e7ada e colide contra muro de com\u00e9rcio\" width=\"645\" height=\"363\" srcset=\"https:\/\/correiosulgoiano.com.br\/wp-content\/uploads\/2015\/11\/muro-01.jpg 778w, https:\/\/correiosulgoiano.com.br\/wp-content\/uploads\/2015\/11\/muro-01-300x169.jpg 300w\" sizes=\"(max-width: 645px) 100vw, 645px\" \/><\/a><p id=\"caption-attachment-4015\" class=\"wp-caption-text\">Em alta velocidade, caminhonete sobe em cal\u00e7ada e colide contra muro de com\u00e9rcio<\/p><\/div>\n<p><span style=\"color: #000000; font-size: 14pt; font-family: Verdana, Geneva, sans-serif;\">Mesmo assim, ele n\u00e3o parou, e seguiu em alta velocidade at\u00e9 sua resid\u00eancia, \u00e0 Rua Porto Alegre, onde finalmente foi detido pelos policiais. A caminhonete, bastante danificada foi apreendida.<\/span><\/p>\n<p><a href=\"https:\/\/correiosulgoiano.com.br\/wp-content\/uploads\/2015\/11\/muro-04.jpg\"><img loading=\"lazy\" class=\"alignnone wp-image-4019\" src=\"https:\/\/correiosulgoiano.com.br\/wp-content\/uploads\/2015\/11\/muro-04.jpg\" alt=\"muro - 04\" width=\"640\" height=\"360\" srcset=\"https:\/\/correiosulgoiano.com.br\/wp-content\/uploads\/2015\/11\/muro-04.jpg 819w, https:\/\/correiosulgoiano.com.br\/wp-content\/uploads\/2015\/11\/muro-04-300x169.jpg 300w\" sizes=\"(max-width: 640px) 100vw, 640px\" \/><\/a><\/p>\n<p><span style=\"color: #000000; font-size: 14pt; font-family: Verdana, Geneva, sans-serif;\">Ainda de acordo com a Pol\u00edcia Militar foram apreendidas junto ao condutor da caminhonete tr\u00eas por\u00e7\u00f5es de maconha e um cigarro pronto para o consumo.<\/span><\/p>\n<p><span style=\"color: #000000; font-size: 14pt; font-family: Verdana, Geneva, sans-serif;\">Mas, n\u00e3o se pode afirmar que ele tenha ingerido bebida alco\u00f3lica ou feito uso de qualquer subst\u00e2ncia qu\u00edmica.<\/span><\/p>\n<p><a href=\"https:\/\/correiosulgoiano.com.br\/wp-content\/uploads\/2015\/11\/muro-05.jpg\"><img loading=\"lazy\" class=\"alignnone wp-image-4016\" src=\"https:\/\/correiosulgoiano.com.br\/wp-content\/uploads\/2015\/11\/muro-05.jpg\" alt=\"muro - 05\" width=\"648\" height=\"365\" srcset=\"https:\/\/correiosulgoiano.com.br\/wp-content\/uploads\/2015\/11\/muro-05.jpg 819w, https:\/\/correiosulgoiano.com.br\/wp-content\/uploads\/2015\/11\/muro-05-300x169.jpg 300w\" sizes=\"(max-width: 648px) 100vw, 648px\" \/><\/a><\/p>\n<p><span style=\"color: #000000; font-size: 14pt; font-family: Verdana, Geneva, sans-serif;\">A 10\u00aa CIPM de Morrinhos n\u00e3o possui um baf\u00f4metro, e ent\u00e3o os policiais conduziram o motorista da caminhonete at\u00e9 o Posto da Pol\u00edcia Rodovi\u00e1ria Federal, no Rancho Alegre para que l\u00e1 fosse feito o teste de alcoolemia.<\/span><\/p>\n<div id=\"attachment_4008\" style=\"width: 658px\" class=\"wp-caption alignnone\"><a href=\"https:\/\/correiosulgoiano.com.br\/wp-content\/uploads\/2015\/11\/muro-06.jpg\"><img aria-describedby=\"caption-attachment-4008\" loading=\"lazy\" class=\" wp-image-4008\" src=\"https:\/\/correiosulgoiano.com.br\/wp-content\/uploads\/2015\/11\/muro-06.jpg\" alt=\"Caminhonete fica bastante estragada ap\u00f3s colis\u00f5es\" width=\"648\" height=\"365\" srcset=\"https:\/\/correiosulgoiano.com.br\/wp-content\/uploads\/2015\/11\/muro-06.jpg 819w, https:\/\/correiosulgoiano.com.br\/wp-content\/uploads\/2015\/11\/muro-06-300x169.jpg 300w\" sizes=\"(max-width: 648px) 100vw, 648px\" \/><\/a><p id=\"caption-attachment-4008\" class=\"wp-caption-text\">Caminhonete fica bastante estragada ap\u00f3s colis\u00f5es<\/p><\/div>\n<p><span style=\"color: #000000; font-size: 14pt; font-family: Verdana, Geneva, sans-serif;\">Por\u00e9m, o condutor se recusou a soprar o baf\u00f4metro. Tudo isso foi relatado em Boletim de Ocorr\u00eancia Policial.<\/span><\/p>\n<p><span style=\"color: #000000; font-size: 14pt; font-family: Verdana, Geneva, sans-serif;\">O condutor da caminhonete foi ent\u00e3o levado \u00e0 Delegacia de Pol\u00edcia Civil, e deixado sob os cuidados da equipe chefiada pelo delegado de Pol\u00edcia Civil, Dr. Fabiano Jacomellys que est\u00e1 tomando as provid\u00eancias cab\u00edveis ao caso. (Fonte: Pol\u00edcia Militar \u2013 10\u00aa CIPM)<\/span><\/p>\n<p><span style=\"color: #000000; font-size: 14pt; font-family: Verdana, Geneva, sans-serif;\">Abaixo clique em Like e compartilhe esta not\u00edcia.<\/span><\/p>\n","protected":false},"excerpt":{"rendered":"<p>A PM informou que na tarde de s\u00e1bado, 31\/10, o condutor de uma caminhonete foi detido ap\u00f3s praticar dire\u00e7\u00e3o perigosa, que terminou com ao menos uma pessoa ferida. Testemunhas disseram ao nosso redator que um homem de nome\u00a0Alessandro, de 37 anos, que conduzia uma Caminhonete S-10 de cor branca teria avan\u00e7ado o sinal vermelho em &#8230;<\/p>\n","protected":false},"author":1,"featured_media":4008,"comment_status":"open","ping_status":"open","sticky":false,"template":"","format":"standard","meta":{"spay_email":"","jetpack_publicize_message":""},"categories":[1],"tags":[749,750,56,751,65,67],"jetpack_featured_media_url":"https:\/\/correiosulgoiano.com.br\/wp-content\/uploads\/2015\/11\/muro-06.jpg","jetpack_publicize_connections":[],"_links":{"self":[{"href":"https:\/\/correiosulgoiano.com.br\/index.php?rest_route=\/wp\/v2\/posts\/4006"}],"collection":[{"href":"https:\/\/correiosulgoiano.com.br\/index.php?rest_route=\/wp\/v2\/posts"}],"about":[{"href":"https:\/\/correiosulgoiano.com.br\/index.php?rest_route=\/wp\/v2\/types\/post"}],"author":[{"embeddable":true,"href":"https:\/\/correiosulgoiano.com.br\/index.php?rest_route=\/wp\/v2\/users\/1"}],"replies":[{"embeddable":true,"href":"https:\/\/correiosulgoiano.com.br\/index.php?rest_route=%2Fwp%2Fv2%2Fcomments&post=4006"}],"version-history":[{"count":10,"href":"https:\/\/correiosulgoiano.com.br\/index.php?rest_route=\/wp\/v2\/posts\/4006\/revisions"}],"predecessor-version":[{"id":4023,"href":"https:\/\/correiosulgoiano.com.br\/index.php?rest_route=\/wp\/v2\/posts\/4006\/revisions\/4023"}],"wp:featuredmedia":[{"embeddable":true,"href":"https:\/\/correiosulgoiano.com.br\/index.php?rest_route=\/wp\/v2\/media\/4008"}],"wp:attachment":[{"href":"https:\/\/correiosulgoiano.com.br\/index.php?rest_route=%2Fwp%2Fv2%2Fmedia&parent=4006"}],"wp:term":[{"taxonomy":"category","embeddable":true,"href":"https:\/\/correiosulgoiano.com.br\/index.php?rest_route=%2Fwp%2Fv2%2Fcategories&post=4006"},{"taxonomy":"post_tag","embeddable":true,"href":"https:\/\/correiosulgoiano.com.br\/index.php?rest_route=%2Fwp%2Fv2%2Ftags&post=4006"}],"curies":[{"name":"wp","href":"https:\/\/api.w.org\/{rel}","templated":true}]}}