{"id":4053,"date":"2015-11-06T03:24:50","date_gmt":"2015-11-06T05:24:50","guid":{"rendered":"https:\/\/correiosulgoiano.com.br\/?p=4053"},"modified":"2015-11-06T03:24:50","modified_gmt":"2015-11-06T05:24:50","slug":"policia-civil-de-morrinhos-recupera-carro-furtado-e-prende-suspeitos","status":"publish","type":"post","link":"https:\/\/correiosulgoiano.com.br\/?p=4053","title":{"rendered":"Pol\u00edcia Civil de Morrinhos recupera carro furtado e prende suspeitos"},"content":{"rendered":"<p><span style=\"font-size: 14pt; font-family: Verdana, Geneva, sans-serif; color: #000000;\">Ricardo Torres Chueire, delegado regional e titular da 6\u00aa DRP com sede em Itumbiara informou ao Correio Sul Goiano que ap\u00f3s a realiza\u00e7\u00e3o de investiga\u00e7\u00e3o, na quinta-feira, 05\/11, policiais da Delegacia de Pol\u00edcia Civil de Morrinhos lograram \u00eaxito em recuperar um ve\u00edculo GM Onix, com queixa de furto e ou roubo.<\/span><\/p>\n<p><a href=\"https:\/\/correiosulgoiano.com.br\/wp-content\/uploads\/2015\/10\/3.jpg\"><img loading=\"lazy\" class=\"alignnone  wp-image-3922\" src=\"https:\/\/correiosulgoiano.com.br\/wp-content\/uploads\/2015\/10\/3.jpg\" alt=\"3\" width=\"599\" height=\"201\" srcset=\"https:\/\/correiosulgoiano.com.br\/wp-content\/uploads\/2015\/10\/3.jpg 790w, https:\/\/correiosulgoiano.com.br\/wp-content\/uploads\/2015\/10\/3-300x101.jpg 300w\" sizes=\"(max-width: 599px) 100vw, 599px\" \/><\/a><\/p>\n<p><span style=\"font-size: 14pt; font-family: Verdana, Geneva, sans-serif; color: #000000;\">Trata-se de um carro de cor preta, ano\/modelo 2014\/2014, avaliado em R$ 35.000,00, que segundo o delegado seria produto de roubo em Goi\u00e2nia.<\/span><\/p>\n<p><span style=\"font-size: 14pt; font-family: Verdana, Geneva, sans-serif; color: #000000;\">O delegado informou que durante as dilig\u00eancias, foi constatado que CLEBER RONNE BARBALHO, de 34 anos, estava dirigindo o autom\u00f3vel a pedido de\u00a0JO\u00c3O VITOR ANTUNES BIO DE LIMA, de 29 anos, o qual seria o \u201cpropriet\u00e1rio\u201d do bem.<\/span><\/p>\n<div id=\"attachment_4054\" style=\"width: 611px\" class=\"wp-caption alignnone\"><a href=\"https:\/\/correiosulgoiano.com.br\/wp-content\/uploads\/2015\/11\/carro-02.jpg\"><img aria-describedby=\"caption-attachment-4054\" loading=\"lazy\" class=\" wp-image-4054\" src=\"https:\/\/correiosulgoiano.com.br\/wp-content\/uploads\/2015\/11\/carro-02.jpg\" alt=\"Pol\u00edcia Civil de Morrinhos recupera carro furtado\" width=\"601\" height=\"385\" srcset=\"https:\/\/correiosulgoiano.com.br\/wp-content\/uploads\/2015\/11\/carro-02.jpg 640w, https:\/\/correiosulgoiano.com.br\/wp-content\/uploads\/2015\/11\/carro-02-300x192.jpg 300w\" sizes=\"(max-width: 601px) 100vw, 601px\" \/><\/a><p id=\"caption-attachment-4054\" class=\"wp-caption-text\"><span style=\"font-size: 14pt; font-family: 'Times New Roman', Times, serif; color: #000000;\">Pol\u00edcia Civil de Morrinhos recupera carro furtado<\/span><\/p><\/div>\n<p><span style=\"font-size: 14pt; font-family: Verdana, Geneva, sans-serif; color: #000000;\">O ve\u00edculo apreendido estava com placas de outro autom\u00f3vel com a situa\u00e7\u00e3o l\u00edcita, raz\u00e3o que dificultou sua identifica\u00e7\u00e3o.<\/span><\/p>\n<p><span style=\"font-size: 14pt; font-family: Verdana, Geneva, sans-serif; color: #000000;\">No entanto, os policiais civis perceberam que o ve\u00edculo estava com a numera\u00e7\u00e3o de motor raspada e, ap\u00f3s a realiza\u00e7\u00e3o de vistoria e pesquisa no sistema de informa\u00e7\u00e3o, conclu\u00edram que o bem era produto de roubo e, portanto, se tratava de um \u201cclone\u201d.<\/span><\/p>\n<p><span style=\"font-size: 14pt; font-family: Verdana, Geneva, sans-serif; color: #000000;\">O delegado titular em Morrinhos, Dr. Fabiano Jacomelis informou que o ve\u00edculo clonado ser\u00e1 submetido a exame pericial.<\/span><\/p>\n<p><a href=\"https:\/\/correiosulgoiano.com.br\/wp-content\/uploads\/2015\/10\/Mercotintas-Banner-Site-011.jpg\"><img loading=\"lazy\" class=\"alignnone  wp-image-3968\" src=\"https:\/\/correiosulgoiano.com.br\/wp-content\/uploads\/2015\/10\/Mercotintas-Banner-Site-011.jpg\" alt=\"Mercotintas Banner Site - 01\" width=\"609\" height=\"76\" srcset=\"https:\/\/correiosulgoiano.com.br\/wp-content\/uploads\/2015\/10\/Mercotintas-Banner-Site-011.jpg 1172w, https:\/\/correiosulgoiano.com.br\/wp-content\/uploads\/2015\/10\/Mercotintas-Banner-Site-011-300x37.jpg 300w, https:\/\/correiosulgoiano.com.br\/wp-content\/uploads\/2015\/10\/Mercotintas-Banner-Site-011-1024x128.jpg 1024w\" sizes=\"(max-width: 609px) 100vw, 609px\" \/><\/a><\/p>\n<p><span style=\"font-size: 14pt; font-family: Verdana, Geneva, sans-serif; color: #000000;\">O delegado disse tamb\u00e9m que JO\u00c3O VITOR ANTUNES BIO DE LIMA foi atuado em flagrante suspeito de recepta\u00e7\u00e3o, enquanto CLEBER RONNE BARBALHO foi lavrado um Termo Circunstanciado de Ocorr\u00eancia, suspeito de recepta\u00e7\u00e3o culposa.\u00a0<\/span><\/p>\n<p><span style=\"font-size: 14pt; font-family: Verdana, Geneva, sans-serif; color: #000000;\">Fonte e Fotos: Ricardo Torres Chueire, delegado regional de Pol\u00edcia Civil.<\/span><\/p>\n<p><span style=\"font-size: 14pt; font-family: Verdana, Geneva, sans-serif; color: #000000;\">Abaixo clique em Like para compartilhar esta not\u00edcia.<\/span><\/p>\n","protected":false},"excerpt":{"rendered":"<p>Ricardo Torres Chueire, delegado regional e titular da 6\u00aa DRP com sede em Itumbiara informou ao Correio Sul Goiano que ap\u00f3s a realiza\u00e7\u00e3o de investiga\u00e7\u00e3o, na quinta-feira, 05\/11, policiais da Delegacia de Pol\u00edcia Civil de Morrinhos lograram \u00eaxito em recuperar um ve\u00edculo GM Onix, com queixa de furto e ou roubo. Trata-se de um carro &#8230;<\/p>\n","protected":false},"author":1,"featured_media":4055,"comment_status":"open","ping_status":"open","sticky":false,"template":"","format":"standard","meta":{"spay_email":"","jetpack_publicize_message":""},"categories":[1,51],"tags":[756,755,754,377],"jetpack_featured_media_url":"https:\/\/correiosulgoiano.com.br\/wp-content\/uploads\/2015\/11\/carro-03.jpg","jetpack_publicize_connections":[],"_links":{"self":[{"href":"https:\/\/correiosulgoiano.com.br\/index.php?rest_route=\/wp\/v2\/posts\/4053"}],"collection":[{"href":"https:\/\/correiosulgoiano.com.br\/index.php?rest_route=\/wp\/v2\/posts"}],"about":[{"href":"https:\/\/correiosulgoiano.com.br\/index.php?rest_route=\/wp\/v2\/types\/post"}],"author":[{"embeddable":true,"href":"https:\/\/correiosulgoiano.com.br\/index.php?rest_route=\/wp\/v2\/users\/1"}],"replies":[{"embeddable":true,"href":"https:\/\/correiosulgoiano.com.br\/index.php?rest_route=%2Fwp%2Fv2%2Fcomments&post=4053"}],"version-history":[{"count":1,"href":"https:\/\/correiosulgoiano.com.br\/index.php?rest_route=\/wp\/v2\/posts\/4053\/revisions"}],"predecessor-version":[{"id":4056,"href":"https:\/\/correiosulgoiano.com.br\/index.php?rest_route=\/wp\/v2\/posts\/4053\/revisions\/4056"}],"wp:featuredmedia":[{"embeddable":true,"href":"https:\/\/correiosulgoiano.com.br\/index.php?rest_route=\/wp\/v2\/media\/4055"}],"wp:attachment":[{"href":"https:\/\/correiosulgoiano.com.br\/index.php?rest_route=%2Fwp%2Fv2%2Fmedia&parent=4053"}],"wp:term":[{"taxonomy":"category","embeddable":true,"href":"https:\/\/correiosulgoiano.com.br\/index.php?rest_route=%2Fwp%2Fv2%2Fcategories&post=4053"},{"taxonomy":"post_tag","embeddable":true,"href":"https:\/\/correiosulgoiano.com.br\/index.php?rest_route=%2Fwp%2Fv2%2Ftags&post=4053"}],"curies":[{"name":"wp","href":"https:\/\/api.w.org\/{rel}","templated":true}]}}