{"id":4057,"date":"2015-11-06T03:31:26","date_gmt":"2015-11-06T05:31:26","guid":{"rendered":"https:\/\/correiosulgoiano.com.br\/?p=4057"},"modified":"2015-11-06T03:31:26","modified_gmt":"2015-11-06T05:31:26","slug":"policia-civil-de-morrinhos-recupera-duas-motos-roubadas-e-prende-suspeitos","status":"publish","type":"post","link":"https:\/\/correiosulgoiano.com.br\/?p=4057","title":{"rendered":"Pol\u00edcia Civil de Morrinhos recupera duas motos roubadas e prende suspeitos"},"content":{"rendered":"<p><span style=\"font-size: 14pt; font-family: Verdana, Geneva, sans-serif; color: #000000;\">Ricardo Torres Chueire, delegado regional e titular da 6\u00aa DRP com sede em Itumbiara informou ao Correio Sul Goiano que ap\u00f3s a realiza\u00e7\u00e3o de investiga\u00e7\u00f5es, os policiais civis da Delegacia de Morrinhos elucidaram um caso envolvendo a subtra\u00e7\u00e3o de duas motocicletas.<\/span><\/p>\n<p><span style=\"font-size: 14pt; font-family: Verdana, Geneva, sans-serif; color: #000000;\">As duas s\u00e3o da marca Honda, modelo CG-125, sendo uma de cor azul e a outra de cor preta, pertencentes ao casal S.C.S. e P.N.S.Q.S.<\/span><\/p>\n<p><a href=\"https:\/\/correiosulgoiano.com.br\/wp-content\/uploads\/2015\/10\/Mercotintas-Banner-Site-011.jpg\"><img loading=\"lazy\" class=\"alignnone  wp-image-3968\" src=\"https:\/\/correiosulgoiano.com.br\/wp-content\/uploads\/2015\/10\/Mercotintas-Banner-Site-011.jpg\" alt=\"Mercotintas Banner Site - 01\" width=\"649\" height=\"81\" srcset=\"https:\/\/correiosulgoiano.com.br\/wp-content\/uploads\/2015\/10\/Mercotintas-Banner-Site-011.jpg 1172w, https:\/\/correiosulgoiano.com.br\/wp-content\/uploads\/2015\/10\/Mercotintas-Banner-Site-011-300x37.jpg 300w, https:\/\/correiosulgoiano.com.br\/wp-content\/uploads\/2015\/10\/Mercotintas-Banner-Site-011-1024x128.jpg 1024w\" sizes=\"(max-width: 649px) 100vw, 649px\" \/><\/a><\/p>\n<p><span style=\"font-size: 14pt; font-family: Verdana, Geneva, sans-serif; color: #000000;\">O delegado informou que no dia 22\/10\/, por volta das 22h00, ap\u00f3s deixar as duas motocicletas estacionadas na Av. 101, Qd-13, Lt-20, na Vila Santos Dumont \u2013 1 \u00aa etapa, em Morrinhos-GO, as v\u00edtimas perceberam que os bens haviam sido subtra\u00eddos e comunicaram o fato na Delegacia de Pol\u00edcia.<\/span><\/p>\n<p><a href=\"https:\/\/correiosulgoiano.com.br\/wp-content\/uploads\/2015\/10\/16.jpg\"><img loading=\"lazy\" class=\"alignnone  wp-image-3951\" src=\"https:\/\/correiosulgoiano.com.br\/wp-content\/uploads\/2015\/10\/16.jpg\" alt=\"16\" width=\"598\" height=\"200\" srcset=\"https:\/\/correiosulgoiano.com.br\/wp-content\/uploads\/2015\/10\/16.jpg 723w, https:\/\/correiosulgoiano.com.br\/wp-content\/uploads\/2015\/10\/16-300x100.jpg 300w\" sizes=\"(max-width: 598px) 100vw, 598px\" \/><\/a><\/p>\n<p><span style=\"font-size: 14pt; font-family: Verdana, Geneva, sans-serif; color: #000000;\">Com base nas investiga\u00e7\u00f5es, foi poss\u00edvel identificar que ALEF DE OLIVEIRA, de 21 anos, e o menor A.L.D.L.S de 17 anos s\u00e3o os suspeitos de ter subtra\u00eddo as duas motos. <\/span><\/p>\n<p><span style=\"font-size: 14pt; font-family: Verdana, Geneva, sans-serif; color: #000000;\">Os policiais recuperaram o ve\u00edculo Honda CG-125, de cor azul, sendo constatado que a outra motocicleta foi desmontada com a ajuda de outro homem, W.J.D.F, de 22 anos de idade.<\/span><\/p>\n<p><a href=\"https:\/\/correiosulgoiano.com.br\/wp-content\/uploads\/2015\/10\/5.jpg\"><img loading=\"lazy\" class=\"alignnone  wp-image-3889\" src=\"https:\/\/correiosulgoiano.com.br\/wp-content\/uploads\/2015\/10\/5.jpg\" alt=\"5\" width=\"599\" height=\"200\" srcset=\"https:\/\/correiosulgoiano.com.br\/wp-content\/uploads\/2015\/10\/5.jpg 790w, https:\/\/correiosulgoiano.com.br\/wp-content\/uploads\/2015\/10\/5-300x100.jpg 300w\" sizes=\"(max-width: 599px) 100vw, 599px\" \/><\/a><\/p>\n<p><span style=\"font-size: 14pt; font-family: Verdana, Geneva, sans-serif; color: #000000;\">Diante dos fatos, os maiores foram detidos e a menor apreendida.<\/span><\/p>\n<p><span style=\"font-size: 14pt; font-family: Verdana, Geneva, sans-serif; color: #000000;\">Fonte e Fotos: Ricardo Torres Chueire, delegado regional de Pol\u00edcia Civil.<\/span><\/p>\n<p><span style=\"font-size: 14pt; font-family: Verdana, Geneva, sans-serif; color: #000000;\">Abaixo clique em Like e compartilhe esta not\u00edcia.<\/span><\/p>\n","protected":false},"excerpt":{"rendered":"<p>Ricardo Torres Chueire, delegado regional e titular da 6\u00aa DRP com sede em Itumbiara informou ao Correio Sul Goiano que ap\u00f3s a realiza\u00e7\u00e3o de investiga\u00e7\u00f5es, os policiais civis da Delegacia de Morrinhos elucidaram um caso envolvendo a subtra\u00e7\u00e3o de duas motocicletas. As duas s\u00e3o da marca Honda, modelo CG-125, sendo uma de cor azul e &#8230;<\/p>\n","protected":false},"author":1,"featured_media":4058,"comment_status":"open","ping_status":"open","sticky":false,"template":"","format":"standard","meta":{"spay_email":"","jetpack_publicize_message":""},"categories":[1,51],"tags":[757,65],"jetpack_featured_media_url":"https:\/\/correiosulgoiano.com.br\/wp-content\/uploads\/2015\/11\/moto-01.jpg","jetpack_publicize_connections":[],"_links":{"self":[{"href":"https:\/\/correiosulgoiano.com.br\/index.php?rest_route=\/wp\/v2\/posts\/4057"}],"collection":[{"href":"https:\/\/correiosulgoiano.com.br\/index.php?rest_route=\/wp\/v2\/posts"}],"about":[{"href":"https:\/\/correiosulgoiano.com.br\/index.php?rest_route=\/wp\/v2\/types\/post"}],"author":[{"embeddable":true,"href":"https:\/\/correiosulgoiano.com.br\/index.php?rest_route=\/wp\/v2\/users\/1"}],"replies":[{"embeddable":true,"href":"https:\/\/correiosulgoiano.com.br\/index.php?rest_route=%2Fwp%2Fv2%2Fcomments&post=4057"}],"version-history":[{"count":1,"href":"https:\/\/correiosulgoiano.com.br\/index.php?rest_route=\/wp\/v2\/posts\/4057\/revisions"}],"predecessor-version":[{"id":4059,"href":"https:\/\/correiosulgoiano.com.br\/index.php?rest_route=\/wp\/v2\/posts\/4057\/revisions\/4059"}],"wp:featuredmedia":[{"embeddable":true,"href":"https:\/\/correiosulgoiano.com.br\/index.php?rest_route=\/wp\/v2\/media\/4058"}],"wp:attachment":[{"href":"https:\/\/correiosulgoiano.com.br\/index.php?rest_route=%2Fwp%2Fv2%2Fmedia&parent=4057"}],"wp:term":[{"taxonomy":"category","embeddable":true,"href":"https:\/\/correiosulgoiano.com.br\/index.php?rest_route=%2Fwp%2Fv2%2Fcategories&post=4057"},{"taxonomy":"post_tag","embeddable":true,"href":"https:\/\/correiosulgoiano.com.br\/index.php?rest_route=%2Fwp%2Fv2%2Ftags&post=4057"}],"curies":[{"name":"wp","href":"https:\/\/api.w.org\/{rel}","templated":true}]}}