{"id":4288,"date":"2015-11-21T12:16:14","date_gmt":"2015-11-21T14:16:14","guid":{"rendered":"https:\/\/correiosulgoiano.com.br\/?p=4288"},"modified":"2015-11-21T18:41:14","modified_gmt":"2015-11-21T20:41:14","slug":"brasileirao-corinthians-empata-com-vasco-e-faz-a-festa-antecipada-e-campeao","status":"publish","type":"post","link":"https:\/\/correiosulgoiano.com.br\/?p=4288","title":{"rendered":"BRASILEIR\u00c3O: Corinthians empata com Vasco e faz a festa antecipada&#8230; \u00e9 campe\u00e3o!"},"content":{"rendered":"<p><span style=\"font-size: 14pt; font-family: Verdana, Geneva, sans-serif; color: #000000;\">Em S\u00e3o Janu\u00e1rio lotado, o Corinthians empatou em\u00a01 a 1 com o Vasco e antecipou em tr\u00eas rodadas a festa do t\u00edtulo de Campe\u00e3o Brasileiro de 2015. A derrota do\u00a0Atl\u00e9tico-MG para o S\u00e3o Paulo no Morumbi, por 4 a 2 tirou qualquer chance dos mineiros alcan\u00e7arem o &#8220;tim\u00e3o&#8221;.<\/span><\/p>\n<p><span style=\"font-size: 14pt; font-family: Verdana, Geneva, sans-serif; color: #000000;\">Um clima de guerra cercou a partida desde antes do apito inicial: bares ao redor do est\u00e1dio fecharam e torcedores foram detidos com bombas.<\/span><\/p>\n<p><span style=\"font-size: 14pt; font-family: Verdana, Geneva, sans-serif; color: #000000;\">Dentro de campo, a press\u00e3o da torcida vasca\u00edna foi grande, e embalou o time. Mas, a fragilidade vasca\u00edna \u00e9 evidente, e o time carioca n\u00e3o conseguiu vencer, para ficar em situa\u00e7\u00e3o menos pior na luta contra o rebaixamento.<\/span><\/p>\n<p><span style=\"font-size: 14pt; font-family: Verdana, Geneva, sans-serif; color: #000000;\">Mas, o Vasco foi valente, e tentou pressionar. Infelizmente, Rodrigo foi expulso, de novo, e deixou seus companheiros em situa\u00e7\u00e3o ainda mais dif\u00edcil contra um time que sabe tocar bem a bola.<\/span><\/p>\n<p><span style=\"font-size: 14pt; font-family: Verdana, Geneva, sans-serif; color: #000000;\">Ainda assim o time cruzmaltino\u00a0n\u00e3o se abateu: em um lance de Nen\u00ea para o lateral esquerdo J\u00falio C\u00e9sar, o Vasco marcou e saiu na frente. Por\u00e9m, com um homem a menos, n\u00e3o conseguiu se defender o resto do jogo e cedeu o empate.<\/span><\/p>\n<p><span style=\"font-size: 14pt; font-family: Verdana, Geneva, sans-serif; color: #000000;\">O Corinthians somou 78 pontos e j\u00e1 n\u00e3o pode ser alcan\u00e7ado \u2013 jogar\u00e1 o cl\u00e1ssico contra o S\u00e3o Paulo no pr\u00f3ximo domingo e as \u00faltimas tr\u00eas rodadas do campeonato para cumprir tabela e receber os louros do t\u00edtulo.<\/span><\/p>\n<p><span style=\"font-size: 14pt; font-family: Verdana, Geneva, sans-serif; color: #000000;\">O Vasco, por sua vez, deve enfrentar dificuldades para escapar do rebaixamento, j\u00e1 que ocupa a vice-lanterna com 34 pontos.<\/span><\/p>\n<p><span style=\"font-size: 14pt; font-family: Verdana, Geneva, sans-serif; color: #000000;\"><strong>FICHA T\u00c9CNICA<br \/>\nVASCO X CORINTHIANS<\/strong><\/span><\/p>\n<p><span style=\"font-size: 14pt; font-family: Verdana, Geneva, sans-serif; color: #000000;\"><strong>Local:<\/strong> est\u00e1dio de S\u00e3o Janu\u00e1rio, no Rio de Janeiro (RJ)<\/span><br \/>\n<span style=\"font-size: 14pt; font-family: Verdana, Geneva, sans-serif; color: #000000;\"> <strong>Data:<\/strong> 19 de novembro de 2015, quinta-feira<\/span><br \/>\n<span style=\"font-size: 14pt; font-family: Verdana, Geneva, sans-serif; color: #000000;\"> <strong>Hor\u00e1rio:<\/strong> 22h (de Bras\u00edlia)<\/span><br \/>\n<span style=\"font-size: 14pt; font-family: Verdana, Geneva, sans-serif; color: #000000;\"> <strong>\u00c1rbitro:<\/strong> Anderson Daronco (RS)<\/span><br \/>\n<span style=\"font-size: 14pt; font-family: Verdana, Geneva, sans-serif; color: #000000;\"> <strong>Assistentes<\/strong>: Alessandro Rocha de Matos (BA) e Fabiano da Silva Ramires (ES)<\/span><br \/>\n<span style=\"font-size: 14pt; font-family: Verdana, Geneva, sans-serif; color: #000000;\"> <strong>Cart\u00f5es amarelos<\/strong>: Rodrigo, Diguinho (Vasco); Jadson, Edilson\u00a0(Corinthians)<\/span><br \/>\n<span style=\"font-size: 14pt; font-family: Verdana, Geneva, sans-serif; color: #000000;\"> Cart\u00e3o vermelho: Rodrigo (Vasco)<\/span><\/p>\n<p><span style=\"font-size: 14pt; font-family: Verdana, Geneva, sans-serif; color: #000000;\"><strong>VASCO:<\/strong> Martin Silva, Madson, Luan, Rodrigo e Julio Cesar; Diguinho (Rafael Vaz), Serginho, Andrezinho e Nen\u00ea; Rafael Silva (Jorge Henrique) e Riascos (\u00c9der\u00a0Lu\u00eds)<\/span><br \/>\n<span style=\"font-size: 14pt; font-family: Verdana, Geneva, sans-serif; color: #000000;\"> T\u00e9cnico: Jorginho<\/span><\/p>\n<p><span style=\"font-size: 14pt; font-family: Verdana, Geneva, sans-serif; color: #000000;\"><strong>CORINTHIANS<\/strong>: C\u00e1ssio; Ed\u00edlson, Felipe, Gil e Guilherme Arana; Ralf (Bruno Henrique), Elias (Lucca), Jadson, Renato Augusto (Rodriguinho) e Malcom; Vagner Love<\/span><br \/>\n<span style=\"font-size: 14pt; font-family: Verdana, Geneva, sans-serif; color: #000000;\"> T\u00e9cnico: Tite:<\/span><\/p>\n<p><span style=\"font-size: 14pt; font-family: Verdana, Geneva, sans-serif; color: #000000;\">Fonte: Reprodu\u00e7\u00e3o UOL<\/span><\/p>\n","protected":false},"excerpt":{"rendered":"<p>Em S\u00e3o Janu\u00e1rio lotado, o Corinthians empatou em\u00a01 a 1 com o Vasco e antecipou em tr\u00eas rodadas a festa do t\u00edtulo de Campe\u00e3o Brasileiro de 2015. A derrota do\u00a0Atl\u00e9tico-MG para o S\u00e3o Paulo no Morumbi, por 4 a 2 tirou qualquer chance dos mineiros alcan\u00e7arem o &#8220;tim\u00e3o&#8221;. Um clima de guerra cercou a partida &#8230;<\/p>\n","protected":false},"author":1,"featured_media":4289,"comment_status":"open","ping_status":"open","sticky":false,"template":"","format":"standard","meta":{"spay_email":"","jetpack_publicize_message":""},"categories":[58],"tags":[],"jetpack_featured_media_url":"https:\/\/correiosulgoiano.com.br\/wp-content\/uploads\/2015\/11\/CORINTHIANS.jpg","jetpack_publicize_connections":[],"_links":{"self":[{"href":"https:\/\/correiosulgoiano.com.br\/index.php?rest_route=\/wp\/v2\/posts\/4288"}],"collection":[{"href":"https:\/\/correiosulgoiano.com.br\/index.php?rest_route=\/wp\/v2\/posts"}],"about":[{"href":"https:\/\/correiosulgoiano.com.br\/index.php?rest_route=\/wp\/v2\/types\/post"}],"author":[{"embeddable":true,"href":"https:\/\/correiosulgoiano.com.br\/index.php?rest_route=\/wp\/v2\/users\/1"}],"replies":[{"embeddable":true,"href":"https:\/\/correiosulgoiano.com.br\/index.php?rest_route=%2Fwp%2Fv2%2Fcomments&post=4288"}],"version-history":[{"count":2,"href":"https:\/\/correiosulgoiano.com.br\/index.php?rest_route=\/wp\/v2\/posts\/4288\/revisions"}],"predecessor-version":[{"id":4291,"href":"https:\/\/correiosulgoiano.com.br\/index.php?rest_route=\/wp\/v2\/posts\/4288\/revisions\/4291"}],"wp:featuredmedia":[{"embeddable":true,"href":"https:\/\/correiosulgoiano.com.br\/index.php?rest_route=\/wp\/v2\/media\/4289"}],"wp:attachment":[{"href":"https:\/\/correiosulgoiano.com.br\/index.php?rest_route=%2Fwp%2Fv2%2Fmedia&parent=4288"}],"wp:term":[{"taxonomy":"category","embeddable":true,"href":"https:\/\/correiosulgoiano.com.br\/index.php?rest_route=%2Fwp%2Fv2%2Fcategories&post=4288"},{"taxonomy":"post_tag","embeddable":true,"href":"https:\/\/correiosulgoiano.com.br\/index.php?rest_route=%2Fwp%2Fv2%2Ftags&post=4288"}],"curies":[{"name":"wp","href":"https:\/\/api.w.org\/{rel}","templated":true}]}}