{"id":4650,"date":"2015-12-18T12:37:53","date_gmt":"2015-12-18T14:37:53","guid":{"rendered":"https:\/\/correiosulgoiano.com.br\/?p=4650"},"modified":"2015-12-19T00:10:24","modified_gmt":"2015-12-19T02:10:24","slug":"expomorrinhos-grade-de-shows-esta-quase-definida-valor-do-ingresso-tambem-nao-foi-confirmado","status":"publish","type":"post","link":"https:\/\/correiosulgoiano.com.br\/?p=4650","title":{"rendered":"EXPOMORRINHOS: Grade de shows est\u00e1 quase definida. Valor do ingresso tamb\u00e9m n\u00e3o foi confirmado"},"content":{"rendered":"<p><span style=\"font-size: 14pt; font-family: Verdana, Geneva, sans-serif; color: #000000;\">J\u00e1 est\u00e1 quase conclu\u00edda a grade de shows para a 42\u00aa ExpoMorrinhos, que acontecer\u00e1 entre os dias 25 de maio e 05 de Junho de 2016, no Parque de Exposi\u00e7\u00e3o Sylvio de Mello.<\/span><\/p>\n<div id=\"attachment_4493\" style=\"width: 326px\" class=\"wp-caption alignnone\"><a href=\"https:\/\/correiosulgoiano.com.br\/wp-content\/uploads\/2015\/12\/13.jpg\"><img aria-describedby=\"caption-attachment-4493\" loading=\"lazy\" class=\" wp-image-4493\" src=\"https:\/\/correiosulgoiano.com.br\/wp-content\/uploads\/2015\/12\/13.jpg\" alt=\"Patrocinando a Informa\u00e7\u00e3o\" width=\"316\" height=\"107\" srcset=\"https:\/\/correiosulgoiano.com.br\/wp-content\/uploads\/2015\/12\/13.jpg 792w, https:\/\/correiosulgoiano.com.br\/wp-content\/uploads\/2015\/12\/13-300x102.jpg 300w\" sizes=\"(max-width: 316px) 100vw, 316px\" \/><\/a><p id=\"caption-attachment-4493\" class=\"wp-caption-text\">Patrocinando a Informa\u00e7\u00e3o<\/p><\/div>\n<p><span style=\"font-size: 14pt; font-family: Verdana, Geneva, sans-serif; color: #000000;\">Faltam algumas confirma\u00e7\u00f5es, que ser\u00e3o acertadas nos pr\u00f3ximos dias. Por isso, algumas datas ainda est\u00e3o em aberto. As negocia\u00e7\u00f5es j\u00e1 est\u00e3o adiantadas, mas os nomes n\u00e3o foram informados e s\u00f3 ser\u00e3o divulgados quando forem confirmados para n\u00e3o criar falsa expectativas.<\/span><\/p>\n<p><span style=\"font-size: 14pt; font-family: Verdana, Geneva, sans-serif; color: #000000;\">O valor do ingresso ainda n\u00e3o foi definido, o que dever\u00e1 acontecer nas pr\u00f3ximas semanas. Em 2015 foi R$ 30,00.<\/span><\/p>\n<p><span style=\"font-size: 14pt; font-family: Verdana, Geneva, sans-serif; color: #000000;\">Uma mudan\u00e7a para 2016 \u00e9 que o desfile de cavaleiros e amazonas ser\u00e1 na sexta-feira, e n\u00e3o mais no s\u00e1bado. \u00c9 que a sexta-feira, 27 de maio de 2016 ser\u00e1 o dia seguinte ao feriado de Corpus Christi, portanto um final de semana prolongado.<\/span><\/p>\n<div id=\"attachment_4577\" style=\"width: 324px\" class=\"wp-caption alignnone\"><a href=\"https:\/\/correiosulgoiano.com.br\/wp-content\/uploads\/2015\/12\/Mercotintas-Banner-Site-02.jpg\"><img aria-describedby=\"caption-attachment-4577\" loading=\"lazy\" class=\" wp-image-4577\" src=\"https:\/\/correiosulgoiano.com.br\/wp-content\/uploads\/2015\/12\/Mercotintas-Banner-Site-02.jpg\" alt=\"Garantia de qualidade nos produtos e menor pre\u00e7o - Fale com o Jurandir\" width=\"314\" height=\"262\" srcset=\"https:\/\/correiosulgoiano.com.br\/wp-content\/uploads\/2015\/12\/Mercotintas-Banner-Site-02.jpg 749w, https:\/\/correiosulgoiano.com.br\/wp-content\/uploads\/2015\/12\/Mercotintas-Banner-Site-02-300x250.jpg 300w\" sizes=\"(max-width: 314px) 100vw, 314px\" \/><\/a><p id=\"caption-attachment-4577\" class=\"wp-caption-text\">Qualidade e menor pre\u00e7o &#8211; Fale com o Jurandir<\/p><\/div>\n<p><span style=\"font-size: 14pt; font-family: Verdana, Geneva, sans-serif; color: #000000;\">Confira os shows que j\u00e1 est\u00e3o confirmados na grade de 2016 na ExpoMorrinhos 42\u00aa edi\u00e7\u00e3o:<\/span><\/p>\n<p><span style=\"font-size: 14pt; font-family: Verdana, Geneva, sans-serif; color: #000000;\"><a href=\"https:\/\/correiosulgoiano.com.br\/wp-content\/uploads\/2015\/12\/cabar\u00e9.jpg\"><img loading=\"lazy\" class=\"alignnone wp-image-4658\" src=\"https:\/\/correiosulgoiano.com.br\/wp-content\/uploads\/2015\/12\/cabar\u00e9.jpg\" alt=\"cabar\u00e9\" width=\"150\" height=\"150\" srcset=\"https:\/\/correiosulgoiano.com.br\/wp-content\/uploads\/2015\/12\/cabar\u00e9.jpg 198w, https:\/\/correiosulgoiano.com.br\/wp-content\/uploads\/2015\/12\/cabar\u00e9-150x150.jpg 150w, https:\/\/correiosulgoiano.com.br\/wp-content\/uploads\/2015\/12\/cabar\u00e9-55x55.jpg 55w\" sizes=\"(max-width: 150px) 100vw, 150px\" \/><\/a>\u00a0&#8211;\u00a0Dia 25, de maio, quarta-feira, Leonardo e Eduardo Costa com o show Cabar\u00e9.<\/span><\/p>\n<p><span style=\"font-size: 14pt; font-family: Verdana, Geneva, sans-serif; color: #000000;\"><a href=\"https:\/\/correiosulgoiano.com.br\/wp-content\/uploads\/2015\/12\/silhueta-interroga\u00e7\u00e3o.jpg\"><img loading=\"lazy\" class=\"alignnone  wp-image-4672\" src=\"https:\/\/correiosulgoiano.com.br\/wp-content\/uploads\/2015\/12\/silhueta-interroga\u00e7\u00e3o.jpg\" alt=\"silhueta-interroga\u00e7\u00e3o\" width=\"150\" height=\"150\" srcset=\"https:\/\/correiosulgoiano.com.br\/wp-content\/uploads\/2015\/12\/silhueta-interroga\u00e7\u00e3o.jpg 284w, https:\/\/correiosulgoiano.com.br\/wp-content\/uploads\/2015\/12\/silhueta-interroga\u00e7\u00e3o-150x150.jpg 150w, https:\/\/correiosulgoiano.com.br\/wp-content\/uploads\/2015\/12\/silhueta-interroga\u00e7\u00e3o-55x55.jpg 55w\" sizes=\"(max-width: 150px) 100vw, 150px\" \/><\/a>\u00a0&#8211;\u00a0Dia 26, de maio, quinta-feira, aguardando confirma\u00e7\u00e3o do artista.<\/span><\/p>\n<p><span style=\"font-size: 14pt; font-family: Verdana, Geneva, sans-serif; color: #000000;\"><a href=\"https:\/\/correiosulgoiano.com.br\/wp-content\/uploads\/2015\/12\/silhueta-interroga\u00e7\u00e3o.jpg\"><img loading=\"lazy\" class=\"alignnone  wp-image-4672\" src=\"https:\/\/correiosulgoiano.com.br\/wp-content\/uploads\/2015\/12\/silhueta-interroga\u00e7\u00e3o.jpg\" alt=\"silhueta-interroga\u00e7\u00e3o\" width=\"150\" height=\"150\" srcset=\"https:\/\/correiosulgoiano.com.br\/wp-content\/uploads\/2015\/12\/silhueta-interroga\u00e7\u00e3o.jpg 284w, https:\/\/correiosulgoiano.com.br\/wp-content\/uploads\/2015\/12\/silhueta-interroga\u00e7\u00e3o-150x150.jpg 150w, https:\/\/correiosulgoiano.com.br\/wp-content\/uploads\/2015\/12\/silhueta-interroga\u00e7\u00e3o-55x55.jpg 55w\" sizes=\"(max-width: 150px) 100vw, 150px\" \/><\/a>\u00a0&#8211;\u00a0Dia 27, de maio, sexta-feira, aguardando confirma\u00e7\u00e3o do artista, mas est\u00e1 definido que neste dia n\u00e3o haver\u00e1 cobran\u00e7a de ingresso.<\/span><\/p>\n<p><span style=\"font-size: 14pt; font-family: Verdana, Geneva, sans-serif; color: #000000;\"><a href=\"https:\/\/correiosulgoiano.com.br\/wp-content\/uploads\/2015\/12\/Z\u00e9-Neto-e-Cristiano.jpg\"><img loading=\"lazy\" class=\"alignnone wp-image-4659\" src=\"https:\/\/correiosulgoiano.com.br\/wp-content\/uploads\/2015\/12\/Z\u00e9-Neto-e-Cristiano.jpg\" alt=\"Z\u00e9-Neto-e-Cristiano\" width=\"150\" height=\"150\" srcset=\"https:\/\/correiosulgoiano.com.br\/wp-content\/uploads\/2015\/12\/Z\u00e9-Neto-e-Cristiano.jpg 198w, https:\/\/correiosulgoiano.com.br\/wp-content\/uploads\/2015\/12\/Z\u00e9-Neto-e-Cristiano-150x150.jpg 150w, https:\/\/correiosulgoiano.com.br\/wp-content\/uploads\/2015\/12\/Z\u00e9-Neto-e-Cristiano-55x55.jpg 55w\" sizes=\"(max-width: 150px) 100vw, 150px\" \/><\/a>\u00a0&#8211;\u00a0Dia 28, de maio, s\u00e1bado, Z\u00e9 Neto e Cristiano.<\/span><\/p>\n<p><span style=\"font-size: 14pt; font-family: Verdana, Geneva, sans-serif; color: #000000;\"><a href=\"https:\/\/correiosulgoiano.com.br\/wp-content\/uploads\/2015\/12\/silhueta-interroga\u00e7\u00e3o.jpg\"><img loading=\"lazy\" class=\"alignnone  wp-image-4672\" src=\"https:\/\/correiosulgoiano.com.br\/wp-content\/uploads\/2015\/12\/silhueta-interroga\u00e7\u00e3o.jpg\" alt=\"silhueta-interroga\u00e7\u00e3o\" width=\"150\" height=\"150\" srcset=\"https:\/\/correiosulgoiano.com.br\/wp-content\/uploads\/2015\/12\/silhueta-interroga\u00e7\u00e3o.jpg 284w, https:\/\/correiosulgoiano.com.br\/wp-content\/uploads\/2015\/12\/silhueta-interroga\u00e7\u00e3o-150x150.jpg 150w, https:\/\/correiosulgoiano.com.br\/wp-content\/uploads\/2015\/12\/silhueta-interroga\u00e7\u00e3o-55x55.jpg 55w\" sizes=\"(max-width: 150px) 100vw, 150px\" \/><\/a>\u00a0&#8211;\u00a0Dia 29, de maio, domingo, aguardando confirma\u00e7\u00e3o do artista, mas est\u00e1 definido que neste dia tamb\u00e9m n\u00e3o haver\u00e1 cobran\u00e7a de ingresso.<\/span><\/p>\n<p><span style=\"font-size: 14pt; font-family: Verdana, Geneva, sans-serif; color: #000000;\"><a href=\"https:\/\/correiosulgoiano.com.br\/wp-content\/uploads\/2015\/12\/wesley.jpg\"><img loading=\"lazy\" class=\"alignnone wp-image-4660\" src=\"https:\/\/correiosulgoiano.com.br\/wp-content\/uploads\/2015\/12\/wesley.jpg\" alt=\"wesley\" width=\"150\" height=\"150\" srcset=\"https:\/\/correiosulgoiano.com.br\/wp-content\/uploads\/2015\/12\/wesley.jpg 196w, https:\/\/correiosulgoiano.com.br\/wp-content\/uploads\/2015\/12\/wesley-150x150.jpg 150w, https:\/\/correiosulgoiano.com.br\/wp-content\/uploads\/2015\/12\/wesley-55x55.jpg 55w\" sizes=\"(max-width: 150px) 100vw, 150px\" \/><\/a>\u00a0&#8211;\u00a0Dia 1\u00ba, de junho, quarta-feira, Wesley Safad\u00e3o.<\/span><\/p>\n<p><span style=\"font-size: 14pt; font-family: Verdana, Geneva, sans-serif; color: #000000;\"><a href=\"https:\/\/correiosulgoiano.com.br\/wp-content\/uploads\/2015\/12\/Ze-Ricardo-e-THiago.jpg\"><img loading=\"lazy\" class=\"alignnone wp-image-4661\" src=\"https:\/\/correiosulgoiano.com.br\/wp-content\/uploads\/2015\/12\/Ze-Ricardo-e-THiago.jpg\" alt=\"Ze-Ricardo-e-THiago\" width=\"149\" height=\"187\" \/><\/a>\u00a0&#8211;\u00a0Dia 02, de junho, quinta-feira, Z\u00e9 Ricardo e Thiago\u00a0&#8211; Abertura do Rodeio &#8211; Narra\u00e7\u00e3o de Piracicabano.<\/span><\/p>\n<p><span style=\"font-size: 14pt; font-family: Verdana, Geneva, sans-serif; color: #000000;\"><a href=\"https:\/\/correiosulgoiano.com.br\/wp-content\/uploads\/2015\/12\/maiara.jpg\"><img loading=\"lazy\" class=\"alignnone wp-image-4662\" src=\"https:\/\/correiosulgoiano.com.br\/wp-content\/uploads\/2015\/12\/maiara.jpg\" alt=\"maiara\" width=\"150\" height=\"150\" srcset=\"https:\/\/correiosulgoiano.com.br\/wp-content\/uploads\/2015\/12\/maiara.jpg 196w, https:\/\/correiosulgoiano.com.br\/wp-content\/uploads\/2015\/12\/maiara-150x150.jpg 150w, https:\/\/correiosulgoiano.com.br\/wp-content\/uploads\/2015\/12\/maiara-55x55.jpg 55w\" sizes=\"(max-width: 150px) 100vw, 150px\" \/><\/a>\u00a0&#8211;\u00a0Dia 03, de junho, sexta-feira, Maiara e Mara\u00edsa<\/span><\/p>\n<p><span style=\"font-size: 14pt; font-family: Verdana, Geneva, sans-serif; color: #000000;\"><a href=\"https:\/\/correiosulgoiano.com.br\/wp-content\/uploads\/2015\/12\/israel.jpg\"><img loading=\"lazy\" class=\"alignnone wp-image-4663\" src=\"https:\/\/correiosulgoiano.com.br\/wp-content\/uploads\/2015\/12\/israel.jpg\" alt=\"israel\" width=\"150\" height=\"150\" srcset=\"https:\/\/correiosulgoiano.com.br\/wp-content\/uploads\/2015\/12\/israel.jpg 220w, https:\/\/correiosulgoiano.com.br\/wp-content\/uploads\/2015\/12\/israel-150x150.jpg 150w, https:\/\/correiosulgoiano.com.br\/wp-content\/uploads\/2015\/12\/israel-55x55.jpg 55w\" sizes=\"(max-width: 150px) 100vw, 150px\" \/><\/a>\u00a0&#8211;\u00a0Dia 04, de junho, s\u00e1bado, Israel Novaes.<\/span><\/p>\n<p><span style=\"font-size: 14pt; font-family: Verdana, Geneva, sans-serif; color: #000000;\"><a href=\"https:\/\/correiosulgoiano.com.br\/wp-content\/uploads\/2015\/12\/bingo.png\"><img loading=\"lazy\" class=\"alignnone wp-image-4664\" src=\"https:\/\/correiosulgoiano.com.br\/wp-content\/uploads\/2015\/12\/bingo.png\" alt=\"bingo\" width=\"158\" height=\"170\" \/><\/a>\u00a0&#8211;\u00a0Dia 05, de junho, domingo, sem show art\u00edstico, haver\u00e1 o tradicional BINGO.<\/span><\/p>\n<p><span style=\"font-size: 14pt; font-family: Verdana, Geneva, sans-serif; color: #ff0000;\">Abaixo clique em Like e compartilhe esta not\u00edcia<\/span><\/p>\n<p><a href=\"https:\/\/correiosulgoiano.com.br\/wp-content\/uploads\/2015\/12\/5.jpg\"><img loading=\"lazy\" class=\" wp-image-4492\" src=\"https:\/\/correiosulgoiano.com.br\/wp-content\/uploads\/2015\/12\/5.jpg\" alt=\"TODA QUARTA-FEIRA \u00c9 DIA DE PIZZA EM DOBRO - APROVEITE!!!\" width=\"539\" height=\"180\" srcset=\"https:\/\/correiosulgoiano.com.br\/wp-content\/uploads\/2015\/12\/5.jpg 790w, https:\/\/correiosulgoiano.com.br\/wp-content\/uploads\/2015\/12\/5-300x100.jpg 300w\" sizes=\"(max-width: 539px) 100vw, 539px\" \/><\/a><\/p>\n<p>TODA QUARTA-FEIRA \u00c9 DIA DE PIZZA EM DOBRO &#8211; APROVEITE!!!<\/p>\n<p>&nbsp;<\/p>\n","protected":false},"excerpt":{"rendered":"<p>J\u00e1 est\u00e1 quase conclu\u00edda a grade de shows para a 42\u00aa ExpoMorrinhos, que acontecer\u00e1 entre os dias 25 de maio e 05 de Junho de 2016, no Parque de Exposi\u00e7\u00e3o Sylvio de Mello. Faltam algumas confirma\u00e7\u00f5es, que ser\u00e3o acertadas nos pr\u00f3ximos dias. Por isso, algumas datas ainda est\u00e3o em aberto. As negocia\u00e7\u00f5es j\u00e1 est\u00e3o adiantadas, &#8230;<\/p>\n","protected":false},"author":1,"featured_media":4651,"comment_status":"open","ping_status":"open","sticky":false,"template":"","format":"standard","meta":{"spay_email":"","jetpack_publicize_message":""},"categories":[58],"tags":[116,117,118,308],"jetpack_featured_media_url":"https:\/\/correiosulgoiano.com.br\/wp-content\/uploads\/2015\/12\/cabare-1.jpg","jetpack_publicize_connections":[],"_links":{"self":[{"href":"https:\/\/correiosulgoiano.com.br\/index.php?rest_route=\/wp\/v2\/posts\/4650"}],"collection":[{"href":"https:\/\/correiosulgoiano.com.br\/index.php?rest_route=\/wp\/v2\/posts"}],"about":[{"href":"https:\/\/correiosulgoiano.com.br\/index.php?rest_route=\/wp\/v2\/types\/post"}],"author":[{"embeddable":true,"href":"https:\/\/correiosulgoiano.com.br\/index.php?rest_route=\/wp\/v2\/users\/1"}],"replies":[{"embeddable":true,"href":"https:\/\/correiosulgoiano.com.br\/index.php?rest_route=%2Fwp%2Fv2%2Fcomments&post=4650"}],"version-history":[{"count":14,"href":"https:\/\/correiosulgoiano.com.br\/index.php?rest_route=\/wp\/v2\/posts\/4650\/revisions"}],"predecessor-version":[{"id":4673,"href":"https:\/\/correiosulgoiano.com.br\/index.php?rest_route=\/wp\/v2\/posts\/4650\/revisions\/4673"}],"wp:featuredmedia":[{"embeddable":true,"href":"https:\/\/correiosulgoiano.com.br\/index.php?rest_route=\/wp\/v2\/media\/4651"}],"wp:attachment":[{"href":"https:\/\/correiosulgoiano.com.br\/index.php?rest_route=%2Fwp%2Fv2%2Fmedia&parent=4650"}],"wp:term":[{"taxonomy":"category","embeddable":true,"href":"https:\/\/correiosulgoiano.com.br\/index.php?rest_route=%2Fwp%2Fv2%2Fcategories&post=4650"},{"taxonomy":"post_tag","embeddable":true,"href":"https:\/\/correiosulgoiano.com.br\/index.php?rest_route=%2Fwp%2Fv2%2Ftags&post=4650"}],"curies":[{"name":"wp","href":"https:\/\/api.w.org\/{rel}","templated":true}]}}