{"id":4699,"date":"2015-12-22T02:29:12","date_gmt":"2015-12-22T04:29:12","guid":{"rendered":"https:\/\/correiosulgoiano.com.br\/?p=4699"},"modified":"2015-12-22T02:29:12","modified_gmt":"2015-12-22T04:29:12","slug":"soldado-de-23-anos-morre-apos-receber-forte-descarga-eletrica-em-dia-de-folga","status":"publish","type":"post","link":"https:\/\/correiosulgoiano.com.br\/?p=4699","title":{"rendered":"Soldado de 23 anos morre ap\u00f3s receber forte descarga el\u00e9trica em dia de folga"},"content":{"rendered":"<p><span style=\"font-size: 14pt; font-family: Verdana, Geneva, sans-serif; color: #000000;\">Policial militar de apenas 23 anos, e que trabalhava em Caldas Novas morreu na tarde de segunda-feira, 21\/12, ap\u00f3s sofrer uma descarga el\u00e9trica \u00e0s margens de um rio, em um rancho no munic\u00edpio de Edealina.<\/span><\/p>\n<p><span style=\"font-size: 14pt; font-family: Verdana, Geneva, sans-serif; color: #000000;\">Pit\u00e1goras Vaz Brito de Oliveira, ou simplesmente Soldado Oliveira, tinha 23 anos e estava lotado no 26\u00ba BPM em Caldas Novas a pouco mais de 6 meses, quando chegou ap\u00f3s concluir o curso preparat\u00f3rio e formatura na PM de Goi\u00e1s.<\/span><\/p>\n<p><span style=\"font-size: 14pt; font-family: Verdana, Geneva, sans-serif; color: #000000;\">O Soldado Oliveira estava de folga e aproveitava o dia com amigos em uma pescaria, num rancho em Edealina, quando sem ver, pisou em um fio de energia el\u00e9trica que estava ca\u00eddo no ch\u00e3o.<\/span><\/p>\n<p><span class=\"text_exposed_show\" style=\"font-size: 14pt; font-family: Verdana, Geneva, sans-serif; color: #000000;\">O Soldado Oliveira\u00a0foi socorrido ainda com vida ao Hospital, mas n\u00e3o resistiu e acabou morrendo.<\/span><\/p>\n<p><span class=\"text_exposed_show\" style=\"font-size: 14pt; font-family: Verdana, Geneva, sans-serif; color: #000000;\">Amigos, colegas de farda e familiares est\u00e3o estarrecidos com a morte prematura do jovem policial militar. <\/span><\/p>\n<p><span class=\"text_exposed_show\" style=\"font-size: 14pt; font-family: Verdana, Geneva, sans-serif; color: #000000;\">Fomos informados de que o Comandante do 26\u00ba BPM, Tenente Coronel Ricardo Rocha, acompanha o caso e disse lamentar profundamente a morte do Soldado Oliveira, que vinha se destacando em seu trabalho desde que come\u00e7ou a atuar, em Caldas Novas.<\/span><\/p>\n","protected":false},"excerpt":{"rendered":"<p>Policial militar de apenas 23 anos, e que trabalhava em Caldas Novas morreu na tarde de segunda-feira, 21\/12, ap\u00f3s sofrer uma descarga el\u00e9trica \u00e0s margens de um rio, em um rancho no munic\u00edpio de Edealina. Pit\u00e1goras Vaz Brito de Oliveira, ou simplesmente Soldado Oliveira, tinha 23 anos e estava lotado no 26\u00ba BPM em Caldas &#8230;<\/p>\n","protected":false},"author":1,"featured_media":4700,"comment_status":"open","ping_status":"open","sticky":false,"template":"","format":"standard","meta":{"spay_email":"","jetpack_publicize_message":""},"categories":[46],"tags":[94,835,834,66,833],"jetpack_featured_media_url":"https:\/\/correiosulgoiano.com.br\/wp-content\/uploads\/2015\/12\/PM-2.jpg","jetpack_publicize_connections":[],"_links":{"self":[{"href":"https:\/\/correiosulgoiano.com.br\/index.php?rest_route=\/wp\/v2\/posts\/4699"}],"collection":[{"href":"https:\/\/correiosulgoiano.com.br\/index.php?rest_route=\/wp\/v2\/posts"}],"about":[{"href":"https:\/\/correiosulgoiano.com.br\/index.php?rest_route=\/wp\/v2\/types\/post"}],"author":[{"embeddable":true,"href":"https:\/\/correiosulgoiano.com.br\/index.php?rest_route=\/wp\/v2\/users\/1"}],"replies":[{"embeddable":true,"href":"https:\/\/correiosulgoiano.com.br\/index.php?rest_route=%2Fwp%2Fv2%2Fcomments&post=4699"}],"version-history":[{"count":1,"href":"https:\/\/correiosulgoiano.com.br\/index.php?rest_route=\/wp\/v2\/posts\/4699\/revisions"}],"predecessor-version":[{"id":4701,"href":"https:\/\/correiosulgoiano.com.br\/index.php?rest_route=\/wp\/v2\/posts\/4699\/revisions\/4701"}],"wp:featuredmedia":[{"embeddable":true,"href":"https:\/\/correiosulgoiano.com.br\/index.php?rest_route=\/wp\/v2\/media\/4700"}],"wp:attachment":[{"href":"https:\/\/correiosulgoiano.com.br\/index.php?rest_route=%2Fwp%2Fv2%2Fmedia&parent=4699"}],"wp:term":[{"taxonomy":"category","embeddable":true,"href":"https:\/\/correiosulgoiano.com.br\/index.php?rest_route=%2Fwp%2Fv2%2Fcategories&post=4699"},{"taxonomy":"post_tag","embeddable":true,"href":"https:\/\/correiosulgoiano.com.br\/index.php?rest_route=%2Fwp%2Fv2%2Ftags&post=4699"}],"curies":[{"name":"wp","href":"https:\/\/api.w.org\/{rel}","templated":true}]}}