{"id":4905,"date":"2016-02-22T00:35:22","date_gmt":"2016-02-22T03:35:22","guid":{"rendered":"https:\/\/correiosulgoiano.com.br\/?p=4905"},"modified":"2016-02-23T09:36:10","modified_gmt":"2016-02-23T12:36:10","slug":"tempo230216","status":"publish","type":"post","link":"https:\/\/correiosulgoiano.com.br\/?p=4905","title":{"rendered":"Ter\u00e7a-feira, 23 Fevereiro! Sol e Chuva&#8230; Previs\u00e3o do Tempo pelos Institutos de Meteorologia"},"content":{"rendered":"<p><span style=\"font-size: 12pt; font-family: Verdana, Geneva, sans-serif; color: #000000;\">Sol, calor, nuvens e chuva! Assim ser\u00e1 a semana, desde a segunda-feira, dia 22 de fevereiro, de acordo com as previs\u00f5es dos principais institutos de meteorologia para Morrinhos.<\/span><\/p>\n<p><span style=\"font-size: 12pt; font-family: Verdana, Geneva, sans-serif; color: #000000;\">Continua a varia\u00e7\u00e3o entre C\u00c9U ABERTO, com SOL FORTE e calor, e nebulosidade intensa, com o aparecimento repentino de nuvens e CHUVAS a qualquer hora do dia.<\/span><\/p>\n<p><span style=\"font-size: 12pt; font-family: Verdana, Geneva, sans-serif; color: #000000;\">Ali\u00e1s, o c\u00e9u nublado e as pancadas de chuva prevalecer\u00e3o at\u00e9 o final deste m\u00eas, segundo os meteorologistas.<\/span><\/p>\n<div id=\"attachment_5212\" style=\"width: 606px\" class=\"wp-caption alignnone\"><a href=\"https:\/\/correiosulgoiano.com.br\/wp-content\/uploads\/2016\/02\/tempo1.jpg\"><img aria-describedby=\"caption-attachment-5212\" loading=\"lazy\" class=\" wp-image-5212\" src=\"https:\/\/correiosulgoiano.com.br\/wp-content\/uploads\/2016\/02\/tempo1.jpg\" alt=\"Previs\u00e3o do Inmet - Instituto Nacional de Meteorologia\" width=\"596\" height=\"447\" srcset=\"https:\/\/correiosulgoiano.com.br\/wp-content\/uploads\/2016\/02\/tempo1.jpg 577w, https:\/\/correiosulgoiano.com.br\/wp-content\/uploads\/2016\/02\/tempo1-300x225.jpg 300w\" sizes=\"(max-width: 596px) 100vw, 596px\" \/><\/a><p id=\"caption-attachment-5212\" class=\"wp-caption-text\">Previs\u00e3o do Inmet &#8211; Instituto Nacional de Meteorologia<\/p><\/div>\n<div id=\"attachment_5201\" style=\"width: 608px\" class=\"wp-caption alignnone\"><a href=\"https:\/\/correiosulgoiano.com.br\/wp-content\/uploads\/2016\/02\/clima-4.jpg\"><img aria-describedby=\"caption-attachment-5201\" loading=\"lazy\" class=\"size-full wp-image-5201\" src=\"https:\/\/correiosulgoiano.com.br\/wp-content\/uploads\/2016\/02\/clima-4.jpg\" alt=\"Dados do site www.tempoagora.com.br\" width=\"598\" height=\"415\" srcset=\"https:\/\/correiosulgoiano.com.br\/wp-content\/uploads\/2016\/02\/clima-4.jpg 598w, https:\/\/correiosulgoiano.com.br\/wp-content\/uploads\/2016\/02\/clima-4-300x208.jpg 300w\" sizes=\"(max-width: 598px) 100vw, 598px\" \/><\/a><p id=\"caption-attachment-5201\" class=\"wp-caption-text\">Dados do site www.tempoagora.com.br<\/p><\/div>\n<div id=\"attachment_5202\" style=\"width: 610px\" class=\"wp-caption alignnone\"><a href=\"https:\/\/correiosulgoiano.com.br\/wp-content\/uploads\/2016\/02\/clima-5.jpg\"><img aria-describedby=\"caption-attachment-5202\" loading=\"lazy\" class=\"size-full wp-image-5202\" src=\"https:\/\/correiosulgoiano.com.br\/wp-content\/uploads\/2016\/02\/clima-5.jpg\" alt=\"Dados do site www.tempoagora.com.br\" width=\"600\" height=\"418\" srcset=\"https:\/\/correiosulgoiano.com.br\/wp-content\/uploads\/2016\/02\/clima-5.jpg 600w, https:\/\/correiosulgoiano.com.br\/wp-content\/uploads\/2016\/02\/clima-5-300x209.jpg 300w\" sizes=\"(max-width: 600px) 100vw, 600px\" \/><\/a><p id=\"caption-attachment-5202\" class=\"wp-caption-text\">Dados do site www.tempoagora.com.br<\/p><\/div>\n<div id=\"attachment_5203\" style=\"width: 613px\" class=\"wp-caption alignnone\"><a href=\"https:\/\/correiosulgoiano.com.br\/wp-content\/uploads\/2016\/02\/clima-6.jpg\"><img aria-describedby=\"caption-attachment-5203\" loading=\"lazy\" class=\" wp-image-5203\" src=\"https:\/\/correiosulgoiano.com.br\/wp-content\/uploads\/2016\/02\/clima-6.jpg\" alt=\"Dados do site www.tempoagora.com.br\" width=\"603\" height=\"420\" srcset=\"https:\/\/correiosulgoiano.com.br\/wp-content\/uploads\/2016\/02\/clima-6.jpg 607w, https:\/\/correiosulgoiano.com.br\/wp-content\/uploads\/2016\/02\/clima-6-300x209.jpg 300w\" sizes=\"(max-width: 603px) 100vw, 603px\" \/><\/a><p id=\"caption-attachment-5203\" class=\"wp-caption-text\">Dados do site www.tempoagora.com.br<\/p><\/div>\n<div id=\"attachment_5204\" style=\"width: 610px\" class=\"wp-caption alignnone\"><a href=\"https:\/\/correiosulgoiano.com.br\/wp-content\/uploads\/2016\/02\/clima-7.jpg\"><img aria-describedby=\"caption-attachment-5204\" loading=\"lazy\" class=\"size-full wp-image-5204\" src=\"https:\/\/correiosulgoiano.com.br\/wp-content\/uploads\/2016\/02\/clima-7.jpg\" alt=\"Dados do site www.tempoagora.com.br\" width=\"600\" height=\"422\" srcset=\"https:\/\/correiosulgoiano.com.br\/wp-content\/uploads\/2016\/02\/clima-7.jpg 600w, https:\/\/correiosulgoiano.com.br\/wp-content\/uploads\/2016\/02\/clima-7-300x211.jpg 300w\" sizes=\"(max-width: 600px) 100vw, 600px\" \/><\/a><p id=\"caption-attachment-5204\" class=\"wp-caption-text\">Dados do site www.tempoagora.com.br<\/p><\/div>\n<p><span style=\"font-size: 12pt; font-family: Verdana, Geneva, sans-serif; color: #000000;\">A Esta\u00e7\u00e3o Climatempo tem a seguinte previs\u00e3o:<\/span><\/p>\n<div id=\"attachment_5205\" style=\"width: 598px\" class=\"wp-caption alignnone\"><a href=\"https:\/\/correiosulgoiano.com.br\/wp-content\/uploads\/2016\/02\/clima-1.jpg\"><img aria-describedby=\"caption-attachment-5205\" loading=\"lazy\" class=\" wp-image-5205\" src=\"https:\/\/correiosulgoiano.com.br\/wp-content\/uploads\/2016\/02\/clima-1.jpg\" alt=\"Dados do site Climatempo\" width=\"588\" height=\"433\" srcset=\"https:\/\/correiosulgoiano.com.br\/wp-content\/uploads\/2016\/02\/clima-1.jpg 598w, https:\/\/correiosulgoiano.com.br\/wp-content\/uploads\/2016\/02\/clima-1-300x221.jpg 300w\" sizes=\"(max-width: 588px) 100vw, 588px\" \/><\/a><p id=\"caption-attachment-5205\" class=\"wp-caption-text\">Dados do site Climatempo<\/p><\/div>\n<p><a href=\"https:\/\/correiosulgoiano.com.br\/wp-content\/uploads\/2016\/01\/du-cheff.jpg\"><img loading=\"lazy\" class=\" wp-image-4895\" src=\"https:\/\/correiosulgoiano.com.br\/wp-content\/uploads\/2016\/01\/du-cheff.jpg\" alt=\"Toda quarta-feira \u00e9 dia de pizza em dobro - aproveite!!!\" width=\"550\" height=\"184\" srcset=\"https:\/\/correiosulgoiano.com.br\/wp-content\/uploads\/2016\/01\/du-cheff.jpg 790w, https:\/\/correiosulgoiano.com.br\/wp-content\/uploads\/2016\/01\/du-cheff-300x100.jpg 300w\" sizes=\"(max-width: 550px) 100vw, 550px\" \/><\/a><\/p>\n<p>Toda quarta-feira \u00e9 dia de pizza em dobro &#8211; aproveite!!!<\/p>\n<p><span style=\"color: #ff0000;\"><em><span style=\"font-size: 14pt; font-family: Verdana, Geneva, sans-serif;\">Abaixo clique em Like para compartilhar esta informa\u00e7\u00e3o<\/span><\/em><\/span><\/p>\n","protected":false},"excerpt":{"rendered":"<p>Sol, calor, nuvens e chuva! Assim ser\u00e1 a semana, desde a segunda-feira, dia 22 de fevereiro, de acordo com as previs\u00f5es dos principais institutos de meteorologia para Morrinhos. Continua a varia\u00e7\u00e3o entre C\u00c9U ABERTO, com SOL FORTE e calor, e nebulosidade intensa, com o aparecimento repentino de nuvens e CHUVAS a qualquer hora do dia. &#8230;<\/p>\n","protected":false},"author":1,"featured_media":5214,"comment_status":"open","ping_status":"open","sticky":false,"template":"","format":"standard","meta":{"spay_email":"","jetpack_publicize_message":""},"categories":[58],"tags":[],"jetpack_featured_media_url":"https:\/\/correiosulgoiano.com.br\/wp-content\/uploads\/2016\/02\/chuva.jpg","jetpack_publicize_connections":[],"_links":{"self":[{"href":"https:\/\/correiosulgoiano.com.br\/index.php?rest_route=\/wp\/v2\/posts\/4905"}],"collection":[{"href":"https:\/\/correiosulgoiano.com.br\/index.php?rest_route=\/wp\/v2\/posts"}],"about":[{"href":"https:\/\/correiosulgoiano.com.br\/index.php?rest_route=\/wp\/v2\/types\/post"}],"author":[{"embeddable":true,"href":"https:\/\/correiosulgoiano.com.br\/index.php?rest_route=\/wp\/v2\/users\/1"}],"replies":[{"embeddable":true,"href":"https:\/\/correiosulgoiano.com.br\/index.php?rest_route=%2Fwp%2Fv2%2Fcomments&post=4905"}],"version-history":[{"count":14,"href":"https:\/\/correiosulgoiano.com.br\/index.php?rest_route=\/wp\/v2\/posts\/4905\/revisions"}],"predecessor-version":[{"id":5213,"href":"https:\/\/correiosulgoiano.com.br\/index.php?rest_route=\/wp\/v2\/posts\/4905\/revisions\/5213"}],"wp:featuredmedia":[{"embeddable":true,"href":"https:\/\/correiosulgoiano.com.br\/index.php?rest_route=\/wp\/v2\/media\/5214"}],"wp:attachment":[{"href":"https:\/\/correiosulgoiano.com.br\/index.php?rest_route=%2Fwp%2Fv2%2Fmedia&parent=4905"}],"wp:term":[{"taxonomy":"category","embeddable":true,"href":"https:\/\/correiosulgoiano.com.br\/index.php?rest_route=%2Fwp%2Fv2%2Fcategories&post=4905"},{"taxonomy":"post_tag","embeddable":true,"href":"https:\/\/correiosulgoiano.com.br\/index.php?rest_route=%2Fwp%2Fv2%2Ftags&post=4905"}],"curies":[{"name":"wp","href":"https:\/\/api.w.org\/{rel}","templated":true}]}}