{"id":5335,"date":"2016-03-01T23:39:48","date_gmt":"2016-03-02T02:39:48","guid":{"rendered":"https:\/\/correiosulgoiano.com.br\/?p=5335"},"modified":"2016-03-01T23:40:01","modified_gmt":"2016-03-02T02:40:01","slug":"gustavo","status":"publish","type":"post","link":"https:\/\/correiosulgoiano.com.br\/?p=5335","title":{"rendered":"Gustavo Carlos Ferreira \u00e9 Delegado Especial &#8211; promo\u00e7\u00e3o foi por merecimento"},"content":{"rendered":"<p><span style=\"font-size: 14pt; font-family: Verdana, Geneva, sans-serif; color: #000000;\">O delegado Gustavo Carlos Ferreira foi promovido por MERECIMENTO \u00e0 classe de DELEGADO ESPECIAL da Pol\u00edcia Civil do Estado de Goi\u00e1s. \u00c9 a mais alta posi\u00e7\u00e3o que os delegados podem ocupar, em Goi\u00e1s!<\/span><\/p>\n<p><span style=\"font-size: 14pt; font-family: Verdana, Geneva, sans-serif; color: #000000;\">Acompanho o seu trabalho h\u00e1 alguns anos, e de tanto v\u00ea-lo trabalhar aprendi a admir\u00e1-lo.<\/span><\/p>\n<p><span style=\"font-size: 14pt; font-family: Verdana, Geneva, sans-serif; color: #000000;\">\u00c9 um profissional extremamente competente e organizado. Sabe comandar e tem o respeito e amizade de seus comandados.<\/span><\/p>\n<p><a href=\"https:\/\/correiosulgoiano.com.br\/wp-content\/uploads\/2016\/03\/gu3.jpg\"><img loading=\"lazy\" class=\"alignnone size-full wp-image-5338\" src=\"https:\/\/correiosulgoiano.com.br\/wp-content\/uploads\/2016\/03\/gu3.jpg\" alt=\"gu3\" width=\"640\" height=\"480\" srcset=\"https:\/\/correiosulgoiano.com.br\/wp-content\/uploads\/2016\/03\/gu3.jpg 640w, https:\/\/correiosulgoiano.com.br\/wp-content\/uploads\/2016\/03\/gu3-300x225.jpg 300w\" sizes=\"(max-width: 640px) 100vw, 640px\" \/><\/a><\/p>\n<p><span style=\"font-size: 14pt; font-family: Verdana, Geneva, sans-serif; color: #000000;\">Dr. Gustavo Carlos sempre foi um grande colaborador e facilitador do nosso trabalho de imprensa, com muita \u00e9tica.<\/span><\/p>\n<p><span style=\"font-size: 14pt; font-family: Verdana, Geneva, sans-serif; color: #000000;\">\u00c9 s\u00e9rio, honrado, e compromissado com a institui\u00e7\u00e3o, com o povo e com o Estado. N\u00e3o faz concess\u00f5es.<\/span><\/p>\n<p><a href=\"https:\/\/correiosulgoiano.com.br\/wp-content\/uploads\/2016\/03\/gu2.jpg\"><img loading=\"lazy\" class=\"alignnone size-full wp-image-5339\" src=\"https:\/\/correiosulgoiano.com.br\/wp-content\/uploads\/2016\/03\/gu2.jpg\" alt=\"gu2\" width=\"640\" height=\"415\" srcset=\"https:\/\/correiosulgoiano.com.br\/wp-content\/uploads\/2016\/03\/gu2.jpg 640w, https:\/\/correiosulgoiano.com.br\/wp-content\/uploads\/2016\/03\/gu2-300x195.jpg 300w\" sizes=\"(max-width: 640px) 100vw, 640px\" \/><\/a><\/p>\n<p><span style=\"font-size: 14pt; font-family: Verdana, Geneva, sans-serif; color: #000000;\">\u00c9 louv\u00e1vel o reconhecimento de seu trabalho e dedica\u00e7\u00e3o. Ali\u00e1s, os delegados e delegadas que atuam no sul goiano s\u00e3o TODOS de alt\u00edssimo n\u00edvel, chefiados por um cara fora do comum, que \u00e9 o Dr. Ricardo Torres Chueire &#8211; delegado chefe da 6\u00aa DRP, que tamb\u00e9m foi reconhecido pelo comando da Pol\u00edcia Civil.<\/span><\/p>\n<div id=\"attachment_5337\" style=\"width: 701px\" class=\"wp-caption alignnone\"><a href=\"https:\/\/correiosulgoiano.com.br\/wp-content\/uploads\/2016\/03\/gu4.jpg\"><img aria-describedby=\"caption-attachment-5337\" loading=\"lazy\" class=\"size-full wp-image-5337\" src=\"https:\/\/correiosulgoiano.com.br\/wp-content\/uploads\/2016\/03\/gu4.jpg\" alt=\"Dr Gustavo Carlos e Dr. Ricardo Torres Chueire\" width=\"691\" height=\"404\" srcset=\"https:\/\/correiosulgoiano.com.br\/wp-content\/uploads\/2016\/03\/gu4.jpg 691w, https:\/\/correiosulgoiano.com.br\/wp-content\/uploads\/2016\/03\/gu4-300x175.jpg 300w\" sizes=\"(max-width: 691px) 100vw, 691px\" \/><\/a><p id=\"caption-attachment-5337\" class=\"wp-caption-text\">Dr Gustavo Carlos e Dr. Ricardo Torres Chueire<\/p><\/div>\n<p><span style=\"font-size: 14pt; font-family: Verdana, Geneva, sans-serif; color: #000000;\">Desejo ao Dr. Gustavo Carlos Ferreira toda sorte do mundo, e que Deus o acompanhe por onde for. Se deixar Goiatuba para uma promo\u00e7\u00e3o far\u00e1 enorme falta \u00e0 esta cidade querida e maravilhosa, onde nasci.<\/span><\/p>\n<p><span style=\"font-size: 14pt; font-family: Verdana, Geneva, sans-serif; color: #000000;\">Parab\u00e9ns tamb\u00e9m a todos que trabalham na delegacia de Goiatuba ao lado do Dr. Gustavo &#8211; voc\u00eas tem muito a ver com esta promo\u00e7\u00e3o. Trabalho em equipe sempre ajuda muito.<\/span><\/p>\n<p><span style=\"font-size: 14pt; font-family: Verdana, Geneva, sans-serif; color: #000000;\">Parab\u00e9ns Dr. Gustavo, que Deus te aben\u00e7oe sempre! Ao Dr. Ricardo Torres Chueire, desejo a mesma boa sorte e prote\u00e7\u00e3o.<\/span><\/p>\n<p>Da reda\u00e7\u00e3o, por Leonardo Costa<\/p>\n<p><em><span style=\"font-size: 14pt; font-family: Verdana, Geneva, sans-serif; color: #ff0000;\">Para compartilhar esta not\u00edcia clique em LIKE abaixo:<\/span><\/em><\/p>\n<div id=\"attachment_5340\" style=\"width: 683px\" class=\"wp-caption alignnone\"><a href=\"https:\/\/correiosulgoiano.com.br\/wp-content\/uploads\/2016\/03\/gu1.jpg\"><img aria-describedby=\"caption-attachment-5340\" loading=\"lazy\" class=\" wp-image-5340\" src=\"https:\/\/correiosulgoiano.com.br\/wp-content\/uploads\/2016\/03\/gu1.jpg\" alt=\"Publica\u00e7\u00e3o da Promo\u00e7\u00e3o, no Di\u00e1rio Oficial\" width=\"673\" height=\"897\" srcset=\"https:\/\/correiosulgoiano.com.br\/wp-content\/uploads\/2016\/03\/gu1.jpg 720w, https:\/\/correiosulgoiano.com.br\/wp-content\/uploads\/2016\/03\/gu1-225x300.jpg 225w\" sizes=\"(max-width: 673px) 100vw, 673px\" \/><\/a><p id=\"caption-attachment-5340\" class=\"wp-caption-text\">Publica\u00e7\u00e3o da Promo\u00e7\u00e3o, no Di\u00e1rio Oficial<\/p><\/div>\n","protected":false},"excerpt":{"rendered":"<p>O delegado Gustavo Carlos Ferreira foi promovido por MERECIMENTO \u00e0 classe de DELEGADO ESPECIAL da Pol\u00edcia Civil do Estado de Goi\u00e1s. \u00c9 a mais alta posi\u00e7\u00e3o que os delegados podem ocupar, em Goi\u00e1s! Acompanho o seu trabalho h\u00e1 alguns anos, e de tanto v\u00ea-lo trabalhar aprendi a admir\u00e1-lo. \u00c9 um profissional extremamente competente e organizado. &#8230;<\/p>\n","protected":false},"author":1,"featured_media":5336,"comment_status":"open","ping_status":"open","sticky":false,"template":"","format":"standard","meta":{"spay_email":"","jetpack_publicize_message":""},"categories":[48],"tags":[133,79,867,65,362],"jetpack_featured_media_url":"https:\/\/correiosulgoiano.com.br\/wp-content\/uploads\/2016\/03\/gu5.jpg","jetpack_publicize_connections":[],"_links":{"self":[{"href":"https:\/\/correiosulgoiano.com.br\/index.php?rest_route=\/wp\/v2\/posts\/5335"}],"collection":[{"href":"https:\/\/correiosulgoiano.com.br\/index.php?rest_route=\/wp\/v2\/posts"}],"about":[{"href":"https:\/\/correiosulgoiano.com.br\/index.php?rest_route=\/wp\/v2\/types\/post"}],"author":[{"embeddable":true,"href":"https:\/\/correiosulgoiano.com.br\/index.php?rest_route=\/wp\/v2\/users\/1"}],"replies":[{"embeddable":true,"href":"https:\/\/correiosulgoiano.com.br\/index.php?rest_route=%2Fwp%2Fv2%2Fcomments&post=5335"}],"version-history":[{"count":2,"href":"https:\/\/correiosulgoiano.com.br\/index.php?rest_route=\/wp\/v2\/posts\/5335\/revisions"}],"predecessor-version":[{"id":5342,"href":"https:\/\/correiosulgoiano.com.br\/index.php?rest_route=\/wp\/v2\/posts\/5335\/revisions\/5342"}],"wp:featuredmedia":[{"embeddable":true,"href":"https:\/\/correiosulgoiano.com.br\/index.php?rest_route=\/wp\/v2\/media\/5336"}],"wp:attachment":[{"href":"https:\/\/correiosulgoiano.com.br\/index.php?rest_route=%2Fwp%2Fv2%2Fmedia&parent=5335"}],"wp:term":[{"taxonomy":"category","embeddable":true,"href":"https:\/\/correiosulgoiano.com.br\/index.php?rest_route=%2Fwp%2Fv2%2Fcategories&post=5335"},{"taxonomy":"post_tag","embeddable":true,"href":"https:\/\/correiosulgoiano.com.br\/index.php?rest_route=%2Fwp%2Fv2%2Ftags&post=5335"}],"curies":[{"name":"wp","href":"https:\/\/api.w.org\/{rel}","templated":true}]}}