{"id":622,"date":"2015-02-27T13:44:08","date_gmt":"2015-02-27T13:44:08","guid":{"rendered":"https:\/\/correiosulgoiano.com.br\/?p=622"},"modified":"2015-03-02T01:00:06","modified_gmt":"2015-03-02T01:00:06","slug":"goianao-america-e-novo-horizonte-jogam-sabado-15h30-pela-serie-b","status":"publish","type":"post","link":"https:\/\/correiosulgoiano.com.br\/?p=622","title":{"rendered":"Am\u00e9rica perde para o Novo Horizonte, em Ipameri, 1 x 0, pela S\u00e9rie B"},"content":{"rendered":"<p style=\"text-align: justify; line-height: 150%; background: white; vertical-align: baseline; margin: 0cm 0cm 15.0pt 0cm;\"><span style=\"font-size: 12pt; line-height: 150%; font-family: Verdana, Geneva, sans-serif;\">Ap\u00f3s 83 minutos empatando sem gols com o Novo Horizonte, no est\u00e1dio Durval Ferreira Franco, em Ipameri, o Am\u00e9rica acabou sofrendo o gol, faltando apenas 7 minutos para terminar o jogo.<\/span><\/p>\n<p style=\"text-align: justify; line-height: 150%; background: white; vertical-align: baseline; margin: 0cm 0cm 15.0pt 0cm;\"><span style=\"font-size: 12pt; line-height: 150%; font-family: Verdana, Geneva, sans-serif;\">O Am\u00e9rica\u00a0fez uma boa partida, tendo oportunidades de sair na frente e at\u00e9 ter vencido a partida. Boas chances foram criada, mas, as finaliza\u00e7\u00f5es n\u00e3o foram bem sucedidas.<\/span><\/p>\n<p style=\"text-align: justify; line-height: 150%; background: white; vertical-align: baseline; margin: 0cm 0cm 15.0pt 0cm;\"><span style=\"font-size: 12pt; line-height: 150%; font-family: Verdana, Geneva, sans-serif;\">O Novo Horizonte tamb\u00e9m teve boas oportunidades durante a partida que foi bastante franca e aberta com as duas equipes buscando o gol.<\/span><\/p>\n<p style=\"text-align: justify; line-height: 150%; background: white; vertical-align: baseline; margin: 0cm 0cm 15.0pt 0cm;\"><span style=\"font-size: 12pt; line-height: 150%; font-family: Verdana, Geneva, sans-serif;\">Ao final, melhor para os donos da casa que aproveitaram uma das chances que criaram e venceram pelo placar m\u00ednimo: 1 x 0.<\/span><\/p>\n<p style=\"text-align: justify; line-height: 150%; background: white; vertical-align: baseline; margin: 0cm 0cm 15.0pt 0cm;\"><span style=\"font-size: 12pt; line-height: 150%; font-family: Verdana, Geneva, sans-serif;\">Foi a terceira partida do Novo Horizonte, que empatou em 1 x 1 com o Vila Nova, em Ipameri, na rodada de estreia; perdeu para o An\u00e1polis, por 2 x 0, no est\u00e1dio Jonas Duarte; e venceu o Am\u00e9rica, no Durval Ferreira Franco, 1 x 0.<\/span><\/p>\n<p style=\"text-align: justify; line-height: 150%; background: white; vertical-align: baseline; margin: 0cm 0cm 15.0pt 0cm;\"><span style=\"font-size: 12pt; line-height: 150%; font-family: Verdana, Geneva, sans-serif;\">O Am\u00e9rica fez apenas dois jogos, pois folgou na rodada de n\u00famero dois. Na estreia o time vermelho e branco bateu o An\u00e1polis no est\u00e1dio Jo\u00e3o Vilela, em Morrinhos; depois folgou na rodada de n\u00famero dois, e agora, perdeu para o Novo Horizonte, na terceira rodada, em Ipameri.<\/span><\/p>\n<p style=\"text-align: justify; line-height: 150%; background: white; vertical-align: baseline; margin: 0cm 0cm 15.0pt 0cm;\"><strong><span style=\"font-size: 12pt; line-height: 150%; font-family: Verdana, Geneva, sans-serif;\">No grupo A, onde est\u00e1 o Am\u00e9rica, a classifica\u00e7\u00e3o est\u00e1 embolada.<\/span><\/strong><\/p>\n<p style=\"text-align: justify; line-height: 150%; background: white; vertical-align: baseline; margin: 0cm 0cm 15.0pt 0cm;\"><span style=\"font-size: 12pt; line-height: 150%; font-family: Verdana, Geneva, sans-serif;\">1\u00ba) Vila Nova lidera, com 4 pontos (02 jogos, 01 empate e 01 vit\u00f3ria);<\/span><\/p>\n<p style=\"text-align: justify; line-height: 150%; background: white; vertical-align: baseline; margin: 0cm 0cm 15.0pt 0cm;\"><span style=\"font-size: 12pt; line-height: 150%; font-family: Verdana, Geneva, sans-serif;\">2\u00ba) Novo Horizonte, com 4 pontos (03 jogos, 01 empate, 01 vit\u00f3ria e 01 derrota);<\/span><\/p>\n<p style=\"text-align: justify; line-height: 150%; background: white; vertical-align: baseline; margin: 0cm 0cm 15.0pt 0cm;\"><span style=\"font-size: 12pt; line-height: 150%; font-family: Verdana, Geneva, sans-serif;\">3\u00ba) An\u00e1polis, com 3 pontos (03 jogos, 01 vit\u00f3ria e 02 derrotas);<\/span><\/p>\n<p style=\"text-align: justify; line-height: 150%; background: white; vertical-align: baseline; margin: 0cm 0cm 15.0pt 0cm;\"><span style=\"font-size: 12pt; line-height: 150%; font-family: Verdana, Geneva, sans-serif;\">4\u00ba) Am\u00e9rica, com 3 pontos (02 jogos, 01 vit\u00f3ria e 01 derrota);<\/span><\/p>\n<p style=\"text-align: justify; line-height: 150%; background: white; vertical-align: baseline; margin: 0cm 0cm 15.0pt 0cm;\"><span style=\"font-size: 12pt; line-height: 150%; font-family: Verdana, Geneva, sans-serif;\">5\u00ba) Itabera\u00ed, com 3 pontos (02 jogos, 01 vit\u00f3ria e 01 derrota).<\/span><\/p>\n<p style=\"text-align: justify; line-height: 150%; background: white; vertical-align: baseline; margin: 0cm 0cm 15.0pt 0cm;\"><strong><span style=\"font-size: 12pt; line-height: 150%; font-family: Verdana, Geneva, sans-serif;\">Os pr\u00f3ximos jogos acontecer\u00e3o na ter\u00e7a-feira, dia 03\/03<\/span><\/strong><\/p>\n<p style=\"text-align: justify; line-height: 150%; background: white; vertical-align: baseline; margin: 0cm 0cm 15.0pt 0cm;\"><span style=\"font-size: 12pt; line-height: 150%; font-family: Verdana, Geneva, sans-serif;\">Am\u00e9rica x Itabera\u00ed \u2013 Est\u00e1dio Jo\u00e3o Vilela, em Morrinhos \u2013 \u00e0s 20h30<\/span><\/p>\n<p style=\"text-align: justify; line-height: 150%; background: white; vertical-align: baseline; margin: 0cm 0cm 15.0pt 0cm;\"><span style=\"font-size: 12pt; line-height: 150%; font-family: Verdana, Geneva, sans-serif;\">An\u00e1polis x Vila Nova \u2013 Est\u00e1dio Jonas Duarte, em An\u00e1polis \u2013 \u00e0s 20h30<\/span><\/p>\n<p style=\"text-align: justify; line-height: 150%; background: white; vertical-align: baseline; margin: 0cm 0cm 15.0pt 0cm;\"><span style=\"font-size: 12pt; line-height: 150%; font-family: Verdana, Geneva, sans-serif;\">Folga o Novo Horizonte.<\/span><\/p>\n<p><strong><span style=\"font-family: Verdana, Geneva, sans-serif; font-size: 12pt; color: #000000;\">HOJE TEM NOVO HORIZONTE X AM\u00c9RICA\u00a0<\/span><\/strong><span style=\"font-family: Verdana, Geneva, sans-serif; font-size: 10pt;\">(Postada em 28\/02)<\/span><\/p>\n<p><span style=\"font-family: Verdana, Geneva, sans-serif; font-size: 12pt; color: #000000;\">Filinto Holanda n\u00e3o \u00e9 mais o t\u00e9cnico do Novo Horizonte que recebe hoje o Am\u00e9rica para jogo do Campeonato Goiano da Divis\u00e3o de Acesso, a s\u00e9rie B. Abaixo, saiba mais sobre o assunto.<\/span><\/p>\n<p><span style=\"font-family: Verdana, Geneva, sans-serif; font-size: 12pt; color: #ff0000;\"><strong>AM\u00c9RICA<\/strong><\/span><\/p>\n<p><span style=\"font-family: Verdana, Geneva, sans-serif; font-size: 12pt; color: #ff0000;\">O Le\u00e3o do Sul est\u00e1 com tudo pronto para a segunda partida no campeonato goiano Divis\u00e3o de Acesso, que acontecer\u00e1 neste s\u00e1bado, 28\/02, no Est\u00e1dio Durval Ferreira Franco, em Ipameri.<\/span><\/p>\n<p><span style=\"font-family: Verdana, Geneva, sans-serif; font-size: 12pt; color: #ff0000;\">Na manh\u00e3 de sexta-feira, 27\/02 houve o \u00faltimo treino, antes do jogo, no clube da prefeitura, quando o t\u00e9cnico Humberto Matos utilizou diversas varia\u00e7\u00f5es de escala\u00e7\u00e3o e posicionamento do time em campo, dando a entender que pode at\u00e9 jogar com tr\u00eas zagueiros. Ele n\u00e3o confirmou a escala\u00e7\u00e3o para a imprensa.<\/span><\/p>\n<p><a href=\"https:\/\/correiosulgoiano.com.br\/wp-content\/uploads\/2015\/02\/Am\u00e9rica-Site-Novo-01.jpg\"><img loading=\"lazy\" class=\"alignnone size-full wp-image-623\" src=\"https:\/\/correiosulgoiano.com.br\/wp-content\/uploads\/2015\/02\/Am\u00e9rica-Site-Novo-01.jpg\" alt=\"Am\u00e9rica Site Novo - 01\" width=\"1024\" height=\"601\" srcset=\"https:\/\/correiosulgoiano.com.br\/wp-content\/uploads\/2015\/02\/Am\u00e9rica-Site-Novo-01.jpg 1024w, https:\/\/correiosulgoiano.com.br\/wp-content\/uploads\/2015\/02\/Am\u00e9rica-Site-Novo-01-300x176.jpg 300w\" sizes=\"(max-width: 1024px) 100vw, 1024px\" \/><\/a><\/p>\n<p><span style=\"font-family: Verdana, Geneva, sans-serif; font-size: 12pt; color: #ff0000;\">No final da tarde da sexta-feira, 27\/02, o time viajou para Caldas Novas, onde fica hospedado at\u00e9 o final da manh\u00e3 deste s\u00e1bado. O almo\u00e7o est\u00e1 marcado para as 11h00 e em seguida, por volta das 12h40 a sa\u00edda para Ipameri. A viagem um dia antes do jogo, para Caldas Novas esteve amea\u00e7ada de n\u00e3o acontecer, mas, os recursos foram viabilizados e a diretoria novamente deu mostras de seu esfor\u00e7o para oferecer um pouco mais de conforto e tranquilidade aos atletas.<\/span><\/p>\n<p><span style=\"font-family: Verdana, Geneva, sans-serif; font-size: 12pt; color: #ff0000;\">Todos os pagamentos devidos at\u00e9 agora est\u00e3o quitados. O Am\u00e9rica est\u00e1 em dia com seus jogadores, inclusive no que diz respeito \u00e0 premia\u00e7\u00e3o pela vit\u00f3ria contra o An\u00e1polis. Foram repassados ao grupo, R$ 3.500,00 para rateio entre os jogadores.<\/span><\/p>\n<p><span style=\"font-family: Verdana, Geneva, sans-serif;\"><strong>FILINTO HOLANDA \u00c9 DEMITIDO<\/strong><\/span><\/p>\n<p><span style=\"font-family: Verdana, Geneva, sans-serif; font-size: 12pt; color: #000000;\">No Novo Horizonte o t\u00e9cnico Filito Holanda n\u00e3o mais comandar\u00e1 a equipe no jogo de logo mais contra o Am\u00e9rica. Ele recebeu uma proposta financeira melhor para dirigir o Moto Clube do Maranh\u00e3o e dentro de seu combinado com a diretoria do Novo Horizonte deveria deixar o clube ap\u00f3s o jogo contra o Am\u00e9rica.<\/span><\/p>\n<p><span style=\"font-family: Verdana, Geneva, sans-serif; font-size: 12pt; color: #000000;\">Mas, ap\u00f3s comandar o \u00faltimo treino ontem, em Ipameri, Filinto teria recebido uma liga\u00e7\u00e3o de um diretor do clube dizendo que ele n\u00e3o precisaria mais dirigir a equipe no jogo de hoje e que j\u00e1 estava dispensado para seguir viagem ao Maranh\u00e3o.<\/span><\/p>\n<p><a href=\"https:\/\/correiosulgoiano.com.br\/wp-content\/uploads\/2015\/02\/filinto.jpg\"><img loading=\"lazy\" class=\"alignnone size-full wp-image-656\" src=\"https:\/\/correiosulgoiano.com.br\/wp-content\/uploads\/2015\/02\/filinto.jpg\" alt=\"filinto\" width=\"259\" height=\"194\" \/><\/a><\/p>\n<p><span style=\"font-family: Verdana, Geneva, sans-serif; font-size: 12pt; color: #000000;\">Sendo assim, o Novo Horizonte dever\u00e1 ser conduzido pelo preparador f\u00edsico Luan Carlos na partida que est\u00e1 marcada para come\u00e7ar \u00e0s 15h30 no Est\u00e1dio Durval Ferreira Franco<\/span><\/p>\n<p><span style=\"font-family: Verdana, Geneva, sans-serif; font-size: 12pt; color: #000000;\"><strong>\u00c1RBITRO DO JOGO<\/strong><\/span><\/p>\n<p><span style=\"font-family: Verdana, Geneva, sans-serif; font-size: 12pt; color: #000000;\">O \u00e1rbitro da partida ser\u00e1 Roberto Giovanny. Ele tem 36 anos e j\u00e1 possui escudo da CBF. \u00c9 natural de Corumba\u00edba e uma das esperan\u00e7as da FGF para emplacar mais um \u00e1rbitro de n\u00edvel nacional. (Leonardo Costa, da reda\u00e7\u00e3o e com informa\u00e7\u00f5es do blog: <a style=\"color: #000000;\" href=\"http:\/\/fabioegito.blogspot.com.br\">http:\/\/fabioegito.blogspot.com.br<\/a>)<\/span><\/p>\n","protected":false},"excerpt":{"rendered":"<p>Ap\u00f3s 83 minutos empatando sem gols com o Novo Horizonte, no est\u00e1dio Durval Ferreira Franco, em Ipameri, o Am\u00e9rica acabou sofrendo o gol, faltando apenas 7 minutos para terminar o jogo. O Am\u00e9rica\u00a0fez uma boa partida, tendo oportunidades de sair na frente e at\u00e9 ter vencido a partida. Boas chances foram criada, mas, as finaliza\u00e7\u00f5es &#8230;<\/p>\n","protected":false},"author":1,"featured_media":693,"comment_status":"open","ping_status":"open","sticky":false,"template":"","format":"standard","meta":{"spay_email":"","jetpack_publicize_message":""},"categories":[50],"tags":[75,55,76,78,56,77],"jetpack_featured_media_url":"https:\/\/correiosulgoiano.com.br\/wp-content\/uploads\/2015\/02\/America-0-x-1-Novo-Horizonte-01.jpg","jetpack_publicize_connections":[],"_links":{"self":[{"href":"https:\/\/correiosulgoiano.com.br\/index.php?rest_route=\/wp\/v2\/posts\/622"}],"collection":[{"href":"https:\/\/correiosulgoiano.com.br\/index.php?rest_route=\/wp\/v2\/posts"}],"about":[{"href":"https:\/\/correiosulgoiano.com.br\/index.php?rest_route=\/wp\/v2\/types\/post"}],"author":[{"embeddable":true,"href":"https:\/\/correiosulgoiano.com.br\/index.php?rest_route=\/wp\/v2\/users\/1"}],"replies":[{"embeddable":true,"href":"https:\/\/correiosulgoiano.com.br\/index.php?rest_route=%2Fwp%2Fv2%2Fcomments&post=622"}],"version-history":[{"count":8,"href":"https:\/\/correiosulgoiano.com.br\/index.php?rest_route=\/wp\/v2\/posts\/622\/revisions"}],"predecessor-version":[{"id":717,"href":"https:\/\/correiosulgoiano.com.br\/index.php?rest_route=\/wp\/v2\/posts\/622\/revisions\/717"}],"wp:featuredmedia":[{"embeddable":true,"href":"https:\/\/correiosulgoiano.com.br\/index.php?rest_route=\/wp\/v2\/media\/693"}],"wp:attachment":[{"href":"https:\/\/correiosulgoiano.com.br\/index.php?rest_route=%2Fwp%2Fv2%2Fmedia&parent=622"}],"wp:term":[{"taxonomy":"category","embeddable":true,"href":"https:\/\/correiosulgoiano.com.br\/index.php?rest_route=%2Fwp%2Fv2%2Fcategories&post=622"},{"taxonomy":"post_tag","embeddable":true,"href":"https:\/\/correiosulgoiano.com.br\/index.php?rest_route=%2Fwp%2Fv2%2Ftags&post=622"}],"curies":[{"name":"wp","href":"https:\/\/api.w.org\/{rel}","templated":true}]}}