{"id":6281,"date":"2016-05-19T10:45:28","date_gmt":"2016-05-19T13:45:28","guid":{"rendered":"https:\/\/correiosulgoiano.com.br\/?p=6281"},"modified":"2016-05-19T10:50:12","modified_gmt":"2016-05-19T13:50:12","slug":"supremo-tribunal-federal-quer-saber-porque-dilma-chama-impeachment-de-golpe","status":"publish","type":"post","link":"https:\/\/correiosulgoiano.com.br\/?p=6281","title":{"rendered":"Supremo Tribunal Federal quer saber porque Dilma chama Impeachment de Golpe de Estado"},"content":{"rendered":"<p><span style=\"font-size: 12pt; font-family: Verdana, Geneva, sans-serif; color: #000000;\">A ministra Rosa Weber, do Supremo Tribunal Federal determinou na quarta-feira, 18\/05\/16, que a presidente afastada Dilma Rousseff seja notificada sobre interpela\u00e7\u00e3o judicial proposta por deputados que questionam o fato de a presidente classificar o processo de\u00a0impeachment\u00a0de \u201cgolpe de estado\u201d.<\/span><\/p>\n<p><span style=\"font-size: 12pt; font-family: Verdana, Geneva, sans-serif; color: #000000;\">No despacho, a ministra concedeu prazo de dez dias para que Dilma se manifeste a respeito.<\/span><\/p>\n<p><span style=\"font-size: 12pt; font-family: Verdana, Geneva, sans-serif; color: #000000;\">Na a\u00e7\u00e3o, assinada pelos deputados J\u00falio Lopes (PP-RJ), Carlos Sampaio (PSDB-SP), Pauderney Avelino (DEM-AM), Rubens Bueno (PPS-PR), Ant\u00f4nio Imbassahy (PSDB-BA), Paulo Pereira da Silva (SD-SP), os deputados argumentam que a acusa\u00e7\u00e3o de Dilma \u00e9 algo de \u201cgravidade \u00edmpar, sobretudo, ao se levar em considera\u00e7\u00e3o a recente hist\u00f3ria nacional e as possibilidades de ruptura que declara\u00e7\u00f5es desse tipo podem trazer \u00e0 sociedade brasileira\u201d.<\/span><\/p>\n<p><span style=\"font-size: 12pt; font-family: Verdana, Geneva, sans-serif; color: #000000;\">Na interpela\u00e7\u00e3o, os deputados apresentam uma s\u00e9rie de discursos proferidos por Dilma em que ela classifica o processo de\u00a0impeachment\u00a0contra ela de \u201cgolpe\u201d.<\/span><\/p>\n<p><span style=\"font-size: 12pt; font-family: Verdana, Geneva, sans-serif; color: #000000;\">\u201cAo comportar-se da maneira como vem fazendo, a senhora presidente da Rep\u00fablica deixa toda a na\u00e7\u00e3o em d\u00favida, recomendando, portanto, a presente interpela\u00e7\u00e3o, a fim de que possa explicar qual a natureza, os motivos e os agentes desse \u2018golpe\u2019 suposto\u201d, dizem os deputados na a\u00e7\u00e3o.<\/span><\/p>\n<p><span style=\"font-size: 12pt; font-family: Verdana, Geneva, sans-serif; color: #000000;\">Eles pedem ainda que Dilma explique, entre outros pontos, quais atos comp\u00f5em o golpe denunciado por ela, quem s\u00e3o os respons\u00e1veis, quais institui\u00e7\u00f5es atentam contra seu mandato e quais as medidas que ela pretende tomar, na condi\u00e7\u00e3o de Chefe de Governo e Chefe de Estado, para resguardar a Rep\u00fablica.<\/span> (Fonte: O Popular)<\/p>\n","protected":false},"excerpt":{"rendered":"<p>A ministra Rosa Weber, do Supremo Tribunal Federal determinou na quarta-feira, 18\/05\/16, que a presidente afastada Dilma Rousseff seja notificada sobre interpela\u00e7\u00e3o judicial proposta por deputados que questionam o fato de a presidente classificar o processo de\u00a0impeachment\u00a0de \u201cgolpe de estado\u201d. No despacho, a ministra concedeu prazo de dez dias para que Dilma se manifeste a &#8230;<\/p>\n","protected":false},"author":1,"featured_media":6282,"comment_status":"open","ping_status":"open","sticky":false,"template":"","format":"standard","meta":{"spay_email":"","jetpack_publicize_message":""},"categories":[50],"tags":[],"jetpack_featured_media_url":"https:\/\/correiosulgoiano.com.br\/wp-content\/uploads\/2016\/05\/19-05-16-07.jpg","jetpack_publicize_connections":[],"_links":{"self":[{"href":"https:\/\/correiosulgoiano.com.br\/index.php?rest_route=\/wp\/v2\/posts\/6281"}],"collection":[{"href":"https:\/\/correiosulgoiano.com.br\/index.php?rest_route=\/wp\/v2\/posts"}],"about":[{"href":"https:\/\/correiosulgoiano.com.br\/index.php?rest_route=\/wp\/v2\/types\/post"}],"author":[{"embeddable":true,"href":"https:\/\/correiosulgoiano.com.br\/index.php?rest_route=\/wp\/v2\/users\/1"}],"replies":[{"embeddable":true,"href":"https:\/\/correiosulgoiano.com.br\/index.php?rest_route=%2Fwp%2Fv2%2Fcomments&post=6281"}],"version-history":[{"count":2,"href":"https:\/\/correiosulgoiano.com.br\/index.php?rest_route=\/wp\/v2\/posts\/6281\/revisions"}],"predecessor-version":[{"id":6284,"href":"https:\/\/correiosulgoiano.com.br\/index.php?rest_route=\/wp\/v2\/posts\/6281\/revisions\/6284"}],"wp:featuredmedia":[{"embeddable":true,"href":"https:\/\/correiosulgoiano.com.br\/index.php?rest_route=\/wp\/v2\/media\/6282"}],"wp:attachment":[{"href":"https:\/\/correiosulgoiano.com.br\/index.php?rest_route=%2Fwp%2Fv2%2Fmedia&parent=6281"}],"wp:term":[{"taxonomy":"category","embeddable":true,"href":"https:\/\/correiosulgoiano.com.br\/index.php?rest_route=%2Fwp%2Fv2%2Fcategories&post=6281"},{"taxonomy":"post_tag","embeddable":true,"href":"https:\/\/correiosulgoiano.com.br\/index.php?rest_route=%2Fwp%2Fv2%2Ftags&post=6281"}],"curies":[{"name":"wp","href":"https:\/\/api.w.org\/{rel}","templated":true}]}}