{"id":701,"date":"2015-03-01T22:18:02","date_gmt":"2015-03-01T22:18:02","guid":{"rendered":"https:\/\/correiosulgoiano.com.br\/?p=701"},"modified":"2015-03-01T22:18:02","modified_gmt":"2015-03-01T22:18:02","slug":"pm-apreende-drogas-e-prende-3-pessoas-suspeitas-de-trafico-em-piracanjuba","status":"publish","type":"post","link":"https:\/\/correiosulgoiano.com.br\/?p=701","title":{"rendered":"PM apreende drogas e prende 3 pessoas suspeitas de tr\u00e1fico em Piracanjuba"},"content":{"rendered":"<p><span style=\"font-size: 12pt; font-family: Verdana, Geneva, sans-serif; color: #000000;\">A Pol\u00edcia Militar prendeu mais tr\u00eas suspeitos por tr\u00e1fico de entorpecentes, em Piracanjuba. Foi na quarta-feira, 25\/02, pr\u00f3ximo das 16h00. Um casal com resid\u00eancia na regi\u00e3o rural conhecida como Areia era monitorado pela PM h\u00e1 algumas semanas, e finalmente na tarde de quarta-feira, os dois foram flagrados.<\/span><\/p>\n<p><span style=\"font-size: 12pt; font-family: Verdana, Geneva, sans-serif; color: #000000;\">A PM apreendeu por\u00e7\u00f5es de crack e maconha, al\u00e9m de R$ 600,00, em dinheiro, um VW Gol e um Honda Bros com chassi raspado. Os suspeitos e o material apreendido foram encaminhados \u00e0 delegacia de Pol\u00edcia Civil. (Fonte e Fotos: PM Piracanjuba, via facebook)<\/span><\/p>\n<p><a href=\"https:\/\/correiosulgoiano.com.br\/wp-content\/uploads\/2015\/03\/trafico-02.jpg\"><img loading=\"lazy\" class=\"alignnone  wp-image-703\" src=\"https:\/\/correiosulgoiano.com.br\/wp-content\/uploads\/2015\/03\/trafico-02.jpg\" alt=\"trafico - 02\" width=\"296\" height=\"332\" srcset=\"https:\/\/correiosulgoiano.com.br\/wp-content\/uploads\/2015\/03\/trafico-02.jpg 539w, https:\/\/correiosulgoiano.com.br\/wp-content\/uploads\/2015\/03\/trafico-02-267x300.jpg 267w\" sizes=\"(max-width: 296px) 100vw, 296px\" \/><\/a><\/p>\n<p>&nbsp;<\/p>\n","protected":false},"excerpt":{"rendered":"<p>A Pol\u00edcia Militar prendeu mais tr\u00eas suspeitos por tr\u00e1fico de entorpecentes, em Piracanjuba. Foi na quarta-feira, 25\/02, pr\u00f3ximo das 16h00. Um casal com resid\u00eancia na regi\u00e3o rural conhecida como Areia era monitorado pela PM h\u00e1 algumas semanas, e finalmente na tarde de quarta-feira, os dois foram flagrados. A PM apreendeu por\u00e7\u00f5es de crack e maconha, &#8230;<\/p>\n","protected":false},"author":1,"featured_media":702,"comment_status":"open","ping_status":"open","sticky":false,"template":"","format":"standard","meta":{"spay_email":"","jetpack_publicize_message":""},"categories":[43],"tags":[55,83,65,67,114],"jetpack_featured_media_url":"https:\/\/correiosulgoiano.com.br\/wp-content\/uploads\/2015\/03\/trafico-01.jpg","jetpack_publicize_connections":[],"_links":{"self":[{"href":"https:\/\/correiosulgoiano.com.br\/index.php?rest_route=\/wp\/v2\/posts\/701"}],"collection":[{"href":"https:\/\/correiosulgoiano.com.br\/index.php?rest_route=\/wp\/v2\/posts"}],"about":[{"href":"https:\/\/correiosulgoiano.com.br\/index.php?rest_route=\/wp\/v2\/types\/post"}],"author":[{"embeddable":true,"href":"https:\/\/correiosulgoiano.com.br\/index.php?rest_route=\/wp\/v2\/users\/1"}],"replies":[{"embeddable":true,"href":"https:\/\/correiosulgoiano.com.br\/index.php?rest_route=%2Fwp%2Fv2%2Fcomments&post=701"}],"version-history":[{"count":1,"href":"https:\/\/correiosulgoiano.com.br\/index.php?rest_route=\/wp\/v2\/posts\/701\/revisions"}],"predecessor-version":[{"id":704,"href":"https:\/\/correiosulgoiano.com.br\/index.php?rest_route=\/wp\/v2\/posts\/701\/revisions\/704"}],"wp:featuredmedia":[{"embeddable":true,"href":"https:\/\/correiosulgoiano.com.br\/index.php?rest_route=\/wp\/v2\/media\/702"}],"wp:attachment":[{"href":"https:\/\/correiosulgoiano.com.br\/index.php?rest_route=%2Fwp%2Fv2%2Fmedia&parent=701"}],"wp:term":[{"taxonomy":"category","embeddable":true,"href":"https:\/\/correiosulgoiano.com.br\/index.php?rest_route=%2Fwp%2Fv2%2Fcategories&post=701"},{"taxonomy":"post_tag","embeddable":true,"href":"https:\/\/correiosulgoiano.com.br\/index.php?rest_route=%2Fwp%2Fv2%2Ftags&post=701"}],"curies":[{"name":"wp","href":"https:\/\/api.w.org\/{rel}","templated":true}]}}