{"id":705,"date":"2015-03-01T23:24:59","date_gmt":"2015-03-01T23:24:59","guid":{"rendered":"https:\/\/correiosulgoiano.com.br\/?p=705"},"modified":"2015-03-01T23:33:30","modified_gmt":"2015-03-01T23:33:30","slug":"dengue-cantor-cristiano-araujo-esta-internado-com-suspeita-de-dengue","status":"publish","type":"post","link":"https:\/\/correiosulgoiano.com.br\/?p=705","title":{"rendered":"DENGUE: Cantor Cristiano Ara\u00fajo est\u00e1 internado com suspeita de dengue"},"content":{"rendered":"<p><span style=\"font-size: 12pt; font-family: Verdana, Geneva, sans-serif;\">O cantor Cristiano Ara\u00fajo foi internado na tarde de domingo, 01\/03, no Instituto Ortop\u00e9dico de Goi\u00e2nia, com suspeita de dengue. A dire\u00e7\u00e3o do IOG informou que o cantor chegou ao local por volta das 15 horas e ap\u00f3s os primeiros exames foi conduzido a um quarto acompanhado do pai, Jo\u00e3o Reis, com estado de sa\u00fade considerado est\u00e1vel.<\/span><\/p>\n<p><span style=\"font-size: 12pt; font-family: Verdana, Geneva, sans-serif;\">Cristiano Ara\u00fajo teria come\u00e7ado a sentir-se mal no s\u00e1bado, 28\/02, em Ipatinga-MG, onde se apresentou. Antes do show, por\u00e9m, como ele estava com dores, foi encaminhado a um hospital da cidade, onde tomou soro.<\/span><\/p>\n<p><span style=\"font-size: 12pt; font-family: Verdana, Geneva, sans-serif;\">O pr\u00f3ximo show do cantor est\u00e1 marcado para sexta-feira, 05\/03, em Porto Alegre. Segundo a assessoria de imprensa dele, por enquanto, n\u00e3o h\u00e1 nenhuma mudan\u00e7a na agenda.<\/span><\/p>\n<p><strong><span style=\"font-size: 12pt; font-family: Verdana, Geneva, sans-serif;\">CRISTIANO ARA\u00daJO EM MORRINHOS<\/span><\/strong><\/p>\n<p><span style=\"font-size: 12pt; font-family: Verdana, Geneva, sans-serif;\">Cristiano Ara\u00fajo cantar\u00e1 em Morrinhos no dia 31 de maio, no primeiro domingo da 41\u00aa ExpoMorrinhos.<\/span><\/p>\n<p><span style=\"font-size: 12pt; font-family: Verdana, Geneva, sans-serif;\">Cristiano Ara\u00fajo \u00e9 goiano e canta desde os 9 anos. De fam\u00edlia de m\u00fasicos, ele foi emancipado aos 10 para poder tocar em bares de Goi\u00e2nia. Come\u00e7ou a fazer sucesso em 2011, com a m\u00fasica Efeitos, gravada com o tamb\u00e9m sertanejo Jorge, da dupla Jorge &amp; Matheus. (Com informa\u00e7\u00f5es do G1\/GO)<\/span><\/p>\n","protected":false},"excerpt":{"rendered":"<p>O cantor Cristiano Ara\u00fajo foi internado na tarde de domingo, 01\/03, no Instituto Ortop\u00e9dico de Goi\u00e2nia, com suspeita de dengue. A dire\u00e7\u00e3o do IOG informou que o cantor chegou ao local por volta das 15 horas e ap\u00f3s os primeiros exames foi conduzido a um quarto acompanhado do pai, Jo\u00e3o Reis, com estado de sa\u00fade &#8230;<\/p>\n","protected":false},"author":1,"featured_media":706,"comment_status":"open","ping_status":"open","sticky":false,"template":"","format":"standard","meta":{"spay_email":"","jetpack_publicize_message":""},"categories":[51],"tags":[55,115,89,116,117,56],"jetpack_featured_media_url":"https:\/\/correiosulgoiano.com.br\/wp-content\/uploads\/2015\/03\/cristiano-araujo.jpg","jetpack_publicize_connections":[],"_links":{"self":[{"href":"https:\/\/correiosulgoiano.com.br\/index.php?rest_route=\/wp\/v2\/posts\/705"}],"collection":[{"href":"https:\/\/correiosulgoiano.com.br\/index.php?rest_route=\/wp\/v2\/posts"}],"about":[{"href":"https:\/\/correiosulgoiano.com.br\/index.php?rest_route=\/wp\/v2\/types\/post"}],"author":[{"embeddable":true,"href":"https:\/\/correiosulgoiano.com.br\/index.php?rest_route=\/wp\/v2\/users\/1"}],"replies":[{"embeddable":true,"href":"https:\/\/correiosulgoiano.com.br\/index.php?rest_route=%2Fwp%2Fv2%2Fcomments&post=705"}],"version-history":[{"count":1,"href":"https:\/\/correiosulgoiano.com.br\/index.php?rest_route=\/wp\/v2\/posts\/705\/revisions"}],"predecessor-version":[{"id":707,"href":"https:\/\/correiosulgoiano.com.br\/index.php?rest_route=\/wp\/v2\/posts\/705\/revisions\/707"}],"wp:featuredmedia":[{"embeddable":true,"href":"https:\/\/correiosulgoiano.com.br\/index.php?rest_route=\/wp\/v2\/media\/706"}],"wp:attachment":[{"href":"https:\/\/correiosulgoiano.com.br\/index.php?rest_route=%2Fwp%2Fv2%2Fmedia&parent=705"}],"wp:term":[{"taxonomy":"category","embeddable":true,"href":"https:\/\/correiosulgoiano.com.br\/index.php?rest_route=%2Fwp%2Fv2%2Fcategories&post=705"},{"taxonomy":"post_tag","embeddable":true,"href":"https:\/\/correiosulgoiano.com.br\/index.php?rest_route=%2Fwp%2Fv2%2Ftags&post=705"}],"curies":[{"name":"wp","href":"https:\/\/api.w.org\/{rel}","templated":true}]}}