{"id":7071,"date":"2016-07-09T07:20:33","date_gmt":"2016-07-09T10:20:33","guid":{"rendered":"https:\/\/correiosulgoiano.com.br\/?p=7071"},"modified":"2016-07-10T19:34:12","modified_gmt":"2016-07-10T22:34:12","slug":"motoristas-sao-multados-por-nao-acenderem-farol-durante-o-dia-nas-rodovias-distracao-no-1o-dia-da-nova-lei","status":"publish","type":"post","link":"https:\/\/correiosulgoiano.com.br\/?p=7071","title":{"rendered":"Motoristas s\u00e3o multados por n\u00e3o acenderem farol durante o dia nas rodovias! S\u00e3o 4 pontos na CNH e multa de R$ 85,13"},"content":{"rendered":"<div class=\"\" data-block=\"true\" data-editor=\"36fh6\" data-offset-key=\"bndt3-0-0\">\n<div class=\"_1mf _1mj\" data-offset-key=\"bndt3-0-0\"><span style=\"font-size: 12pt; font-family: Verdana, Geneva, sans-serif; color: #000000;\" data-offset-key=\"bndt3-0-0\"><span data-text=\"true\">R$ 78.404,73 &#8211; S\u00f3 no 1\u00ba dia de ARRECADA\u00c7\u00c3O e apenas em Goi\u00e1s&#8230; Mais de Setenta e oito mil reais.<\/span><\/span><\/div>\n<div class=\"_1mf _1mj\" data-offset-key=\"bndt3-0-0\"><\/div>\n<div class=\"_1mf _1mj\" data-offset-key=\"bndt3-0-0\"><span style=\"font-size: 12pt; font-family: Verdana, Geneva, sans-serif; color: #000000;\" data-offset-key=\"bndt3-0-0\"><span data-text=\"true\">Quase mil motoristas foram autuados no primeiro dia de vig\u00eancia da nova lei federal (13.290) por n\u00e3o acenderem o farol baixo de seus ve\u00edculos nas rodovias federais e estaduais em Goi\u00e1s.<\/span><\/span><\/div>\n<\/div>\n<div class=\"\" data-block=\"true\" data-editor=\"36fh6\" data-offset-key=\"1gi0q-0-0\">\n<div class=\"_1mf _1mj\" data-offset-key=\"1gi0q-0-0\"><span style=\"font-size: 12pt; font-family: Verdana, Geneva, sans-serif; color: #000000;\" data-offset-key=\"1gi0q-0-0\">\u00a0<\/span><\/div>\n<\/div>\n<div class=\"\" data-block=\"true\" data-editor=\"36fh6\" data-offset-key=\"2pvq7-0-0\">\n<div class=\"_1mf _1mj\" data-offset-key=\"2pvq7-0-0\"><span style=\"font-size: 12pt; font-family: Verdana, Geneva, sans-serif; color: #000000;\" data-offset-key=\"2pvq7-0-0\"><span data-text=\"true\">A &#8220;distra\u00e7\u00e3o&#8221; rende multa em R$ 85,13 e mais quatro pontos na Carteira Nacional de Habilita\u00e7\u00e3o para quem desobedecer a regra. Ao entrar em uma rodovia \u00e9 preciso acender o farol baixo independente do hor\u00e1rio.<\/span><\/span><\/div>\n<div class=\"_1mf _1mj\" data-offset-key=\"2pvq7-0-0\">\n<div id=\"attachment_7076\" style=\"width: 313px\" class=\"wp-caption aligncenter\"><a href=\"https:\/\/correiosulgoiano.com.br\/wp-content\/uploads\/2016\/07\/farol3.jpg\"><img aria-describedby=\"caption-attachment-7076\" loading=\"lazy\" class=\" wp-image-7076\" src=\"https:\/\/correiosulgoiano.com.br\/wp-content\/uploads\/2016\/07\/farol3.jpg\" alt=\"Lembrete: boa ideia...\" width=\"303\" height=\"227\" srcset=\"https:\/\/correiosulgoiano.com.br\/wp-content\/uploads\/2016\/07\/farol3.jpg 552w, https:\/\/correiosulgoiano.com.br\/wp-content\/uploads\/2016\/07\/farol3-300x225.jpg 300w\" sizes=\"(max-width: 303px) 100vw, 303px\" \/><\/a><p id=\"caption-attachment-7076\" class=\"wp-caption-text\">Lembrete: boa ideia&#8230;<\/p><\/div>\n<\/div>\n<div class=\"_1mf _1mj\" data-offset-key=\"2pvq7-0-0\"><\/div>\n<\/div>\n<div class=\"\" data-block=\"true\" data-editor=\"36fh6\" data-offset-key=\"c5fd6-0-0\">\n<div class=\"_1mf _1mj\" data-offset-key=\"c5fd6-0-0\"><span style=\"font-size: 12pt; font-family: Verdana, Geneva, sans-serif; color: #000000;\" data-offset-key=\"c5fd6-0-0\"><span data-text=\"true\">A nova lei \u00e9 uma mudan\u00e7a no Artigo 40 do C\u00f3digo de Tr\u00e2nsito Brasileiro e \u00e9 vista por especialistas como uma forma eficaz de reduzir o n\u00famero de acidentes de tr\u00e2nsito com mortes nas rodovias federais.<\/span><\/span><\/div>\n<\/div>\n<div class=\"\" data-block=\"true\" data-editor=\"36fh6\" data-offset-key=\"4eeio-0-0\">\n<div class=\"_1mf _1mj\" data-offset-key=\"4eeio-0-0\"><span style=\"font-size: 12pt; font-family: Verdana, Geneva, sans-serif; color: #000000;\" data-offset-key=\"4eeio-0-0\">\u00a0<\/span><\/div>\n<\/div>\n<div class=\"\" data-block=\"true\" data-editor=\"36fh6\" data-offset-key=\"3i4g6-0-0\">\n<div class=\"_1mf _1mj\" data-offset-key=\"3i4g6-0-0\"><span style=\"font-size: 12pt; font-family: Verdana, Geneva, sans-serif; color: #000000;\" data-offset-key=\"3i4g6-0-0\"><span data-text=\"true\">A assessora de imprensa da Pol\u00edcia Rodovi\u00e1ria Federal, inspetora L\u00edvia Martins explicou que a &#8220;colis\u00e3o frontal&#8221; \u00e9 o tipo de acidente que mais mata em rodovias federais. Elas ocorrem geralmente em ultrapassagens em locais proibidos. &#8220;Um ve\u00edculo pode ser visto em at\u00e9 tr\u00eas quil\u00f4metros de dist\u00e2ncia em linha reta se estiver com os far\u00f3is acesos&#8221;, disse a inspetora.<\/span><\/span><\/div>\n<\/div>\n<div class=\"_1mf _1mj\" data-offset-key=\"3i4g6-0-0\"><\/div>\n<div class=\"_1mf _1mj\" data-offset-key=\"3i4g6-0-0\">Fonte: O Popular on line<\/div>\n","protected":false},"excerpt":{"rendered":"<p>R$ 78.404,73 &#8211; S\u00f3 no 1\u00ba dia de ARRECADA\u00c7\u00c3O e apenas em Goi\u00e1s&#8230; Mais de Setenta e oito mil reais. Quase mil motoristas foram autuados no primeiro dia de vig\u00eancia da nova lei federal (13.290) por n\u00e3o acenderem o farol baixo de seus ve\u00edculos nas rodovias federais e estaduais em Goi\u00e1s. \u00a0 A &#8220;distra\u00e7\u00e3o&#8221; rende &#8230;<\/p>\n","protected":false},"author":1,"featured_media":7072,"comment_status":"open","ping_status":"open","sticky":false,"template":"","format":"standard","meta":{"spay_email":"","jetpack_publicize_message":""},"categories":[44],"tags":[],"jetpack_featured_media_url":"https:\/\/correiosulgoiano.com.br\/wp-content\/uploads\/2016\/07\/farol.jpg","jetpack_publicize_connections":[],"_links":{"self":[{"href":"https:\/\/correiosulgoiano.com.br\/index.php?rest_route=\/wp\/v2\/posts\/7071"}],"collection":[{"href":"https:\/\/correiosulgoiano.com.br\/index.php?rest_route=\/wp\/v2\/posts"}],"about":[{"href":"https:\/\/correiosulgoiano.com.br\/index.php?rest_route=\/wp\/v2\/types\/post"}],"author":[{"embeddable":true,"href":"https:\/\/correiosulgoiano.com.br\/index.php?rest_route=\/wp\/v2\/users\/1"}],"replies":[{"embeddable":true,"href":"https:\/\/correiosulgoiano.com.br\/index.php?rest_route=%2Fwp%2Fv2%2Fcomments&post=7071"}],"version-history":[{"count":8,"href":"https:\/\/correiosulgoiano.com.br\/index.php?rest_route=\/wp\/v2\/posts\/7071\/revisions"}],"predecessor-version":[{"id":7096,"href":"https:\/\/correiosulgoiano.com.br\/index.php?rest_route=\/wp\/v2\/posts\/7071\/revisions\/7096"}],"wp:featuredmedia":[{"embeddable":true,"href":"https:\/\/correiosulgoiano.com.br\/index.php?rest_route=\/wp\/v2\/media\/7072"}],"wp:attachment":[{"href":"https:\/\/correiosulgoiano.com.br\/index.php?rest_route=%2Fwp%2Fv2%2Fmedia&parent=7071"}],"wp:term":[{"taxonomy":"category","embeddable":true,"href":"https:\/\/correiosulgoiano.com.br\/index.php?rest_route=%2Fwp%2Fv2%2Fcategories&post=7071"},{"taxonomy":"post_tag","embeddable":true,"href":"https:\/\/correiosulgoiano.com.br\/index.php?rest_route=%2Fwp%2Fv2%2Ftags&post=7071"}],"curies":[{"name":"wp","href":"https:\/\/api.w.org\/{rel}","templated":true}]}}