{"id":708,"date":"2015-03-01T23:37:29","date_gmt":"2015-03-01T23:37:29","guid":{"rendered":"https:\/\/correiosulgoiano.com.br\/?p=708"},"modified":"2015-03-02T00:14:17","modified_gmt":"2015-03-02T00:14:17","slug":"expomorrinhos-gusttavo-lima-cristiano-araujo-israel-rodolfo-e-outros","status":"publish","type":"post","link":"https:\/\/correiosulgoiano.com.br\/?p=708","title":{"rendered":"EXPOMORRINHOS: Gusttavo Lima, Cristiano Ara\u00fajo, Israel &#038; Rodolfo, e outros"},"content":{"rendered":"<p><span style=\"font-family: Verdana, Geneva, sans-serif; font-size: 12pt;\">De 29 de maio a 07 de junho acontecer\u00e1 a 41\u00aa edi\u00e7\u00e3o da ExpoMorrinhos. O pre\u00e7o do ingresso ainda n\u00e3o foi confirmado, mas h\u00e1 uma grande possibilidade de ser o mesmo praticado em 2014, ou seja, R$ 30,00. Quem tem direito a pagar meia, evidentemente pagar\u00e1 R$ 15,00. A grade de Shows para 2015 est\u00e1 definida:<\/span><\/p>\n<p><span style=\"font-family: Verdana, Geneva, sans-serif; font-size: 12pt;\">Dia 29\/05\/2015, sexta-feira, Israel &amp; Rodolffo;<\/span><br \/>\n<span style=\"font-family: Verdana, Geneva, sans-serif; font-size: 12pt;\"> Dia 30\/05\/2015, s\u00e1bado, Gino &amp; Geno;<\/span><br \/>\n<span style=\"font-family: Verdana, Geneva, sans-serif; font-size: 12pt;\"> Dia 31\/05\/2015, domingo, Cristiano Ara\u00fajo;<\/span><br \/>\n<span style=\"font-family: Verdana, Geneva, sans-serif; font-size: 12pt;\"> Dia 03\/06\/2015, quarta-feira, Gusttavo Lima;<\/span><br \/>\n<span style=\"font-family: Verdana, Geneva, sans-serif; font-size: 12pt;\"> Dia 04\/06\/2015, quinta-feira, Matogrosso &amp; Mathias;<\/span><br \/>\n<span style=\"font-family: Verdana, Geneva, sans-serif; font-size: 12pt;\"> Dia 05\/06\/2015, sexta-feira, Jo\u00e3o Bosco &amp; Vinicius;<\/span><br \/>\n<span style=\"font-family: Verdana, Geneva, sans-serif; font-size: 12pt;\"> Dia 06\/06\/2015, s\u00e1bado, Lucas Lucco.<\/span><\/p>\n<p>&nbsp;<\/p>\n","protected":false},"excerpt":{"rendered":"<p>De 29 de maio a 07 de junho acontecer\u00e1 a 41\u00aa edi\u00e7\u00e3o da ExpoMorrinhos. O pre\u00e7o do ingresso ainda n\u00e3o foi confirmado, mas h\u00e1 uma grande possibilidade de ser o mesmo praticado em 2014, ou seja, R$ 30,00. Quem tem direito a pagar meia, evidentemente pagar\u00e1 R$ 15,00. A grade de Shows para 2015 est\u00e1 &#8230;<\/p>\n","protected":false},"author":1,"featured_media":710,"comment_status":"open","ping_status":"open","sticky":false,"template":"","format":"standard","meta":{"spay_email":"","jetpack_publicize_message":""},"categories":[1],"tags":[55,115,116,117,120,122,121,124,125,123,56,118,119],"jetpack_featured_media_url":"https:\/\/correiosulgoiano.com.br\/wp-content\/uploads\/2015\/03\/expomorrinhos.jpg","jetpack_publicize_connections":[],"_links":{"self":[{"href":"https:\/\/correiosulgoiano.com.br\/index.php?rest_route=\/wp\/v2\/posts\/708"}],"collection":[{"href":"https:\/\/correiosulgoiano.com.br\/index.php?rest_route=\/wp\/v2\/posts"}],"about":[{"href":"https:\/\/correiosulgoiano.com.br\/index.php?rest_route=\/wp\/v2\/types\/post"}],"author":[{"embeddable":true,"href":"https:\/\/correiosulgoiano.com.br\/index.php?rest_route=\/wp\/v2\/users\/1"}],"replies":[{"embeddable":true,"href":"https:\/\/correiosulgoiano.com.br\/index.php?rest_route=%2Fwp%2Fv2%2Fcomments&post=708"}],"version-history":[{"count":1,"href":"https:\/\/correiosulgoiano.com.br\/index.php?rest_route=\/wp\/v2\/posts\/708\/revisions"}],"predecessor-version":[{"id":709,"href":"https:\/\/correiosulgoiano.com.br\/index.php?rest_route=\/wp\/v2\/posts\/708\/revisions\/709"}],"wp:featuredmedia":[{"embeddable":true,"href":"https:\/\/correiosulgoiano.com.br\/index.php?rest_route=\/wp\/v2\/media\/710"}],"wp:attachment":[{"href":"https:\/\/correiosulgoiano.com.br\/index.php?rest_route=%2Fwp%2Fv2%2Fmedia&parent=708"}],"wp:term":[{"taxonomy":"category","embeddable":true,"href":"https:\/\/correiosulgoiano.com.br\/index.php?rest_route=%2Fwp%2Fv2%2Fcategories&post=708"},{"taxonomy":"post_tag","embeddable":true,"href":"https:\/\/correiosulgoiano.com.br\/index.php?rest_route=%2Fwp%2Fv2%2Ftags&post=708"}],"curies":[{"name":"wp","href":"https:\/\/api.w.org\/{rel}","templated":true}]}}