{"id":7085,"date":"2016-07-09T22:54:52","date_gmt":"2016-07-10T01:54:52","guid":{"rendered":"https:\/\/correiosulgoiano.com.br\/?p=7085"},"modified":"2016-07-09T23:07:34","modified_gmt":"2016-07-10T02:07:34","slug":"video-mostra-homem-arrancando-arma-de-policial-e-atirando-contra-o-pm-os-dois-morreram","status":"publish","type":"post","link":"https:\/\/correiosulgoiano.com.br\/?p=7085","title":{"rendered":"VEJA: v\u00eddeo mostra homem arrancando arma de Policial Militar e atirando contra o PM &#8211; os dois morreram&#8230;"},"content":{"rendered":"<p><span style=\"font-size: 12pt; font-family: Verdana, Geneva, sans-serif; color: #000000;\">O cidad\u00e3o brasileiro est\u00e1 pronto para portar uma arma de fogo?<\/span><\/p>\n<p><span style=\"font-size: 12pt; font-family: Verdana, Geneva, sans-serif; color: #000000;\">Voc\u00ea se considera pronto para estar sentado em um restaurante jantando com sua esposa e filhos e de repente ver, do seu lado, uma pessoa passado bala na outra, descarregando uma arma com 6, ou 8 tiros em decorr\u00eancia de um desentendimento por conta de uma cadeira, um talher, ou um pis\u00e3o no p\u00e9?<\/span><\/p>\n<p><span style=\"font-size: 12pt; font-family: Verdana, Geneva, sans-serif; color: #000000;\">O estado de esp\u00edrito do brasileiro, a educa\u00e7\u00e3o e a cultura de nossa gente n\u00e3o nos permite portar arma de fogo.<\/span><\/p>\n<p><span style=\"font-size: 12pt; font-family: Verdana, Geneva, sans-serif; color: #000000;\">Qualquer desentendimento ser\u00e1 resolvido na bala! \u00c9 s\u00f3 o sujeito ficar nervoso que j\u00e1 quer dar tiro.<\/span><\/p>\n<p><span style=\"font-size: 12pt; font-family: Verdana, Geneva, sans-serif; color: #000000;\">Na sexta-feira, 08\/07\/16 uma ocorr\u00eancia por conta de som alto em um evento no Distrito de Itacaiu, em Brit\u00e2nia, a 420 quil\u00f4metros de Goi\u00e2nia, terminou com a morte de um policial militar.<\/span><\/p>\n<p><span style=\"color: #ff0000;\"><em><span style=\"font-size: 12pt; font-family: Georgia, Georgia, serif;\">Abaixo veja o v\u00eddeo da confus\u00e3o que terminou em morte<\/span><\/em><\/span><\/p>\n<p><span style=\"color: #ff0000;\"><em><span style=\"font-size: 12pt; font-family: Georgia, Georgia, serif;\">CUIDADO!!! V\u00eddeo com cenas fortes<\/span><\/em><\/span><\/p>\n<p><span style=\"font-size: 12pt; font-family: Verdana, Geneva, sans-serif; color: #000000;\">Al\u00e9m do sargento, um homem tamb\u00e9m morreu e outro militar ficou gravemente ferido, enquanto outras duas pessoas foram atingidas por tiros.<\/span><\/p>\n<p><span style=\"font-size: 12pt; font-family: Verdana, Geneva, sans-serif; color: #000000;\">Os policiais foram atender uma ocorr\u00eancia de perturba\u00e7\u00e3o causada por um som automotivo. Os supostos causadores da perturba\u00e7\u00e3o estavam sendo detidos, mas resistiram \u00e0 pris\u00e3o.<\/span><\/p>\n<p><span style=\"font-size: 12pt; font-family: Verdana, Geneva, sans-serif; color: #000000;\">Os policiais, mesmo em n\u00famero pequeno tentaram enfrentar os populares e a confus\u00e3o se generalizou.<\/span><\/p>\n<p><a href=\"https:\/\/correiosulgoiano.com.br\/wp-content\/uploads\/2016\/06\/hor\u00e1rio.png\"><img loading=\"lazy\" class=\"wp-image-7081 aligncenter\" src=\"https:\/\/correiosulgoiano.com.br\/wp-content\/uploads\/2016\/06\/hor\u00e1rio.png\" alt=\"NOVO HOR\u00c1RIO DE FUNCIONAMENTO\" width=\"217\" height=\"148\" srcset=\"https:\/\/correiosulgoiano.com.br\/wp-content\/uploads\/2016\/06\/hor\u00e1rio.png 701w, https:\/\/correiosulgoiano.com.br\/wp-content\/uploads\/2016\/06\/hor\u00e1rio-300x205.png 300w\" sizes=\"(max-width: 217px) 100vw, 217px\" \/><\/a><\/p>\n<p><span style=\"font-size: 12pt; font-family: Verdana, Geneva, sans-serif; color: #000000;\">Um v\u00eddeo, que est\u00e1 circulando atrav\u00e9s de grupos no WhatsApp mostra um pouco do que ocorreu. Nas imagens fica claro que dois policiais tentam colocar dentro da viatura um homem, mas uma mulher, parecendo ser a esposa dele, tentou impedir a a\u00e7\u00e3o policial.<\/span><\/p>\n<p><span style=\"font-size: 12pt; font-family: Verdana, Geneva, sans-serif; color: #000000;\">Um terceiro homem, que seria pai de um dos suspeitos de causar o barulho e que estava sendo preso, teria puxado a arma do Sargento Uires Alves da Silva, de 47 anos, e atirado contra o policial provocando uma grande confus\u00e3o no local.<\/span><\/p>\n<p><span style=\"font-size: 12pt; font-family: Verdana, Geneva, sans-serif; color: #000000;\">O outro PM, o soldado H\u00e9lio Bezerra de Souza, revidou os disparos. O homem que roubou a arma e o Sargento Uires morreram no local. O soldado H\u00e9lio foi encaminhado ao Hospital de Urg\u00eancias de Goi\u00e2nia, em estado grave.<\/span><\/p>\n<p><span style=\"font-size: 12pt; font-family: Verdana, Geneva, sans-serif; color: #000000;\">Ele passou por cirurgia e o estado de sa\u00fade \u00e9 est\u00e1vel. Os outros dois homens feridos pelos disparos est\u00e3o internados no hospital de Brit\u00e2nia.<\/span><\/p>\n<p><span style=\"font-size: 12pt; font-family: Verdana, Geneva, sans-serif; color: #000000;\">Em nota, a Assessoria de Comunica\u00e7\u00e3o Social da Pol\u00edcia Militar informa que ser\u00e1 instaurado procedimento administrativo para apurar os fatos.<\/span><\/p>\n<p><em><span style=\"font-size: 12pt; font-family: Verdana, Geneva, sans-serif; color: #ff0000;\">Abaixo clique em CURTIR para compartilhar esta not\u00edcia e o v\u00eddeo<\/span><\/em><\/p>\n<div style=\"width: 100%;\" class=\"wp-video\"><video class=\"wp-video-shortcode\" id=\"video-7085-1\" width=\"618\" height=\"340\" preload=\"metadata\" controls=\"controls\"><source type=\"video\/mp4\" src=\"https:\/\/correiosulgoiano.com.br\/wp-content\/uploads\/2016\/07\/Brit\u00e2nia.mp4?_=1\" \/><\/video><\/div>\n","protected":false},"excerpt":{"rendered":"<p>O cidad\u00e3o brasileiro est\u00e1 pronto para portar uma arma de fogo? Voc\u00ea se considera pronto para estar sentado em um restaurante jantando com sua esposa e filhos e de repente ver, do seu lado, uma pessoa passado bala na outra, descarregando uma arma com 6, ou 8 tiros em decorr\u00eancia de um desentendimento por conta &#8230;<\/p>\n","protected":false},"author":1,"featured_media":7087,"comment_status":"open","ping_status":"open","sticky":false,"template":"","format":"standard","meta":{"spay_email":"","jetpack_publicize_message":""},"categories":[50],"tags":[],"jetpack_featured_media_url":"https:\/\/correiosulgoiano.com.br\/wp-content\/uploads\/2016\/07\/pm2.jpg","jetpack_publicize_connections":[],"_links":{"self":[{"href":"https:\/\/correiosulgoiano.com.br\/index.php?rest_route=\/wp\/v2\/posts\/7085"}],"collection":[{"href":"https:\/\/correiosulgoiano.com.br\/index.php?rest_route=\/wp\/v2\/posts"}],"about":[{"href":"https:\/\/correiosulgoiano.com.br\/index.php?rest_route=\/wp\/v2\/types\/post"}],"author":[{"embeddable":true,"href":"https:\/\/correiosulgoiano.com.br\/index.php?rest_route=\/wp\/v2\/users\/1"}],"replies":[{"embeddable":true,"href":"https:\/\/correiosulgoiano.com.br\/index.php?rest_route=%2Fwp%2Fv2%2Fcomments&post=7085"}],"version-history":[{"count":5,"href":"https:\/\/correiosulgoiano.com.br\/index.php?rest_route=\/wp\/v2\/posts\/7085\/revisions"}],"predecessor-version":[{"id":7092,"href":"https:\/\/correiosulgoiano.com.br\/index.php?rest_route=\/wp\/v2\/posts\/7085\/revisions\/7092"}],"wp:featuredmedia":[{"embeddable":true,"href":"https:\/\/correiosulgoiano.com.br\/index.php?rest_route=\/wp\/v2\/media\/7087"}],"wp:attachment":[{"href":"https:\/\/correiosulgoiano.com.br\/index.php?rest_route=%2Fwp%2Fv2%2Fmedia&parent=7085"}],"wp:term":[{"taxonomy":"category","embeddable":true,"href":"https:\/\/correiosulgoiano.com.br\/index.php?rest_route=%2Fwp%2Fv2%2Fcategories&post=7085"},{"taxonomy":"post_tag","embeddable":true,"href":"https:\/\/correiosulgoiano.com.br\/index.php?rest_route=%2Fwp%2Fv2%2Ftags&post=7085"}],"curies":[{"name":"wp","href":"https:\/\/api.w.org\/{rel}","templated":true}]}}