{"id":7191,"date":"2016-07-16T01:00:57","date_gmt":"2016-07-16T04:00:57","guid":{"rendered":"https:\/\/correiosulgoiano.com.br\/?p=7191"},"modified":"2016-07-16T23:30:01","modified_gmt":"2016-07-17T02:30:01","slug":"moto-x-bicicleta-apos-colisao-condutores-foram-levados-ao-hospital-municipal-de-morrinhos","status":"publish","type":"post","link":"https:\/\/correiosulgoiano.com.br\/?p=7191","title":{"rendered":"Moto x Bicicleta: Ap\u00f3s colis\u00e3o condutores foram levados ao Hospital Mun. de Morrinhos"},"content":{"rendered":"<p><span style=\"font-size: 12pt; font-family: Verdana, Geneva, sans-serif; color: #000000;\">O rel\u00f3gio marcava quase 19h00 de sexta-feira, 15\/07\/16, quando o Corpo de Bombeiros de Morrinhos foi acionado para atender a mais um acidente de tr\u00e2nsito.<\/span><\/p>\n<p><span style=\"font-size: 12pt; font-family: Verdana, Geneva, sans-serif; color: #000000;\">Desta vez foi uma motocicleta contra uma bicicleta.<\/span><\/p>\n<p><span style=\"font-size: 12pt; font-family: Verdana, Geneva, sans-serif; color: #000000;\"><a href=\"https:\/\/correiosulgoiano.com.br\/wp-content\/uploads\/2016\/07\/dom.jpg\"><img loading=\"lazy\" class=\" wp-image-7232 alignleft\" src=\"https:\/\/correiosulgoiano.com.br\/wp-content\/uploads\/2016\/07\/dom.jpg\" alt=\"dom\" width=\"338\" height=\"237\" srcset=\"https:\/\/correiosulgoiano.com.br\/wp-content\/uploads\/2016\/07\/dom.jpg 465w, https:\/\/correiosulgoiano.com.br\/wp-content\/uploads\/2016\/07\/dom-300x211.jpg 300w\" sizes=\"(max-width: 338px) 100vw, 338px\" \/><\/a>Nossa reportagem apurou que um mototaxista estava trafegando pela Rua 01, pr\u00f3ximo \u00e0 GO-213, no sentido Morro da Saudade para o setor central, bem perto do Auto Posto David. Um ciclista descia na mesma via, e no mesmo sentido.<\/span><\/p>\n<p><span style=\"font-size: 12pt; font-family: Verdana, Geneva, sans-serif; color: #000000;\"><a href=\"https:\/\/correiosulgoiano.com.br\/wp-content\/uploads\/2016\/07\/bicil-01.jpg\"><img loading=\"lazy\" class=\"wp-image-7193 alignright\" src=\"https:\/\/correiosulgoiano.com.br\/wp-content\/uploads\/2016\/07\/bicil-01.jpg\" alt=\"bicil 01\" width=\"365\" height=\"205\" srcset=\"https:\/\/correiosulgoiano.com.br\/wp-content\/uploads\/2016\/07\/bicil-01.jpg 794w, https:\/\/correiosulgoiano.com.br\/wp-content\/uploads\/2016\/07\/bicil-01-300x169.jpg 300w\" sizes=\"(max-width: 365px) 100vw, 365px\" \/><\/a>Testemunhas contaram para a Pol\u00edcia Militar que o ciclista estava na frente da moto, quando de repente tentou virar bruscamente para a direita, entrando na frente da moto e sendo colhido pela motocicleta que tentava fazer a ultrapassagem ao ciclista.<\/span><\/p>\n<p><span style=\"font-size: 12pt; font-family: Verdana, Geneva, sans-serif; color: #000000;\">A moto Honda CG Titan EX 150 cc trafegava pela Rua 01 do Morro da Saudade, quando o ciclista \u00e0 sua frente virou \u00e0 direita para entrar na Rua Goiabeira.<\/span><\/p>\n<p><span style=\"font-size: 12pt; font-family: Verdana, Geneva, sans-serif; color: #000000;\">Os dois condutores ficaram feridos. O mototaxista Carlos Marcos Vitorino da Silva de 47 anos reclamava de dores no t\u00f3rax quando foi socorrido pelos Bombeiros. Ele apresentava algumas escoria\u00e7\u00f5es, mas n\u00e3o tinha sangramento vis\u00edvel.<\/span><\/p>\n<p><span style=\"font-size: 12pt; font-family: Verdana, Geneva, sans-serif; color: #000000;\">O ciclista Carlos Balbino do Carmo de 49 anos sofreu um corte na cabe\u00e7a e reclamava de dores na altura da clav\u00edcula. Ele tamb\u00e9m teve escoria\u00e7\u00f5es e sangramento &#8211; muito provavelmente devido ao corte na cabe\u00e7a.<\/span><\/p>\n<p><span style=\"font-size: 12pt; font-family: Verdana, Geneva, sans-serif; color: #000000;\">Os dois foram levados ao Hospital Municipal de Morrinhos, onde ficaram sob os cuidados da equipe m\u00e9dica.<\/span><\/p>\n<p><span style=\"font-size: 12pt; font-family: Verdana, Geneva, sans-serif; color: #000000;\">Atuaram nesta ocorr\u00eancia pela Pol\u00edcia Militar, \u00a0o Sargento Werley, Soldado Hor\u00e1cio, Sargento Oliveira e Soldado Leonardo.<\/span><\/p>\n<p><span style=\"font-size: 12pt; font-family: Verdana, Geneva, sans-serif; color: #000000;\">Pelo Corpo de Bombeiros, Tenente Amorim, Sargento J\u00falio, Sargento Alcindo, Sargento De Ramos; Cabo \u00c1vila; Soldados Cunha, Rodolfo, Peixoto e Laurence, que operava no COB, no momento do acidente.<\/span><\/p>\n<p>Fonte: Corpo de Bombeiros, Testemunhas e Pol\u00edcia Militar<\/p>\n","protected":false},"excerpt":{"rendered":"<p>O rel\u00f3gio marcava quase 19h00 de sexta-feira, 15\/07\/16, quando o Corpo de Bombeiros de Morrinhos foi acionado para atender a mais um acidente de tr\u00e2nsito. Desta vez foi uma motocicleta contra uma bicicleta. Nossa reportagem apurou que um mototaxista estava trafegando pela Rua 01, pr\u00f3ximo \u00e0 GO-213, no sentido Morro da Saudade para o setor &#8230;<\/p>\n","protected":false},"author":1,"featured_media":7192,"comment_status":"open","ping_status":"open","sticky":false,"template":"","format":"standard","meta":{"spay_email":"","jetpack_publicize_message":""},"categories":[49],"tags":[106,498,62,871,67],"jetpack_featured_media_url":"https:\/\/correiosulgoiano.com.br\/wp-content\/uploads\/2016\/07\/bicil-02.jpg","jetpack_publicize_connections":[],"_links":{"self":[{"href":"https:\/\/correiosulgoiano.com.br\/index.php?rest_route=\/wp\/v2\/posts\/7191"}],"collection":[{"href":"https:\/\/correiosulgoiano.com.br\/index.php?rest_route=\/wp\/v2\/posts"}],"about":[{"href":"https:\/\/correiosulgoiano.com.br\/index.php?rest_route=\/wp\/v2\/types\/post"}],"author":[{"embeddable":true,"href":"https:\/\/correiosulgoiano.com.br\/index.php?rest_route=\/wp\/v2\/users\/1"}],"replies":[{"embeddable":true,"href":"https:\/\/correiosulgoiano.com.br\/index.php?rest_route=%2Fwp%2Fv2%2Fcomments&post=7191"}],"version-history":[{"count":7,"href":"https:\/\/correiosulgoiano.com.br\/index.php?rest_route=\/wp\/v2\/posts\/7191\/revisions"}],"predecessor-version":[{"id":7241,"href":"https:\/\/correiosulgoiano.com.br\/index.php?rest_route=\/wp\/v2\/posts\/7191\/revisions\/7241"}],"wp:featuredmedia":[{"embeddable":true,"href":"https:\/\/correiosulgoiano.com.br\/index.php?rest_route=\/wp\/v2\/media\/7192"}],"wp:attachment":[{"href":"https:\/\/correiosulgoiano.com.br\/index.php?rest_route=%2Fwp%2Fv2%2Fmedia&parent=7191"}],"wp:term":[{"taxonomy":"category","embeddable":true,"href":"https:\/\/correiosulgoiano.com.br\/index.php?rest_route=%2Fwp%2Fv2%2Fcategories&post=7191"},{"taxonomy":"post_tag","embeddable":true,"href":"https:\/\/correiosulgoiano.com.br\/index.php?rest_route=%2Fwp%2Fv2%2Ftags&post=7191"}],"curies":[{"name":"wp","href":"https:\/\/api.w.org\/{rel}","templated":true}]}}