{"id":7246,"date":"2016-07-17T15:03:57","date_gmt":"2016-07-17T18:03:57","guid":{"rendered":"https:\/\/correiosulgoiano.com.br\/?p=7246"},"modified":"2016-07-17T15:12:16","modified_gmt":"2016-07-17T18:12:16","slug":"serpesopopular1","status":"publish","type":"post","link":"https:\/\/correiosulgoiano.com.br\/?p=7246","title":{"rendered":"Sem Iris, delegado Waldir lidera corrida pela prefeitura de Goi\u00e2nia em pesquisa realizada por Serpes\/O Popular"},"content":{"rendered":"<p class=\"TEXTO\"><span style=\"font-size: 12pt; font-family: Verdana, Geneva, sans-serif; color: #000000;\">Eu fiquei sabendo que o Iris Rezende n\u00e3o mais seria candidato a prefeito de Goi\u00e2nia, por um colega, de r\u00e1dio. Ele me ligou e perguntou: &#8220;voc\u00ea viu o an\u00fancio do Iris, h\u00e1 pouco?&#8221; Eu disse n\u00e3o, e ele ent\u00e3o me contou o que havia acontecido.<\/span><\/p>\n<p class=\"TEXTO\"><span style=\"font-size: 12pt; font-family: Verdana, Geneva, sans-serif; color: #000000;\">Imediatamente eu disse: &#8220;ent\u00e3o o delegado Waldir ser\u00e1 prefeito em Goi\u00e2nia.&#8221;<\/span><\/p>\n<div id=\"attachment_7248\" style=\"width: 339px\" class=\"wp-caption alignleft\"><a href=\"https:\/\/correiosulgoiano.com.br\/wp-content\/uploads\/2016\/07\/Pesquisa-foto2.jpg\"><img aria-describedby=\"caption-attachment-7248\" loading=\"lazy\" class=\" wp-image-7248\" src=\"https:\/\/correiosulgoiano.com.br\/wp-content\/uploads\/2016\/07\/Pesquisa-foto2.jpg\" alt=\"Pesquisa de O Popular, mat\u00e9ria de Fabiana Pulcineli\" width=\"329\" height=\"326\" srcset=\"https:\/\/correiosulgoiano.com.br\/wp-content\/uploads\/2016\/07\/Pesquisa-foto2.jpg 387w, https:\/\/correiosulgoiano.com.br\/wp-content\/uploads\/2016\/07\/Pesquisa-foto2-150x150.jpg 150w, https:\/\/correiosulgoiano.com.br\/wp-content\/uploads\/2016\/07\/Pesquisa-foto2-300x297.jpg 300w, https:\/\/correiosulgoiano.com.br\/wp-content\/uploads\/2016\/07\/Pesquisa-foto2-55x55.jpg 55w\" sizes=\"(max-width: 329px) 100vw, 329px\" \/><\/a><p id=\"caption-attachment-7248\" class=\"wp-caption-text\">Pesquisa de O Popular, mat\u00e9ria de Fabiana Pulcineli<\/p><\/div>\n<p class=\"TEXTO\"><span style=\"font-size: 12pt; font-family: Verdana, Geneva, sans-serif; color: #000000;\">N\u00e3o precisa ser nenhum g\u00eanio da pol\u00edtica para ter esta percep\u00e7\u00e3o. Com a aus\u00eancia de Iris o deputado federal herda a maior parte dos votos que estariam dedicados ao peemedebista.<\/span><\/p>\n<p class=\"TEXTO\"><span style=\"font-size: 12pt; font-family: Verdana, Geneva, sans-serif; color: #000000;\">V\u00e1rias s\u00e3o as raz\u00f5es para isso, por\u00e9m, uma parece ser emblem\u00e1tica: Waldir tem um certo rompimento com o atual governo estadual e a princ\u00edpio n\u00e3o seria um candidato apoiado pelo governo. O eleitorado de Goi\u00e2nia nunca elegeu um prefeito apoiado pelo atual governo estadual, e parece que n\u00e3o vai ser dessa vez tamb\u00e9m.<\/span><\/p>\n<p class=\"TEXTO\"><span style=\"font-size: 12pt; font-family: Verdana, Geneva, sans-serif; color: #000000;\">Uma pesquisa realizada pelo Instituto Serpes ap\u00f3s a desist\u00eancia de Iris, revela que o\u00a0delegado Waldir Soares \u00e9 o l\u00edder na prefer\u00eancia do eleitorado goianiense na corrida \u00e0 Prefeitura de Goi\u00e2nia.<\/span><\/p>\n<p class=\"TEXTO\"><span style=\"color: #ff0000;\"><strong><span style=\"font-size: 12pt; font-family: Verdana, Geneva, sans-serif;\">L\u00cdDER<\/span><\/strong><\/span><\/p>\n<p class=\"TEXTO\"><span style=\"font-size: 12pt; font-family: Verdana, Geneva, sans-serif; color: #000000;\">A pesquisa foi encomendada pelo jornal O Popular e realizada pelo Instituto Serpes nos dias 13, 14 e 15 de julho. Os n\u00fameros apurados revelam que o delegado Waldir do PR tem 32,7% das inten\u00e7\u00f5es de voto.<\/span><\/p>\n<p class=\"TEXTO\"><span style=\"color: #ff0000;\"><strong><span style=\"font-size: 12pt; font-family: Verdana, Geneva, sans-serif;\">EM SEGUNDO<\/span><\/strong><\/span><\/p>\n<p class=\"TEXTO\"><span style=\"font-size: 12pt; font-family: Verdana, Geneva, sans-serif; color: #000000;\">Em seguida aparece o empres\u00e1rio e ex-prefeito de Senador Canedo, Vanderlan Cardoso do PSB, com 21,2%.<\/span><\/p>\n<div id=\"attachment_7247\" style=\"width: 1045px\" class=\"wp-caption alignnone\"><a href=\"https:\/\/correiosulgoiano.com.br\/wp-content\/uploads\/2016\/07\/Pesquisa-foto.jpg\"><img aria-describedby=\"caption-attachment-7247\" loading=\"lazy\" class=\"size-full wp-image-7247\" src=\"https:\/\/correiosulgoiano.com.br\/wp-content\/uploads\/2016\/07\/Pesquisa-foto.jpg\" alt=\"Pesquisa de O Popular, em mat\u00e9ria de Fabiana Pulcineli (Serpes)\" width=\"1035\" height=\"571\" srcset=\"https:\/\/correiosulgoiano.com.br\/wp-content\/uploads\/2016\/07\/Pesquisa-foto.jpg 1035w, https:\/\/correiosulgoiano.com.br\/wp-content\/uploads\/2016\/07\/Pesquisa-foto-300x166.jpg 300w, https:\/\/correiosulgoiano.com.br\/wp-content\/uploads\/2016\/07\/Pesquisa-foto-1024x565.jpg 1024w\" sizes=\"(max-width: 1035px) 100vw, 1035px\" \/><\/a><p id=\"caption-attachment-7247\" class=\"wp-caption-text\">Pesquisa de O Popular, em mat\u00e9ria de Fabiana Pulcineli (Serpes)<\/p><\/div>\n<p class=\"TEXTO\"><span style=\"color: #ff0000;\"><strong><span style=\"font-size: 12pt; font-family: Verdana, Geneva, sans-serif;\">SEM IRIS<\/span><\/strong><\/span><\/p>\n<p class=\"TEXTO\"><span style=\"font-size: 12pt; font-family: Verdana, Geneva, sans-serif; color: #000000;\">Trata-se da pesquisa estimulada, na qual os nomes de todos os pr\u00e9-candidatos s\u00e3o apresentados aos entrevistados.<\/span><\/p>\n<p class=\"TEXTO\"><span style=\"font-size: 12pt; font-family: Verdana, Geneva, sans-serif; color: #000000;\">Com a sa\u00edda de \u00cdris da corrida, Waldir e Vanderlan registraram saltos em rela\u00e7\u00e3o \u00e0 primeira rodada da pesquisa, publicada no dia 5 de junho.<\/span><\/p>\n<p class=\"TEXTO\"><span style=\"font-size: 12pt; font-family: Verdana, Geneva, sans-serif; color: #000000;\">O delegado Waldir ganhou 10,3 pontos porcentuais e Vanderlan, 10,2 pontos.<\/span><\/p>\n<p class=\"TEXTO\"><span style=\"color: #ff0000;\"><strong><span style=\"font-size: 12pt; font-family: Verdana, Geneva, sans-serif;\">EM TERCEIRO<\/span><\/strong><\/span><\/p>\n<p class=\"TEXTO\"><span style=\"font-size: 12pt; font-family: Verdana, Geneva, sans-serif; color: #000000;\">A deputada estadual Adriana Accorsi do PT \u00e9 que aparece na terceira coloca\u00e7\u00e3o, com 8,6%. Ela ganhou 2,2 pontos porcentuais em rela\u00e7\u00e3o ao levantamento anterior.<\/span><\/p>\n<p class=\"TEXTO\"><span style=\"color: #ff0000;\"><strong><span style=\"font-size: 12pt; font-family: Verdana, Geneva, sans-serif;\">PMDB E SUA INDECIS\u00c3O<\/span><\/strong><\/span><\/p>\n<p class=\"TEXTO\"><span style=\"font-size: 12pt; font-family: Verdana, Geneva, sans-serif; color: #000000;\">Com a desist\u00eancia de Iris, tr\u00eas nomes foram lan\u00e7ados pelo PMDB goianiense como pr\u00e9-candidatos a prefeito da capital: o deputado estadual e presidente do partido em Goi\u00e2nia, Bruno Peixoto; o deputado estadual Jos\u00e9 Nelto e o vice-prefeito de Goi\u00e2nia, Agenor Mariano. Por isso, todos foram testados no cen\u00e1rio geral da pesquisa Serpes.<\/span><\/p>\n<p class=\"TEXTO\"><span style=\"color: #ff0000;\"><strong><span style=\"font-size: 12pt; font-family: Verdana, Geneva, sans-serif;\">EM QUARTO<\/span><\/strong><\/span><\/p>\n<p class=\"TEXTO\"><span style=\"font-size: 12pt; font-family: Verdana, Geneva, sans-serif; color: #000000;\">Bruno Peixoto do PMDB foi o que mais pontuou, ocupando a quarta posi\u00e7\u00e3o, com 4,6%.<\/span><\/p>\n<p class=\"TEXTO\"><span style=\"color: #ff0000;\"><strong><span style=\"font-size: 12pt; font-family: Verdana, Geneva, sans-serif;\">EM QUINTO<\/span><\/strong><\/span><\/p>\n<p class=\"TEXTO\"><span style=\"font-size: 12pt; font-family: Verdana, Geneva, sans-serif; color: #000000;\">O ex-deputado federal Luiz Bittencourt do PTB registrou oscila\u00e7\u00e3o positiva de 0,8 ponto porcentual, alcan\u00e7ando 2,6%. Ele \u00e9 o que mais pontua no grupo de nomes da base do governo.<\/span><\/p>\n<p class=\"TEXTO\"><span style=\"color: #ff0000;\"><strong><span style=\"font-size: 12pt; font-family: Verdana, Geneva, sans-serif;\">EM SEXTO<\/span><\/strong><\/span><\/p>\n<p class=\"TEXTO\"><span style=\"font-size: 12pt; font-family: Verdana, Geneva, sans-serif; color: #000000;\">O deputado federal Giuseppe Vecci DO PSDB tem 2,4%, ou seja, ele perdeu inten\u00e7\u00f5es de voto de uma pesquisa para a outra. Foram 0,6 ponto a menos que o levantamento anterior.<\/span><\/p>\n<p class=\"TEXTO\"><span style=\"color: #ff0000;\"><strong><span style=\"font-size: 12pt; font-family: Verdana, Geneva, sans-serif;\">EM S\u00c9TIMO<\/span><\/strong><\/span><\/p>\n<p class=\"TEXTO\"><span style=\"font-size: 12pt; font-family: Verdana, Geneva, sans-serif; color: #000000;\">Francisco J\u00fanior do PSD tamb\u00e9m teve oscila\u00e7\u00e3o negativa de 0,4 ponto, aparecendo com 2%.<\/span><\/p>\n<p class=\"TEXTO\"><span style=\"font-size: 12pt; font-family: Verdana, Geneva, sans-serif; color: #000000;\">Jos\u00e9 Nelto do PMDB tamb\u00e9m tem 2%.<\/span><\/p>\n<p class=\"TEXTO\"><span style=\"color: #ff0000;\"><strong><span style=\"font-size: 12pt; font-family: Verdana, Geneva, sans-serif;\">EM NOVO<\/span><\/strong><\/span><\/p>\n<p class=\"TEXTO\"><span style=\"font-size: 12pt; font-family: Verdana, Geneva, sans-serif; color: #000000;\">O vereador Djalma Ara\u00fajo da Rede registra 1,4%.<\/span><\/p>\n<p class=\"TEXTO\"><span style=\"color: #ff0000;\"><strong><span style=\"font-size: 12pt; font-family: Verdana, Geneva, sans-serif;\">EM D\u00c9CIMO<\/span><\/strong><\/span><\/p>\n<p class=\"TEXTO\"><span style=\"font-size: 12pt; font-family: Verdana, Geneva, sans-serif; color: #000000;\">Alexandre Magalh\u00e3es do PSDC tem 1%.<\/span><\/p>\n<p class=\"TEXTO\"><span style=\"color: #ff0000;\"><strong><span style=\"font-size: 12pt; font-family: Verdana, Geneva, sans-serif;\">EM D\u00c9CIMO PRIMEIRO<\/span><\/strong><\/span><\/p>\n<p class=\"TEXTO\"><span style=\"font-size: 12pt; font-family: Verdana, Geneva, sans-serif; color: #000000;\">Agenor Mariano do PMDB aparece com 0,8%<\/span><\/p>\n<p class=\"TEXTO\"><span style=\"color: #ff0000;\"><strong><span style=\"font-size: 12pt; font-family: Verdana, Geneva, sans-serif;\">EM D\u00c9CIMO SEGUNDO<\/span><\/strong><\/span><\/p>\n<p class=\"TEXTO\"><span style=\"font-size: 12pt; font-family: Verdana, Geneva, sans-serif; color: #000000;\">O professor Fl\u00e1vio Sofiati do PSOL parece com 0,2%.<\/span><\/p>\n<p class=\"TEXTO\"><span style=\"color: #ff0000;\"><strong><span style=\"font-size: 12pt; font-family: Verdana, Geneva, sans-serif;\">NULOS E INDECISOS<\/span><\/strong><\/span><\/p>\n<p class=\"TEXTO\"><span style=\"font-size: 12pt; font-family: Verdana, Geneva, sans-serif; color: #000000;\">O porcentual de eleitores que pretende anular o voto caiu 5,8 pontos. Agora s\u00e3o 9,6% dos eleitores que responderam que votariam nulo, enquanto outros 11% disseram n\u00e3o ter decidido em quem votar.<\/span><\/p>\n<p class=\"TEXTO\"><span style=\"color: #000000; font-size: 12pt; font-family: 'Times New Roman', Times, serif;\">FONTE:<\/span><\/p>\n<p class=\"TEXTO\"><span style=\"color: #000000; font-size: 12pt; font-family: 'Times New Roman', Times, serif;\">Mat\u00e9ria de Fabiana Pulcineli de O Popular<\/span><\/p>\n<p class=\"TEXTO\"><span style=\"color: #000000; font-size: 12pt; font-family: 'Times New Roman', Times, serif;\"> (http:\/\/www.opopular.com.br\/editorias\/noticias\/pesquisa-serpes-o-popular-sem-iris-waldir-dispara-1.1118155?usarChave=true)<\/span><\/p>\n<div id=\"attachment_7250\" style=\"width: 578px\" class=\"wp-caption alignnone\"><a href=\"https:\/\/correiosulgoiano.com.br\/wp-content\/uploads\/2016\/07\/gyn.jpg\"><img aria-describedby=\"caption-attachment-7250\" loading=\"lazy\" class=\"wp-image-7250 size-full\" src=\"https:\/\/correiosulgoiano.com.br\/wp-content\/uploads\/2016\/07\/gyn.jpg\" alt=\"gyn\" width=\"568\" height=\"379\" srcset=\"https:\/\/correiosulgoiano.com.br\/wp-content\/uploads\/2016\/07\/gyn.jpg 568w, https:\/\/correiosulgoiano.com.br\/wp-content\/uploads\/2016\/07\/gyn-300x200.jpg 300w, https:\/\/correiosulgoiano.com.br\/wp-content\/uploads\/2016\/07\/gyn-290x195.jpg 290w\" sizes=\"(max-width: 568px) 100vw, 568px\" \/><\/a><p id=\"caption-attachment-7250\" class=\"wp-caption-text\">Foto: fotografiasaereas.com.br<\/p><\/div>\n","protected":false},"excerpt":{"rendered":"<p>Eu fiquei sabendo que o Iris Rezende n\u00e3o mais seria candidato a prefeito de Goi\u00e2nia, por um colega, de r\u00e1dio. Ele me ligou e perguntou: &#8220;voc\u00ea viu o an\u00fancio do Iris, h\u00e1 pouco?&#8221; Eu disse n\u00e3o, e ele ent\u00e3o me contou o que havia acontecido. Imediatamente eu disse: &#8220;ent\u00e3o o delegado Waldir ser\u00e1 prefeito em &#8230;<\/p>\n","protected":false},"author":1,"featured_media":7249,"comment_status":"open","ping_status":"open","sticky":false,"template":"","format":"standard","meta":{"spay_email":"","jetpack_publicize_message":""},"categories":[53],"tags":[],"jetpack_featured_media_url":"https:\/\/correiosulgoiano.com.br\/wp-content\/uploads\/2016\/07\/gyn2.jpg","jetpack_publicize_connections":[],"_links":{"self":[{"href":"https:\/\/correiosulgoiano.com.br\/index.php?rest_route=\/wp\/v2\/posts\/7246"}],"collection":[{"href":"https:\/\/correiosulgoiano.com.br\/index.php?rest_route=\/wp\/v2\/posts"}],"about":[{"href":"https:\/\/correiosulgoiano.com.br\/index.php?rest_route=\/wp\/v2\/types\/post"}],"author":[{"embeddable":true,"href":"https:\/\/correiosulgoiano.com.br\/index.php?rest_route=\/wp\/v2\/users\/1"}],"replies":[{"embeddable":true,"href":"https:\/\/correiosulgoiano.com.br\/index.php?rest_route=%2Fwp%2Fv2%2Fcomments&post=7246"}],"version-history":[{"count":3,"href":"https:\/\/correiosulgoiano.com.br\/index.php?rest_route=\/wp\/v2\/posts\/7246\/revisions"}],"predecessor-version":[{"id":7253,"href":"https:\/\/correiosulgoiano.com.br\/index.php?rest_route=\/wp\/v2\/posts\/7246\/revisions\/7253"}],"wp:featuredmedia":[{"embeddable":true,"href":"https:\/\/correiosulgoiano.com.br\/index.php?rest_route=\/wp\/v2\/media\/7249"}],"wp:attachment":[{"href":"https:\/\/correiosulgoiano.com.br\/index.php?rest_route=%2Fwp%2Fv2%2Fmedia&parent=7246"}],"wp:term":[{"taxonomy":"category","embeddable":true,"href":"https:\/\/correiosulgoiano.com.br\/index.php?rest_route=%2Fwp%2Fv2%2Fcategories&post=7246"},{"taxonomy":"post_tag","embeddable":true,"href":"https:\/\/correiosulgoiano.com.br\/index.php?rest_route=%2Fwp%2Fv2%2Ftags&post=7246"}],"curies":[{"name":"wp","href":"https:\/\/api.w.org\/{rel}","templated":true}]}}