{"id":727,"date":"2015-03-03T03:33:25","date_gmt":"2015-03-03T03:33:25","guid":{"rendered":"https:\/\/correiosulgoiano.com.br\/?p=727"},"modified":"2015-03-03T03:40:55","modified_gmt":"2015-03-03T03:40:55","slug":"posse-dos-diretores-de-escola-acontece-na-terca-feira-0303-em-goiania","status":"publish","type":"post","link":"https:\/\/correiosulgoiano.com.br\/?p=727","title":{"rendered":"Posse dos diretores de escolas acontece na ter\u00e7a-feira, 03\/03, em Goi\u00e2nia"},"content":{"rendered":"<p><span style=\"font-family: Verdana, Geneva, sans-serif; font-size: 12pt; color: #000000;\">Na ter\u00e7a-feira, 03\/03, acontece a partir das 10h00, a cerim\u00f4nia de posse dos diretores eleitos para dirigir as escolas da rede estadual, em Goi\u00e1s. Leandra Vaz de Melo da Subsecretaria Regional de Educa\u00e7\u00e3o, com sede em Morrinhos nos enviou a rela\u00e7\u00e3o dos eleitos nas 21 escolas jurisdicionadas a esta subsecretaria. Veja todos os diretores abaixo.<\/span><\/p>\n<p><span style=\"font-family: Verdana, Geneva, sans-serif; font-size: 12pt; color: #000000;\">Em todo o estado goiano s\u00e3o 1.070 escolas da rede estadual, que passam a ter novos diretores. Al\u00e9m dos professores, subsecret\u00e1rios e demais servidores da educa\u00e7\u00e3o, estar\u00e3o presentes o governador Marconi Perillo, a secret\u00e1ria de Estado da Educa\u00e7\u00e3o, Raquel Teixeira, superintendentes executivos, gestores e autoridades pol\u00edticas.<\/span><\/p>\n<p><span style=\"font-family: Verdana, Geneva, sans-serif; font-size: 12pt; color: #000000;\">O subsecret\u00e1rio Elvio Rosa informou que o processo de escolha dos diretores foi realizado sem maiores problemas no dia 24 de fevereiro e contou com boa participa\u00e7\u00e3o de alunos, pais de alunos, professores e servidores efetivos.<\/span><\/p>\n<p><span style=\"font-family: Verdana, Geneva, sans-serif; font-size: 12pt; color: #000000;\">Em Goi\u00e1s a escolha dos diretores nas escolas da rede estadual via voto da comunidade estudantil foi institu\u00edda no ano 2.000. Desde ent\u00e3o, a troca de diretores ocorre de tr\u00eas em tr\u00eas anos, sendo o processo aprimorado esporadicamente. (Da reda\u00e7\u00e3o, por Leonardo Costa, com informa\u00e7\u00f5es da SEDUCE)<\/span><\/p>\n<p><span style=\"font-family: Verdana, Geneva, sans-serif; font-size: 12pt; color: #000000;\"><strong>ESCOLAS ESTADUAIS DE MORRINHOS<\/strong><\/span><\/p>\n<p><span style=\"font-family: Verdana, Geneva, sans-serif; font-size: 12pt; color: #000000;\">Col. Est. Cel. Pedro Nunes&#8230;&#8230;&#8230;&#8230;.Ailton Borges da Silva<\/span><\/p>\n<p><span style=\"font-family: Verdana, Geneva, sans-serif; font-size: 12pt; color: #000000;\">Col. Est. Xavier de Almeida&#8230;&#8230;&#8230;..Carlos Humberto Ferreira<\/span><\/p>\n<p><span style=\"font-family: Verdana, Geneva, sans-serif; font-size: 12pt; color: #000000;\">Esc. Est. Alfredo Nasser&#8230;&#8230;&#8230;&#8230;&#8230;S\u00f4nia Maria Alexandre<\/span><\/p>\n<p><span style=\"font-family: Verdana, Geneva, sans-serif; font-size: 12pt; color: #000000;\">Esc. Est. Gertrudes Lutz&#8230;&#8230;&#8230;&#8230;&#8230;K\u00e1ssia Elias Marques<\/span><\/p>\n<p><span style=\"font-family: Verdana, Geneva, sans-serif; font-size: 12pt; color: #000000;\">Col. Est. Mariquita Costa&#8230;&#8230;&#8230;&#8230;..M\u00e1cia Helena Vilela do Carmo Almeida<\/span><\/p>\n<p><span style=\"font-family: Verdana, Geneva, sans-serif; font-size: 12pt; color: #000000;\">Col. Est. Silvio de Melo Filho&#8230;&#8230;&#8230;Dalva Castro Ayres<\/span><\/p>\n<p><span style=\"font-family: Verdana, Geneva, sans-serif; font-size: 12pt; color: #000000;\">Col. Est. Sylvio de Mello&#8230;&#8230;&#8230;&#8230;..Jo\u00e3o Batista Eduardo da Silva<\/span><\/p>\n<p><span style=\"font-family: Verdana, Geneva, sans-serif; font-size: 12pt; color: #000000;\">\u00a0<\/span><\/p>\n<p><span style=\"font-family: Verdana, Geneva, sans-serif; font-size: 12pt; color: #000000;\"><strong>ESCOLA ESTADUAL DE RIO QUENTE<\/strong><\/span><\/p>\n<p><span style=\"font-family: Verdana, Geneva, sans-serif; font-size: 12pt; color: #000000;\">Col. Est. \u00c1gua Quente&#8230;&#8230;&#8230;Roberto Ramos Estev\u00e3o<\/span><\/p>\n<p><span style=\"font-family: Verdana, Geneva, sans-serif; font-size: 12pt; color: #000000;\">\u00a0<\/span><\/p>\n<p><span style=\"font-family: Verdana, Geneva, sans-serif; font-size: 12pt; color: #000000;\"><strong>ESCOLAS ESTADUAIS DE PONTALINA<\/strong><\/span><\/p>\n<p><span style=\"font-family: Verdana, Geneva, sans-serif; font-size: 12pt; color: #000000;\">Col. Est. Jer\u00f4nimo Pereira Maia&#8230;&#8230;Jo\u00e3o Rodrigues dos Santos<\/span><\/p>\n<p><span style=\"font-family: Verdana, Geneva, sans-serif; font-size: 12pt; color: #000000;\">Esc. Est. Rui Barbosa&#8230;&#8230;&#8230;&#8230;&#8230;&#8230;.Silas Teodoro dos Santos<\/span><\/p>\n<p><span style=\"font-family: Verdana, Geneva, sans-serif; font-size: 12pt; color: #000000;\">Col. Est. Santa Rita&#8230;&#8230;&#8230;&#8230;&#8230;&#8230;&#8230;Rosinei Rodrigues da Silva<\/span><\/p>\n<p><span style=\"font-family: Verdana, Geneva, sans-serif; font-size: 12pt; color: #000000;\">\u00a0<\/span><\/p>\n<p><span style=\"font-family: Verdana, Geneva, sans-serif; font-size: 12pt; color: #000000;\"><strong>ESCOLAS ESTADUAIS DE CALDAS NOVAS<\/strong><\/span><\/p>\n<p><span style=\"font-family: Verdana, Geneva, sans-serif; font-size: 12pt; color: #000000;\">Col. Est. de Caldas Novas&#8230;&#8230;&#8230;&#8230;Rejane Cirqueira Val\u00e9rio<\/span><\/p>\n<p><span style=\"font-family: Verdana, Geneva, sans-serif; font-size: 12pt; color: #000000;\">Col. Est. Dom Pedro II&#8230;&#8230;&#8230;&#8230;&#8230;.LindomarMarques de Oliveira<\/span><\/p>\n<p><span style=\"font-family: Verdana, Geneva, sans-serif; font-size: 12pt; color: #000000;\">Esc. Est. Cel. Bento de Godoy&#8230;&#8230;Juliana Carrijo Naves Fernandes<\/span><\/p>\n<p><span style=\"font-family: Verdana, Geneva, sans-serif; font-size: 12pt; color: #000000;\">Esc. Est. Caldas Novas&#8230;&#8230;&#8230;&#8230;&#8230;Danielle Flavyane Moraes e Silva Pantoja<\/span><\/p>\n<p><span style=\"font-family: Verdana, Geneva, sans-serif; font-size: 12pt; color: #000000;\">Esc. Est. Osmundo Gonzaga&#8230;&#8230;..Marcivon Martins da Cunha<\/span><\/p>\n<p><span style=\"font-family: Verdana, Geneva, sans-serif; font-size: 12pt; color: #000000;\">Col. Est. Nivo das Neves&#8230;&#8230;&#8230;..Glenda Em\u00edlia Sim\u00e3o Lacerda Pegoraro<\/span><\/p>\n<p><span style=\"font-family: Verdana, Geneva, sans-serif; font-size: 12pt; color: #000000;\">CEJA &#8220;Filostro Machado &#8220;&#8230;&#8230;&#8230;..L\u00facio Tom\u00e9 Carneiro<\/span><\/p>\n<p><span style=\"font-family: Verdana, Geneva, sans-serif; font-size: 12pt; color: #000000;\"><strong>\u00a0<\/strong><\/span><\/p>\n<p><span style=\"font-family: Verdana, Geneva, sans-serif; font-size: 12pt; color: #000000;\"><strong>ESCOLA ESTADUAL DE \u00c1GUA LIMPA<\/strong><\/span><\/p>\n<p><span style=\"font-family: Verdana, Geneva, sans-serif; font-size: 12pt; color: #000000;\">Col.Est.BernardinoGuimar\u00e3es&#8230;&#8230;..Cristina Santana Silva e Prado<\/span><\/p>\n<p><span style=\"font-family: Verdana, Geneva, sans-serif; font-size: 12pt; color: #000000;\"><strong>\u00a0<\/strong><\/span><\/p>\n<p><span style=\"font-family: Verdana, Geneva, sans-serif; font-size: 12pt; color: #000000;\"><strong>ESCOLA ESTADUAL DE MARZAG\u00c3O<\/strong><\/span><\/p>\n<p><span style=\"font-family: Verdana, Geneva, sans-serif; font-size: 12pt; color: #000000;\">Col. Est. Raulina Fonseca&#8230;&#8230;&#8230;&#8230;.Marily Mariano da Silveira Santos<\/span><\/p>\n<p><span style=\"font-family: Verdana, Geneva, sans-serif; font-size: 12pt; color: #000000;\">\u00a0<\/span><\/p>\n<p><span style=\"font-family: Verdana, Geneva, sans-serif; font-size: 12pt; color: #000000;\"><strong>ESCOLA ESTADUAL DE EDEALINA<\/strong><\/span><\/p>\n<p><span style=\"font-family: Verdana, Geneva, sans-serif; font-size: 12pt; color: #000000;\">Col. Est. Ol\u00edmpio Silva&#8230;&#8230;&#8230;&#8230;&#8230;&#8230;.Andreia Pereira da Silva<\/span><\/p>\n","protected":false},"excerpt":{"rendered":"<p>Na ter\u00e7a-feira, 03\/03, acontece a partir das 10h00, a cerim\u00f4nia de posse dos diretores eleitos para dirigir as escolas da rede estadual, em Goi\u00e1s. Leandra Vaz de Melo da Subsecretaria Regional de Educa\u00e7\u00e3o, com sede em Morrinhos nos enviou a rela\u00e7\u00e3o dos eleitos nas 21 escolas jurisdicionadas a esta subsecretaria. Veja todos os diretores abaixo. &#8230;<\/p>\n","protected":false},"author":1,"featured_media":0,"comment_status":"open","ping_status":"open","sticky":false,"template":"","format":"standard","meta":{"spay_email":"","jetpack_publicize_message":""},"categories":[51],"tags":[55,146,141,148,147,149],"jetpack_featured_media_url":"","jetpack_publicize_connections":[],"_links":{"self":[{"href":"https:\/\/correiosulgoiano.com.br\/index.php?rest_route=\/wp\/v2\/posts\/727"}],"collection":[{"href":"https:\/\/correiosulgoiano.com.br\/index.php?rest_route=\/wp\/v2\/posts"}],"about":[{"href":"https:\/\/correiosulgoiano.com.br\/index.php?rest_route=\/wp\/v2\/types\/post"}],"author":[{"embeddable":true,"href":"https:\/\/correiosulgoiano.com.br\/index.php?rest_route=\/wp\/v2\/users\/1"}],"replies":[{"embeddable":true,"href":"https:\/\/correiosulgoiano.com.br\/index.php?rest_route=%2Fwp%2Fv2%2Fcomments&post=727"}],"version-history":[{"count":2,"href":"https:\/\/correiosulgoiano.com.br\/index.php?rest_route=\/wp\/v2\/posts\/727\/revisions"}],"predecessor-version":[{"id":730,"href":"https:\/\/correiosulgoiano.com.br\/index.php?rest_route=\/wp\/v2\/posts\/727\/revisions\/730"}],"wp:attachment":[{"href":"https:\/\/correiosulgoiano.com.br\/index.php?rest_route=%2Fwp%2Fv2%2Fmedia&parent=727"}],"wp:term":[{"taxonomy":"category","embeddable":true,"href":"https:\/\/correiosulgoiano.com.br\/index.php?rest_route=%2Fwp%2Fv2%2Fcategories&post=727"},{"taxonomy":"post_tag","embeddable":true,"href":"https:\/\/correiosulgoiano.com.br\/index.php?rest_route=%2Fwp%2Fv2%2Ftags&post=727"}],"curies":[{"name":"wp","href":"https:\/\/api.w.org\/{rel}","templated":true}]}}