{"id":7458,"date":"2016-08-05T03:12:46","date_gmt":"2016-08-05T06:12:46","guid":{"rendered":"https:\/\/correiosulgoiano.com.br\/?p=7458"},"modified":"2016-08-05T03:15:44","modified_gmt":"2016-08-05T06:15:44","slug":"desaposentou","status":"publish","type":"post","link":"https:\/\/correiosulgoiano.com.br\/?p=7458","title":{"rendered":"DESAPOSENTOU: Iris Rezende volta atr\u00e1s e anuncia que ser\u00e1 candidato a prefeito de Goi\u00e2nia"},"content":{"rendered":"<p><span style=\"font-size: 12pt; font-family: Verdana, Geneva, sans-serif; color: #000000;\">Muitos j\u00e1 esperavam por esta mudan\u00e7a de opini\u00e3o, enquanto alguns j\u00e1 estavam acreditando que desta vez a aposentadoria era pra valer. Mas, Iris Rezende, uma das maiores lideran\u00e7as pol\u00edticas de Goi\u00e1s, em todos os tempos surpreendeu de novo.<\/span><\/p>\n<p><span style=\"font-size: 12pt; font-family: Verdana, Geneva, sans-serif; color: #000000;\">Ap\u00f3s algumas semanas em que anunciou que n\u00e3o mais seria candidato a Prefeito de Goi\u00e2nia, Iris se encontrou com lideran\u00e7as de partidos e anunciou a DESAPOSENTADORIA.<\/span><\/p>\n<div id=\"attachment_7459\" style=\"width: 343px\" class=\"wp-caption alignleft\"><a href=\"https:\/\/correiosulgoiano.com.br\/wp-content\/uploads\/2016\/08\/IRIS.jpg\"><img aria-describedby=\"caption-attachment-7459\" loading=\"lazy\" class=\" wp-image-7459\" src=\"https:\/\/correiosulgoiano.com.br\/wp-content\/uploads\/2016\/08\/IRIS.jpg\" alt=\"Print de O Popular On line\" width=\"333\" height=\"276\" srcset=\"https:\/\/correiosulgoiano.com.br\/wp-content\/uploads\/2016\/08\/IRIS.jpg 506w, https:\/\/correiosulgoiano.com.br\/wp-content\/uploads\/2016\/08\/IRIS-300x249.jpg 300w\" sizes=\"(max-width: 333px) 100vw, 333px\" \/><\/a><p id=\"caption-attachment-7459\" class=\"wp-caption-text\">Print de O Popular On line &#8211; (Fabiana Pulcinelli)<\/p><\/div>\n<p><span style=\"font-size: 12pt; font-family: Verdana, Geneva, sans-serif; color: #000000;\">Foi durante uma coletiva de imprensa na tarde de quinta-feira, 04\/08\/16, quando explicou sua mudan\u00e7a de opini\u00e3o.<\/span><\/p>\n<p><span style=\"font-size: 12pt; font-family: Verdana, Geneva, sans-serif; color: #000000;\">Com rela\u00e7\u00e3o a um poss\u00edvel apoio do governador do Estado Marconi Perilo \u00e0 sua candidatura, Iris afirmou que &#8220;n\u00e3o dispensa voto nem apoio de ningu\u00e9m&#8221;, mas n\u00e3o citou especificamente o PSDB.<\/span><\/p>\n<p><span style=\"font-size: 12pt; font-family: Verdana, Geneva, sans-serif; color: #000000;\">Iris discursou e usou algumas frases de efeito, entre elas:\u00a0&#8220;Nunca o homem p\u00fablico pode se radicalizar. Ele tem de ser sens\u00edvel ao sentimento das pessoas. Enquanto Deus me der vida e sa\u00fade, me sinto no dever de lutar por essa cidade&#8221;.<\/span><\/p>\n<p><span style=\"font-size: 12pt; font-family: Verdana, Geneva, sans-serif; color: #000000;\">O deputado federal Daniel Vilela do PMDB declarou seu apoio \u00e0 candidatura de Iris, e\u00a0o deputado estadual Bruno Peixoto anunciou que os cinco candidatos que a legenda tinha sa\u00edram em apoio a Iris.<\/span><\/p>\n<p>Fonte e Fotos: O popular on line, mat\u00e9ria de Fabiana Pulcinelli<\/p>\n<p>&nbsp;<\/p>\n","protected":false},"excerpt":{"rendered":"<p>Muitos j\u00e1 esperavam por esta mudan\u00e7a de opini\u00e3o, enquanto alguns j\u00e1 estavam acreditando que desta vez a aposentadoria era pra valer. Mas, Iris Rezende, uma das maiores lideran\u00e7as pol\u00edticas de Goi\u00e1s, em todos os tempos surpreendeu de novo. Ap\u00f3s algumas semanas em que anunciou que n\u00e3o mais seria candidato a Prefeito de Goi\u00e2nia, Iris se &#8230;<\/p>\n","protected":false},"author":1,"featured_media":7461,"comment_status":"open","ping_status":"open","sticky":false,"template":"","format":"standard","meta":{"spay_email":"","jetpack_publicize_message":""},"categories":[52],"tags":[],"jetpack_featured_media_url":"https:\/\/correiosulgoiano.com.br\/wp-content\/uploads\/2016\/08\/iris2.jpg","jetpack_publicize_connections":[],"_links":{"self":[{"href":"https:\/\/correiosulgoiano.com.br\/index.php?rest_route=\/wp\/v2\/posts\/7458"}],"collection":[{"href":"https:\/\/correiosulgoiano.com.br\/index.php?rest_route=\/wp\/v2\/posts"}],"about":[{"href":"https:\/\/correiosulgoiano.com.br\/index.php?rest_route=\/wp\/v2\/types\/post"}],"author":[{"embeddable":true,"href":"https:\/\/correiosulgoiano.com.br\/index.php?rest_route=\/wp\/v2\/users\/1"}],"replies":[{"embeddable":true,"href":"https:\/\/correiosulgoiano.com.br\/index.php?rest_route=%2Fwp%2Fv2%2Fcomments&post=7458"}],"version-history":[{"count":1,"href":"https:\/\/correiosulgoiano.com.br\/index.php?rest_route=\/wp\/v2\/posts\/7458\/revisions"}],"predecessor-version":[{"id":7460,"href":"https:\/\/correiosulgoiano.com.br\/index.php?rest_route=\/wp\/v2\/posts\/7458\/revisions\/7460"}],"wp:featuredmedia":[{"embeddable":true,"href":"https:\/\/correiosulgoiano.com.br\/index.php?rest_route=\/wp\/v2\/media\/7461"}],"wp:attachment":[{"href":"https:\/\/correiosulgoiano.com.br\/index.php?rest_route=%2Fwp%2Fv2%2Fmedia&parent=7458"}],"wp:term":[{"taxonomy":"category","embeddable":true,"href":"https:\/\/correiosulgoiano.com.br\/index.php?rest_route=%2Fwp%2Fv2%2Fcategories&post=7458"},{"taxonomy":"post_tag","embeddable":true,"href":"https:\/\/correiosulgoiano.com.br\/index.php?rest_route=%2Fwp%2Fv2%2Ftags&post=7458"}],"curies":[{"name":"wp","href":"https:\/\/api.w.org\/{rel}","templated":true}]}}