{"id":753,"date":"2015-03-05T02:24:19","date_gmt":"2015-03-05T02:24:19","guid":{"rendered":"https:\/\/correiosulgoiano.com.br\/?p=753"},"modified":"2015-03-05T02:24:19","modified_gmt":"2015-03-05T02:24:19","slug":"pm-descobre-desmanche-e-recupera-caminhonete-e-moto-roubadas-em-caldas-novas","status":"publish","type":"post","link":"https:\/\/correiosulgoiano.com.br\/?p=753","title":{"rendered":"PM descobre &#8220;desmanche&#8221; e recupera caminhonete e moto roubadas em Caldas Novas"},"content":{"rendered":"<p><span style=\"font-size: 12pt; font-family: Verdana, Geneva, sans-serif; color: #000000;\">Por volta de 17h40, do dia 02\/03, o COPOM do 26\u00ba BPM recebeu informa\u00e7\u00e3o de um\u00a0poss\u00edvel\u00a0desmanche de ve\u00edculos na zona rural pr\u00f3ximo ao\u00a0lix\u00e3o.<\/span><\/p>\n<p><span style=\"font-size: 12pt; font-family: Verdana, Geneva, sans-serif; color: #000000;\">De imediato os policiais deslocaram-se para o local onde\u00a0encontraram uma caminhonete Ford Ranger, cor vermelha, roubada em uma resid\u00eancias pr\u00f3ximo a Pra\u00e7a 4 Rodas.<\/span><\/p>\n<p><span style=\"font-size: 12pt; font-family: Verdana, Geneva, sans-serif; color: #000000;\">Foi encontrada tamb\u00e9m uma moto 125 Fan, 2007\/2008, cor cinza, de Caldas Novas, com queixa de furto.<\/span><\/p>\n<p><a href=\"https:\/\/correiosulgoiano.com.br\/wp-content\/uploads\/2015\/03\/moto-lix\u00e3o.jpg\"><img loading=\"lazy\" class=\"alignnone  wp-image-755\" src=\"https:\/\/correiosulgoiano.com.br\/wp-content\/uploads\/2015\/03\/moto-lix\u00e3o.jpg\" alt=\"moto lix\u00e3o\" width=\"655\" height=\"322\" srcset=\"https:\/\/correiosulgoiano.com.br\/wp-content\/uploads\/2015\/03\/moto-lix\u00e3o.jpg 883w, https:\/\/correiosulgoiano.com.br\/wp-content\/uploads\/2015\/03\/moto-lix\u00e3o-300x147.jpg 300w\" sizes=\"(max-width: 655px) 100vw, 655px\" \/><\/a><\/p>\n<p><span style=\"font-size: 12pt; font-family: Verdana, Geneva, sans-serif; color: #000000;\">Tamb\u00e9m foi encontrado um quadro de moto, possivelmente furtado. Os dois ve\u00edculos roubados, o quadro e a moto foram encaminhados \u00e0 Delegacia de Pol\u00edcia para as provid\u00eancias cab\u00edveis.<\/span><\/p>\n<p><a href=\"https:\/\/correiosulgoiano.com.br\/wp-content\/uploads\/2015\/03\/quadro-de-moto-lix\u00e3o.jpg\"><img loading=\"lazy\" class=\"alignnone  wp-image-756\" src=\"https:\/\/correiosulgoiano.com.br\/wp-content\/uploads\/2015\/03\/quadro-de-moto-lix\u00e3o.jpg\" alt=\"quadro de moto lix\u00e3o\" width=\"655\" height=\"330\" srcset=\"https:\/\/correiosulgoiano.com.br\/wp-content\/uploads\/2015\/03\/quadro-de-moto-lix\u00e3o.jpg 883w, https:\/\/correiosulgoiano.com.br\/wp-content\/uploads\/2015\/03\/quadro-de-moto-lix\u00e3o-300x151.jpg 300w\" sizes=\"(max-width: 655px) 100vw, 655px\" \/><\/a><\/p>\n<p><span style=\"font-size: 12pt; font-family: Verdana, Geneva, sans-serif; color: #000000;\">(FONTE: SGT BRUNO SERVI\u00c7O DE INTELIG\u00caNCIA. POLICIAIS QUE PARTICIPARAM DA OCORR\u00caNCIA: SGT EUDES, CB ANDERSON, CB ELY CARLOS, SD RODRIGO, SOUSA, SD EDVAR, SD EZIO. COPOM: CB CAMPOS, SD MIRAND\u00c3O)<\/span><\/p>\n","protected":false},"excerpt":{"rendered":"<p>Por volta de 17h40, do dia 02\/03, o COPOM do 26\u00ba BPM recebeu informa\u00e7\u00e3o de um\u00a0poss\u00edvel\u00a0desmanche de ve\u00edculos na zona rural pr\u00f3ximo ao\u00a0lix\u00e3o. De imediato os policiais deslocaram-se para o local onde\u00a0encontraram uma caminhonete Ford Ranger, cor vermelha, roubada em uma resid\u00eancias pr\u00f3ximo a Pra\u00e7a 4 Rodas. Foi encontrada tamb\u00e9m uma moto 125 Fan, 2007\/2008, &#8230;<\/p>\n","protected":false},"author":1,"featured_media":754,"comment_status":"open","ping_status":"open","sticky":false,"template":"","format":"standard","meta":{"spay_email":"","jetpack_publicize_message":""},"categories":[46],"tags":[94,55,169,67,167],"jetpack_featured_media_url":"https:\/\/correiosulgoiano.com.br\/wp-content\/uploads\/2015\/03\/ranger-roubada.jpg","jetpack_publicize_connections":[],"_links":{"self":[{"href":"https:\/\/correiosulgoiano.com.br\/index.php?rest_route=\/wp\/v2\/posts\/753"}],"collection":[{"href":"https:\/\/correiosulgoiano.com.br\/index.php?rest_route=\/wp\/v2\/posts"}],"about":[{"href":"https:\/\/correiosulgoiano.com.br\/index.php?rest_route=\/wp\/v2\/types\/post"}],"author":[{"embeddable":true,"href":"https:\/\/correiosulgoiano.com.br\/index.php?rest_route=\/wp\/v2\/users\/1"}],"replies":[{"embeddable":true,"href":"https:\/\/correiosulgoiano.com.br\/index.php?rest_route=%2Fwp%2Fv2%2Fcomments&post=753"}],"version-history":[{"count":1,"href":"https:\/\/correiosulgoiano.com.br\/index.php?rest_route=\/wp\/v2\/posts\/753\/revisions"}],"predecessor-version":[{"id":757,"href":"https:\/\/correiosulgoiano.com.br\/index.php?rest_route=\/wp\/v2\/posts\/753\/revisions\/757"}],"wp:featuredmedia":[{"embeddable":true,"href":"https:\/\/correiosulgoiano.com.br\/index.php?rest_route=\/wp\/v2\/media\/754"}],"wp:attachment":[{"href":"https:\/\/correiosulgoiano.com.br\/index.php?rest_route=%2Fwp%2Fv2%2Fmedia&parent=753"}],"wp:term":[{"taxonomy":"category","embeddable":true,"href":"https:\/\/correiosulgoiano.com.br\/index.php?rest_route=%2Fwp%2Fv2%2Fcategories&post=753"},{"taxonomy":"post_tag","embeddable":true,"href":"https:\/\/correiosulgoiano.com.br\/index.php?rest_route=%2Fwp%2Fv2%2Ftags&post=753"}],"curies":[{"name":"wp","href":"https:\/\/api.w.org\/{rel}","templated":true}]}}