{"id":769,"date":"2015-03-05T03:12:10","date_gmt":"2015-03-05T03:12:10","guid":{"rendered":"https:\/\/correiosulgoiano.com.br\/?p=769"},"modified":"2015-03-05T03:12:10","modified_gmt":"2015-03-05T03:12:10","slug":"delator-da-lava-jato-diz-que-renan-recebia-propina-acima-do-teto-da-corrupcao","status":"publish","type":"post","link":"https:\/\/correiosulgoiano.com.br\/?p=769","title":{"rendered":"Delator da Lava Jato diz que Renan recebia propina acima do &#8220;teto&#8221; da corrup\u00e7\u00e3o"},"content":{"rendered":"<p><span style=\"font-family: Verdana, Geneva, sans-serif; font-size: 12pt; color: #000000;\">O ex-diretor de Abastecimento da Petrobras Paulo Roberto Costa disse em sua dela\u00e7\u00e3o premiada, que o presidente do Senado, Renan Calheiros (PMDB-AL), recebeu propina em contratos da Diretoria de Abastecimento e que, na pr\u00e1tica, os pagamentos para Renan &#8220;furaram&#8221; o teto de 3% estabelecido como limite dos repasses aos pol\u00edticos no esquema de cartel e corrup\u00e7\u00e3o desbaratado pela Opera\u00e7\u00e3o Lava Jato. Ou seja, para Renan a \u201ccomiss\u00e3o\u201d seria maior. (Fonte: Reprodu\u00e7\u00e3o do site Uol)<\/span><\/p>\n<p><span style=\"font-family: Verdana, Geneva, sans-serif; font-size: 12pt; color: #000000;\">A Pol\u00edcia descobriu que o dinheiro roubado da Petrobras era dividido por muitos, por isso tamb\u00e9m era desviado em grande quantidade.<\/span><\/p>\n<p><span style=\"font-family: Verdana, Geneva, sans-serif; font-size: 12pt; color: #000000;\">O esquema desbaratado a partir de mar\u00e7o de 2014 envolvia o loteamento de diretorias da Petrobras pelo PT, PMDB e PP. Por meio delas, eram arrecadados entre 1% e 3% de propina em grandes contratos Segundo Costa, a propina excedeu os 3% para que &#8220;fosse inclu\u00eddo um valor para Renan&#8221;.<\/span><\/p>\n<p><a href=\"https:\/\/correiosulgoiano.com.br\/wp-content\/uploads\/2015\/03\/Paulo-Roberto-Costa.jpg\"><img loading=\"lazy\" class=\"alignnone  wp-image-771\" src=\"https:\/\/correiosulgoiano.com.br\/wp-content\/uploads\/2015\/03\/Paulo-Roberto-Costa.jpg\" alt=\"Paulo Roberto Costa\" width=\"332\" height=\"218\" srcset=\"https:\/\/correiosulgoiano.com.br\/wp-content\/uploads\/2015\/03\/Paulo-Roberto-Costa.jpg 627w, https:\/\/correiosulgoiano.com.br\/wp-content\/uploads\/2015\/03\/Paulo-Roberto-Costa-300x197.jpg 300w\" sizes=\"(max-width: 332px) 100vw, 332px\" \/><\/a><\/p>\n<p><span style=\"font-family: Verdana, Geneva, sans-serif; font-size: 12pt; color: #000000;\">O ex-diretor de Abastecimento foi o primeiro delator da Lava Jato. Paulo Roberto Costa afirmou em sua dela\u00e7\u00e3o que o presidente do Senado usava como &#8220;interlocutor&#8221; dos contatos com a Diretoria de Abastecimento &#8211; reduto do PP no esquema &#8211; o deputado federal An\u00edbal Ferreira Gomes (PMDB-CE), que foi prefeito de Araca\u00fa (CE) no per\u00edodo de 1989 a 1993.<\/span><\/p>\n<p><a href=\"https:\/\/correiosulgoiano.com.br\/wp-content\/uploads\/2015\/03\/renan.jpg\"><img loading=\"lazy\" class=\"alignnone  wp-image-772\" src=\"https:\/\/correiosulgoiano.com.br\/wp-content\/uploads\/2015\/03\/renan.jpg\" alt=\"?????????????????????\" width=\"332\" height=\"187\" srcset=\"https:\/\/correiosulgoiano.com.br\/wp-content\/uploads\/2015\/03\/renan.jpg 811w, https:\/\/correiosulgoiano.com.br\/wp-content\/uploads\/2015\/03\/renan-300x169.jpg 300w\" sizes=\"(max-width: 332px) 100vw, 332px\" \/><\/a><\/p>\n<p><span style=\"font-family: Verdana, Geneva, sans-serif; font-size: 12pt; color: #000000;\">Ferrenho defensor da fam\u00edlia Calheiros no Congresso, An\u00edbal Gomes empregou em seu gabinete, como assessor, o filho mais novo do presidente Senado, Rodrigo Rodrigues Calheiros. Segundo o delator, o aliado de Renan apresentava-se como &#8220;representante&#8221; do presidente do Senado.\u00a0<\/span><\/p>\n<h3><span style=\"font-family: Verdana, Geneva, sans-serif; font-size: 12pt; color: #000000;\">Serveng<\/span><\/h3>\n<p><span style=\"font-family: Verdana, Geneva, sans-serif; font-size: 12pt; color: #000000;\">Para a for\u00e7a-tarefa do Minist\u00e9rio P\u00fablico Federal, o delator afirmou que entre 2007 e 2008, o emiss\u00e1rio peemedebista procurou por ele e disse que Renan &#8220;mandou pedir&#8221; que a Petrobras &#8220;passasse a contratar uma empresa, a Serveng-Civilsan&#8221;. Na \u00e9poca\u00a0 Costa ocupava a Diretoria de Abastecimento da estatal.<\/span><\/p>\n<p><span style=\"font-family: Verdana, Geneva, sans-serif; font-size: 12pt; color: #000000;\">An\u00edbal Gomes teria dito que Renan queria que o grupo paulista Serveng-Civilsan pudesse participar das licita\u00e7\u00f5es da estatal. A Opera\u00e7\u00e3o Lava Jato descobriu que um seleto grupo de empreiteiras detinha exclusividade em praticamente todas as \u00e1reas estrat\u00e9gicas da Petrobras. Segundo os investigadores, apenas em casos extraordin\u00e1rios essa blindagem era rompida.\u00a0<\/span><\/p>\n<p><span style=\"font-family: Verdana, Geneva, sans-serif; font-size: 12pt; color: #000000;\">O Grupo Serveng atua em \u00e1reas diversas, inclusive energia, minera\u00e7\u00e3o, engenharia e constru\u00e7\u00e3o. Costa n\u00e3o citou contratos da estatal com a empresa que teria sido indicada por Renan. A Serveng-Civilsan foi contratada para as obras da Refinaria Premium I, or\u00e7ada em R$ 20 bilh\u00f5es, em Bacabeira, a 60 quil\u00f4metros da capital S\u00e3o Lu\u00eds. A unidade foi projetada para operar como a maior refinaria da Petrobras, mas est\u00e1 com as obras inacabadas e com problemas de execu\u00e7\u00e3o.<\/span><\/p>\n<p><span style=\"font-family: Verdana, Geneva, sans-serif; font-size: 12pt; color: #000000;\">No m\u00eas passado, o governador do Maranh\u00e3o, Fl\u00e1vio Dino (PC do B), reivindicou \u00e0 presidente Dilma Rousseff (PT) que autorize a retomada das obras. A Serveng-Civilsan integra o cons\u00f3rcio formado com a Galv\u00e3o Engenharia e a Fidens &#8211; outras duas empresas alvos da Lava Jato.<\/span><\/p>\n<p><span style=\"font-family: Verdana, Geneva, sans-serif; font-size: 12pt; color: #000000;\">Tanto o engenheiro Shinko Nakandakari &#8211; operador de propina em nome da Galv\u00e3o Engenharia &#8211; como o doleiro Alberto Youssef afirmaram em suas dela\u00e7\u00f5es que houve pagamento de propina nas contrata\u00e7\u00f5es dessa obra, no Maranh\u00e3o. Segundo Youssef, a licita\u00e7\u00e3o da terraplanagem ocorreu entre 2010 e 2011 &#8220;sendo acertado que as vencedoras seriam a Galv\u00e3o Engenharia, Serveng e Fidens&#8221;. Ele afirmou que &#8220;ficava sabendo antecipadamente&#8221; o nome das empresas que ganhariam as licita\u00e7\u00f5es.<\/span><\/p>\n<p><span style=\"font-family: Verdana, Geneva, sans-serif; font-size: 12pt; color: #000000;\">Em reuni\u00f5es que teriam acontecido em S\u00e3o Paulo, ficou acertado, segundo o delator, o pagamento de comiss\u00e3o de 1% sobre o valor do contrato. Os repasses teriam sido iniciados seis meses depois do in\u00edcio da obra.<\/span><\/p>\n<p><span style=\"font-family: Verdana, Geneva, sans-serif; font-size: 12pt; color: #000000;\">Nesse encontro, disse Youssef, &#8220;ficou acertado&#8221; que a comiss\u00e3o seria liberada mediante a emiss\u00e3o de notas das empresas MO Consultoria e Empreiteira Rigidez &#8211; companhias de fachada controladas pelo doleiro para fluir o tr\u00e2nsito de propinas. O doleiro contou que um diretor da Serveng, conhecido por Paulo, &#8220;procedeu a negocia\u00e7\u00e3o da comiss\u00e3o a ser paga pela empresa&#8221;, no montante de R$ 700 mil, parcelados em sete vezes de R$ 100 mil cada.<\/span><\/p>\n<p><span style=\"font-family: Verdana, Geneva, sans-serif; font-size: 12pt; color: #000000;\">&#8220;O pr\u00f3prio Paulo esteve no escrit\u00f3rio da Avenida S\u00e3o Gabriel entregando tais quantias em esp\u00e9cie&#8221;, declarou o doleiro.<\/span><\/p>\n<p><span style=\"font-family: Verdana, Geneva, sans-serif; font-size: 12pt; color: #000000;\">Segundo Youssef, &#8220;de regra&#8221; o l\u00edder do cons\u00f3rcio negociava o pagamento das comiss\u00f5es. A obra de terraplanagem da refinaria foi uma exce\u00e7\u00e3o. &#8220;O caso presente foi excepcional pois cada empresa acabou pagando o valor proporcional \u00e0 sua parte do contrato&#8221;, disse o doleiro.<\/span><\/p>\n<p><span style=\"font-family: Verdana, Geneva, sans-serif; font-size: 12pt; color: #000000;\">No caso da Fidens, Youssef afirmou que o deputado Luiz Fernando Faria (PP\/MG) foi quem indicou a contrata\u00e7\u00e3o de uma empresa. O doleiro disse em sua dela\u00e7\u00e3o que ao procurar a Fidens para realizar a cobran\u00e7a da propina soube que essa empresa ingressou no certame e foi contratada &#8220;devido a uma inger\u00eancia pessoal do deputado Luiz Fernando do Partido Progressista junto a Paulo Roberto Costa&#8221;.<\/span><\/p>\n<p><span style=\"font-family: Verdana, Geneva, sans-serif; font-size: 12pt; color: #000000;\">Segundo o doleiro, a comiss\u00e3o seria paga diretamente pela Fidens. &#8220;Isso me foi informado inclusive pelo pr\u00f3prio Paulo Roberto Costa.&#8221;<\/span><\/p>\n<h3><span style=\"font-family: Verdana, Geneva, sans-serif; font-size: 12pt; color: #000000;\">Transpetro<\/span><\/h3>\n<p><span style=\"font-family: Verdana, Geneva, sans-serif; font-size: 12pt; color: #000000;\">Um dos medalh\u00f5es da lista de pol\u00edticos alvo de pedido de inqu\u00e9rito pelo procurador-geral da Rep\u00fablica, Rodrigo Janot, ao Supremo Tribunal Federal (STF), Renan j\u00e1 tinha seu nome apontado na Lava Jato. Ele havia sido associado ao suposto oferecimento de propinas na Transpetro &#8211; subsidi\u00e1ria da estatal que foi comandada por dez anos por um indicado pessoal do presidente do Senado, S\u00e9rgio Machado &#8211; e os investimentos de fundos de pens\u00e3o federal, entre eles o dos Correios (Postalis) e o da Caixa Econ\u00f4mica Federal (Funcef) nos esquemas do doleiro Alberto Youssef.<\/span><\/p>\n<p><span style=\"font-family: Verdana, Geneva, sans-serif; font-size: 12pt; color: #000000;\">No caso da Transpetro, o ex-diretor de Abastecimento citou o nome do presidente do Senado na intermedia\u00e7\u00e3o de um contrato para patroc\u00ednio de um curso. Diz que foi procurado pelo emiss\u00e1rio do pemedebista para que ele ajudasse o Sindicato Nacional dos Mestres de Cabotagem e Contramestres em Transportes Mar\u00edtimos.<\/span><\/p>\n<p><span style=\"font-family: Verdana, Geneva, sans-serif; font-size: 12pt; color: #000000;\">O deputado An\u00edbal Gomes, segundo Costa, disse estar &#8220;representando&#8221; Renan. Na ocasi\u00e3o, foi oferecido uma &#8220;remunera\u00e7\u00e3o&#8221; de R$ 700 mil ao ex-diretor para que ele desse solu\u00e7\u00e3o para o impasse da Petrobr\u00e1s com o sindicato. Na agenda de Paulo Roberto h\u00e1 registros da anota\u00e7\u00e3o de celulares de Machado e de uma men\u00e7\u00e3o a &#8220;curso c\/ S\u00e9rgio Machado, 5%&#8221;, ao lado do valor R$ 5 mil e da inscri\u00e7\u00e3o &#8220;dois meses&#8221;.<\/span><\/p>\n<p><span style=\"font-family: Verdana, Geneva, sans-serif; font-size: 12pt; color: #000000;\">O delator disse que acabou n\u00e3o recebendo nada. No ano passado, a Petrobras informou que o sindicato solicitava que a Transpetro patrocinasse um curso para que contramestres pudessem se formar mestres de cabotagem. O curso n\u00e3o foi realizado.<\/span><\/p>\n<p><span style=\"font-family: Verdana, Geneva, sans-serif; font-size: 12pt; color: #000000;\">Na ocasi\u00e3o em que esse epis\u00f3dio foi divulgado,em 2014,a Transpetro divulgou nota em que afirma que as reuni\u00f5es entre Machado e Paulo Roberto foram para &#8220;tratar de um pleito do Sindicato Nacional dos Mestres de Cabotagem e Contramestres em Transportes Mar\u00edtimos.&#8221; Ainda segundo aquela nota, &#8220;o sindicato solicitava que a Transpetro patrocinasse um curso para que contramestres pudessem se formar mestres de cabotagem&#8221;. Por fim, a empresa alega que, ap\u00f3s realizar estudos, decidiu por n\u00e3o realizar o curso.<\/span><\/p>\n<p><span style=\"font-family: Verdana, Geneva, sans-serif; font-size: 12pt; color: #000000;\">A reportagem fez contatos com a assessoria do senador Renan Calheiros e do Grupo Serveng, mas eles n\u00e3o se manifestaram.<\/span><\/p>\n<p><span style=\"font-family: Verdana, Geneva, sans-serif; font-size: 12pt; color: #000000;\">Por meio de sua assessoria de imprensa, o deputado Luiz Fernando (PP\/MG) recha\u00e7ou a informa\u00e7\u00e3o de que teria participado da indica\u00e7\u00e3o da Fidens. Negou tamb\u00e9m ter recebido valores il\u00edcitos e destacou sua &#8220;longa e imaculada vida p\u00fablica&#8221;.<\/span><\/p>\n<p><span style=\"font-family: Verdana, Geneva, sans-serif; font-size: 12pt; color: #000000;\">&#8220;O deputado Luiz Fernando Faria repudia veementemente a pretensa insinua\u00e7\u00e3o de que tenha participado de eventual esquema para contrata\u00e7\u00e3o de empresa prestadora de servi\u00e7os na Petrobras, esclarecendo n\u00e3o serem verdadeiras as supostas afirma\u00e7\u00f5es contidas em depoimento do senhor Alberto Youssef quanto \u00e0 sua pessoa. Esclarece, por fim, nunca ter recebido valores il\u00edcitos e que sempre pautou sua longa e imaculada vida p\u00fablica por princ\u00edpios e limites \u00e9ticos.&#8221;<\/span><\/p>\n<p><span style=\"font-family: Verdana, Geneva, sans-serif; font-size: 12pt; color: #000000;\">J\u00e1 a Serveng afirmou que &#8220;desconhece o assunto, e declara que sua atua\u00e7\u00e3o \u00e9 pautada no cumprimento \u00e0 lei.&#8221;<\/span><\/p>\n<p><span style=\"font-family: Verdana, Geneva, sans-serif; font-size: 12pt; color: #000000;\">A Galv\u00e3o Engenharia declara que os contratos da empresa foram firmados de maneira l\u00edcita. (Fonte: Reprodu\u00e7\u00e3o do site Uol)<\/span><\/p>\n","protected":false},"excerpt":{"rendered":"<p>O ex-diretor de Abastecimento da Petrobras Paulo Roberto Costa disse em sua dela\u00e7\u00e3o premiada, que o presidente do Senado, Renan Calheiros (PMDB-AL), recebeu propina em contratos da Diretoria de Abastecimento e que, na pr\u00e1tica, os pagamentos para Renan &#8220;furaram&#8221; o teto de 3% estabelecido como limite dos repasses aos pol\u00edticos no esquema de cartel e &#8230;<\/p>\n","protected":false},"author":1,"featured_media":770,"comment_status":"open","ping_status":"open","sticky":false,"template":"","format":"standard","meta":{"spay_email":"","jetpack_publicize_message":""},"categories":[52],"tags":[55,174,177,178,179,175,176],"jetpack_featured_media_url":"https:\/\/correiosulgoiano.com.br\/wp-content\/uploads\/2015\/03\/Renan-Propina.jpg","jetpack_publicize_connections":[],"_links":{"self":[{"href":"https:\/\/correiosulgoiano.com.br\/index.php?rest_route=\/wp\/v2\/posts\/769"}],"collection":[{"href":"https:\/\/correiosulgoiano.com.br\/index.php?rest_route=\/wp\/v2\/posts"}],"about":[{"href":"https:\/\/correiosulgoiano.com.br\/index.php?rest_route=\/wp\/v2\/types\/post"}],"author":[{"embeddable":true,"href":"https:\/\/correiosulgoiano.com.br\/index.php?rest_route=\/wp\/v2\/users\/1"}],"replies":[{"embeddable":true,"href":"https:\/\/correiosulgoiano.com.br\/index.php?rest_route=%2Fwp%2Fv2%2Fcomments&post=769"}],"version-history":[{"count":1,"href":"https:\/\/correiosulgoiano.com.br\/index.php?rest_route=\/wp\/v2\/posts\/769\/revisions"}],"predecessor-version":[{"id":773,"href":"https:\/\/correiosulgoiano.com.br\/index.php?rest_route=\/wp\/v2\/posts\/769\/revisions\/773"}],"wp:featuredmedia":[{"embeddable":true,"href":"https:\/\/correiosulgoiano.com.br\/index.php?rest_route=\/wp\/v2\/media\/770"}],"wp:attachment":[{"href":"https:\/\/correiosulgoiano.com.br\/index.php?rest_route=%2Fwp%2Fv2%2Fmedia&parent=769"}],"wp:term":[{"taxonomy":"category","embeddable":true,"href":"https:\/\/correiosulgoiano.com.br\/index.php?rest_route=%2Fwp%2Fv2%2Fcategories&post=769"},{"taxonomy":"post_tag","embeddable":true,"href":"https:\/\/correiosulgoiano.com.br\/index.php?rest_route=%2Fwp%2Fv2%2Ftags&post=769"}],"curies":[{"name":"wp","href":"https:\/\/api.w.org\/{rel}","templated":true}]}}