{"id":8019,"date":"2016-11-09T05:44:10","date_gmt":"2016-11-09T07:44:10","guid":{"rendered":"https:\/\/correiosulgoiano.com.br\/?p=8019"},"modified":"2016-11-09T12:16:38","modified_gmt":"2016-11-09T14:16:38","slug":"jovensapreendidosemmorrinhosgo","status":"publish","type":"post","link":"https:\/\/correiosulgoiano.com.br\/?p=8019","title":{"rendered":"Jovens de 15 e 16 anos mataram outro de 16, em Morrinhos! Disputa por territ\u00f3rio e venda de drogas motivou o crime, diz delegado Fabiano Jacomelis"},"content":{"rendered":"<p><span style=\"font-size: 12pt; font-family: Verdana, Geneva, sans-serif; color: #000000;\">O Delegado Fabiano Jacomelis informou ao Correio Sul Goiano que ap\u00f3s alguns dias de investiga\u00e7\u00e3o, a Pol\u00edcia Civil conseguiu determinar a autoria de mais um, dos 04 \u00faltimos homic\u00eddios registrados em Morrinhos. Agora s\u00f3 faltam 02, mas o delegado disse que as investiga\u00e7\u00f5es est\u00e3o bem encaminhadas e n\u00e3o pode adiantar detalhes para n\u00e3o atrapalhar o trabalho dos investigadores.<\/span><\/p>\n<div style=\"width: 100%;\" class=\"wp-video\"><video class=\"wp-video-shortcode\" id=\"video-8019-1\" width=\"480\" height=\"360\" preload=\"metadata\" controls=\"controls\"><source type=\"video\/mp4\" src=\"https:\/\/correiosulgoiano.com.br\/wp-content\/uploads\/2016\/11\/Fabiano-Jacomelis-Delegado-Morrinhos-GO.mp4?_=1\" \/><\/video><\/div>\n<p><span style=\"font-size: 12pt; font-family: Verdana, Geneva, sans-serif; color: #000000;\">Desde que chegou em Morrinhos Fabiano Jacomelis se deparou com mais de uma d\u00fazia de homic\u00eddios e atos infracionais an\u00e1logos, al\u00e9m de crimes de tr\u00e1fico.<\/span><\/p>\n<p><span style=\"color: #000000;\"><span style=\"font-size: 12pt; font-family: Verdana, Geneva, sans-serif;\">Os homic\u00eddios foram quase todos esclarecidos, faltando apenas os dois \u00faltimos casos, que se referem \u00e0s mortes de Leonardo Victor da Silva de 20 anos, que morreu no dia 28 de junho, ap\u00f3s ser baleado na Pra\u00e7a W.A, no Jardim Am\u00e9rica e\u00a0<\/span><span style=\"font-size: 12pt; font-family: Verdana, Geneva, sans-serif;\">Naurytan Faun Ara\u00fajo Mubarak, de 23 anos, morto a tiros n<\/span><span style=\"font-size: 12pt; font-family: Verdana, Geneva, sans-serif;\">a noite de sexta-feira, 02\/09\/16, no setor Sol Nascente.<\/span><\/span><\/p>\n<p><span style=\"font-size: 12pt; font-family: Verdana, Geneva, sans-serif; color: #ff0000;\"><strong>MENORES S\u00c3O APREENDIDOS<\/strong><\/span><\/p>\n<p><span style=\"font-size: 12pt; font-family: Verdana, Geneva, sans-serif; color: #000000;\"><a href=\"https:\/\/correiosulgoiano.com.br\/wp-content\/uploads\/2016\/10\/4-feira1.jpg\"><img loading=\"lazy\" class=\"wp-image-8512 alignleft\" src=\"https:\/\/correiosulgoiano.com.br\/wp-content\/uploads\/2016\/10\/4-feira1.jpg\" alt=\"4-feira1\" width=\"318\" height=\"222\" srcset=\"https:\/\/correiosulgoiano.com.br\/wp-content\/uploads\/2016\/10\/4-feira1.jpg 776w, https:\/\/correiosulgoiano.com.br\/wp-content\/uploads\/2016\/10\/4-feira1-300x210.jpg 300w\" sizes=\"(max-width: 318px) 100vw, 318px\" \/><\/a>Na tarde de ter\u00e7a-feira, 08\/11, os policiais civis de Morrinhos deram cumprimento ao mandados de apreens\u00e3o em desfavor de dois adolescentes infratores: Y.R.O. de 16 anos, e D.F.C. de 15 anos.<\/span><\/p>\n<p><span style=\"font-size: 12pt; font-family: Verdana, Geneva, sans-serif; color: #000000;\">Segundo o Dr. Fabiano Jacomelis as investiga\u00e7\u00f5es revelam que os dois mataram Vin\u00edcius Mendes Ferreira da Silva, tamb\u00e9m menor, de 16 anos, no final da manh\u00e3 de ter\u00e7a-feira, 11\/10\/16.<\/span><\/p>\n<p><span style=\"font-size: 12pt; font-family: Verdana, Geneva, sans-serif; color: #000000;\">Vin\u00edcius foi assassinado com um tiro na cabe\u00e7a, por\u00e9m, de acordo com a legisla\u00e7\u00e3o brasileira os dois jovens detidos pelo delegado n\u00e3o cometeram um CRIME, mas sim, um ATO INFRACIONAL AN\u00c1LOGO ao crime de HOMIC\u00cdDIO QUALIFICADO.<\/span><\/p>\n<p><span style=\"font-size: 12pt; font-family: Verdana, Geneva, sans-serif; color: #000000;\"><a href=\"https:\/\/correiosulgoiano.com.br\/wp-content\/uploads\/2016\/11\/4-feira2.jpg\"><img loading=\"lazy\" class=\"wp-image-8521 alignright\" src=\"https:\/\/correiosulgoiano.com.br\/wp-content\/uploads\/2016\/11\/4-feira2.jpg\" alt=\"4-feira2\" width=\"299\" height=\"208\" srcset=\"https:\/\/correiosulgoiano.com.br\/wp-content\/uploads\/2016\/11\/4-feira2.jpg 782w, https:\/\/correiosulgoiano.com.br\/wp-content\/uploads\/2016\/11\/4-feira2-300x209.jpg 300w\" sizes=\"(max-width: 299px) 100vw, 299px\" \/><\/a>A equipe de policiais civis da delegacia de Morrinhos, coordenada pelo Dr. Fabiano Jacomelis apurou que no dia do crime, 11 de outubro, 2016, por volta das 11h00, os adolescentes suspeitos da autoria do homic\u00eddio chamaram a v\u00edtima (Vin\u00edcius Mendes) para ir at\u00e9 uma ch\u00e1cara, localizada aos fundos do Setor S\u00e3o Francisco de Assis, em Morrinhos.<\/span><\/p>\n<p><span style=\"font-size: 12pt; font-family: Verdana, Geneva, sans-serif; color: #000000;\">De acordo com as investiga\u00e7\u00f5es, no referido local, sem qualquer possibilidade de se defender, Vin\u00edcius Mendes Ferreira da Silva foi alvejado com um tiro na cabe\u00e7a, falecendo em seguida.<\/span><\/p>\n<p><span style=\"font-size: 12pt; font-family: Verdana, Geneva, sans-serif; color: #000000;\">O caso chamou a aten\u00e7\u00e3o da comunidade por se tratar de uma pessoa muito jovem, de apenas 16 anos, sendo executada de maneira t\u00e3o cruel, no meio do pasto, sem possibilidade de defesa. Desde ent\u00e3o, a comunidade aguardava a conclus\u00e3o das investiga\u00e7\u00f5es e a defini\u00e7\u00e3o da autoria do crime &#8211; o que aconteceu nesta ter\u00e7a-feira.<\/span><\/p>\n<p><span style=\"font-size: 12pt; font-family: Verdana, Geneva, sans-serif; color: #000000;\"><a href=\"https:\/\/correiosulgoiano.com.br\/wp-content\/uploads\/2016\/10\/Suspeitos-presos-04-site.jpg\"><img loading=\"lazy\" class=\"wp-image-8513 alignright\" src=\"https:\/\/correiosulgoiano.com.br\/wp-content\/uploads\/2016\/10\/Suspeitos-presos-04-site.jpg\" alt=\"suspeitos-presos-04-site\" width=\"224\" height=\"213\" srcset=\"https:\/\/correiosulgoiano.com.br\/wp-content\/uploads\/2016\/10\/Suspeitos-presos-04-site.jpg 503w, https:\/\/correiosulgoiano.com.br\/wp-content\/uploads\/2016\/10\/Suspeitos-presos-04-site-300x286.jpg 300w\" sizes=\"(max-width: 224px) 100vw, 224px\" \/><\/a><\/span><span style=\"font-size: 12pt; font-family: Verdana, Geneva, sans-serif; color: #000000;\">A equipe coordenada pelo delegado Fabiano Jacomelis apurou tamb\u00e9m\u00a0que o &#8220;homic\u00eddio&#8221; teria sido motivado por disputas de territ\u00f3rio referentes ao tr\u00e1fico de drogas, no Setor S\u00e3o Francisco de Assis.<\/span><\/p>\n<p><span style=\"font-size: 12pt; font-family: Verdana, Geneva, sans-serif; color: #000000;\">A arma de fogo que teria sido utilizada na pr\u00e1tica do crime foi apreendida pela pol\u00edcia civil, em dilig\u00eancia realizada durante o processo de investiga\u00e7\u00e3o.<\/span><\/p>\n<p><span style=\"font-size: 12pt; font-family: Verdana, Geneva, sans-serif; color: #000000;\">Diante de todos os fatos e com a certeza de ter elucidado o caso, o Dr. Fabiano Jacomelis pediu a busca e apreens\u00e3o dos ADOLESCENTES INFRATORES, que foi devidamente decretada pelo Poder Judici\u00e1rio local e cumprida pelos policiais civis da delegacia de Morrinhos, na tarde de ter\u00e7a-feira, dia 08 de novembro.<\/span><\/p>\n<p><em><span style=\"font-size: 12pt; font-family: Georgia, Georgia, serif; color: #000000;\">Veja tamb\u00e9m<\/span><\/em><\/p>\n<p><span style=\"color: #ff0000;\"><strong><span style=\"font-size: 12pt; font-family: Verdana, Geneva, sans-serif;\">JOVEM DE 16 ANOS \u00c9 ENCONTRADO COM TIRO NA CABE\u00c7A, EM MORRINHOS&#8230; ENVOLVIMENTO COM DROGAS \u00c9 INVESTIGADO<\/span><\/strong><\/span><\/p>\n<p><em><span style=\"font-size: 10pt; font-family: Georgia, Georgia, serif; color: #000000;\">Publicado na ter\u00e7a-feira, 11 de outubro, 2016<\/span><\/em><\/p>\n<p><a href=\"https:\/\/correiosulgoiano.com.br\/wp-content\/uploads\/2016\/10\/Homicidio-Vin\u00edcius-07.jpg\"><img loading=\"lazy\" class=\"wp-image-8020 alignleft\" src=\"https:\/\/correiosulgoiano.com.br\/wp-content\/uploads\/2016\/10\/Homicidio-Vin\u00edcius-07.jpg\" alt=\"homicidio-vinicius-07\" width=\"426\" height=\"239\" srcset=\"https:\/\/correiosulgoiano.com.br\/wp-content\/uploads\/2016\/10\/Homicidio-Vin\u00edcius-07.jpg 778w, https:\/\/correiosulgoiano.com.br\/wp-content\/uploads\/2016\/10\/Homicidio-Vin\u00edcius-07-300x169.jpg 300w\" sizes=\"(max-width: 426px) 100vw, 426px\" \/><\/a><\/p>\n<p><span style=\"font-size: 12pt; font-family: Verdana, Geneva, sans-serif; color: #000000;\">No final da manh\u00e3 de ter\u00e7a-feira, dia 11 de outubro, 2016, a equipe do SAMU foi acionada via fone 192 para socorrer a um jovem que foi encontrado ferido com um tiro na cabe\u00e7a.\u00a0<\/span><span style=\"font-size: 12pt; font-family: Verdana, Geneva, sans-serif; color: #000000;\">Ele estava ca\u00eddo no meio do pasto, em uma propriedade rural, logo depois da \u00faltima rua do Setor S\u00e3o Francisco de Assis, em Morrinhos. Assim que foi acionada a equipe do SAMU se deslocou rapidamente para o local indicado.<\/span><\/p>\n<p><a href=\"https:\/\/correiosulgoiano.com.br\/wp-content\/uploads\/2016\/10\/Homicidio-Vin\u00edcius-09.jpg\"><img loading=\"lazy\" class=\"alignleft wp-image-8021\" src=\"https:\/\/correiosulgoiano.com.br\/wp-content\/uploads\/2016\/10\/Homicidio-Vin\u00edcius-09.jpg\" alt=\"Jovem \u00e9 encontrado com tiro na cabe\u00e7a\" width=\"206\" height=\"263\" srcset=\"https:\/\/correiosulgoiano.com.br\/wp-content\/uploads\/2016\/10\/Homicidio-Vin\u00edcius-09.jpg 761w, https:\/\/correiosulgoiano.com.br\/wp-content\/uploads\/2016\/10\/Homicidio-Vin\u00edcius-09-236x300.jpg 236w\" sizes=\"(max-width: 206px) 100vw, 206px\" \/><\/a><\/p>\n<p><span style=\"font-size: 12pt; font-family: Verdana, Geneva, sans-serif; color: #000000;\">Por\u00e9m, quando chegaram ao local, os socorristas do SAMU j\u00e1 encontraram o jovem sem vida.<\/span><\/p>\n<p><span style=\"font-size: 12pt; font-family: Verdana, Geneva, sans-serif; color: #000000;\">Os sinais vitais j\u00e1 n\u00e3o existiam e o corpo j\u00e1 estava frio &#8211; uma pena &#8211; ainda mais por tratar-se de um garoto de apenas 16 anos.<\/span><\/p>\n<p><span style=\"font-size: 12pt; font-family: Verdana, Geneva, sans-serif; color: #000000;\">A Pol\u00edcia Militar tamb\u00e9m foi acionada e imediatamente compareceu ao local &#8211; isolou a \u00e1rea e acionou a Pol\u00edcia Civil.<\/span><\/p>\n<p><span style=\"font-size: 12pt; font-family: Verdana, Geneva, sans-serif; color: #000000;\">Membros da Pol\u00edcia T\u00e9cnico Cient\u00edfica compareceram para colher evid\u00eancias e informa\u00e7\u00f5es para posterior confec\u00e7\u00e3o de Laudo Pericial. Em seguida, t\u00e9cnicos do IML fizeram a remo\u00e7\u00e3o do corpo.<\/span><\/p>\n<p><span style=\"font-size: 12pt; font-family: Verdana, Geneva, sans-serif; color: #000000;\">Vin\u00edcius Mendes Ferreira da Silva, de 16 anos foi alvejado com um tiro pr\u00f3ximo ao ouvido direito. H\u00e1 informa\u00e7\u00f5es de que nos \u00faltimos meses ele provavelmente tenha se envolvido no sub-mundo das drogas.<\/span><\/p>\n<div id=\"attachment_8022\" style=\"width: 387px\" class=\"wp-caption alignleft\"><a href=\"https:\/\/correiosulgoiano.com.br\/wp-content\/uploads\/2016\/10\/Homicidio-Vin\u00edcius-06.jpg\"><img aria-describedby=\"caption-attachment-8022\" loading=\"lazy\" class=\" wp-image-8022\" src=\"https:\/\/correiosulgoiano.com.br\/wp-content\/uploads\/2016\/10\/Homicidio-Vin\u00edcius-06.jpg\" alt=\"M\u00e3e da v\u00edtima conversa com as Pol\u00edcias\" width=\"377\" height=\"213\" srcset=\"https:\/\/correiosulgoiano.com.br\/wp-content\/uploads\/2016\/10\/Homicidio-Vin\u00edcius-06.jpg 819w, https:\/\/correiosulgoiano.com.br\/wp-content\/uploads\/2016\/10\/Homicidio-Vin\u00edcius-06-300x169.jpg 300w\" sizes=\"(max-width: 377px) 100vw, 377px\" \/><\/a><p id=\"caption-attachment-8022\" class=\"wp-caption-text\">M\u00e3e da v\u00edtima conversa com as Pol\u00edcias<\/p><\/div>\n<p><span style=\"font-size: 12pt; font-family: Verdana, Geneva, sans-serif; color: #000000;\">As pol\u00edcias investigam para confirmar esta informa\u00e7\u00e3o e apurar se este poss\u00edvel envolvimento com entorpecentes tenha motivado o crime.<\/span><\/p>\n<p><span style=\"font-size: 12pt; font-family: Verdana, Geneva, sans-serif; color: #000000;\">Para a Pol\u00edcia Militar, a m\u00e3e da v\u00edtima contou que era pr\u00f3ximo das 11h30, quando um rapaz conhecido pelo apelido de &#8220;armonca&#8221; chegou correndo na casa dela e contou que Vin\u00edcius tinha sido encontrado ca\u00eddo na propriedade rural, baleado. Ela imediatamente se dirigiu para o local.<\/span><\/p>\n<p><span style=\"font-size: 12pt; font-family: Verdana, Geneva, sans-serif; color: #000000;\">A mulher tamb\u00e9m contou para os policiais que a v\u00edtima tinha ido at\u00e9 sua casa, duas horas antes de ser morto, perto das 09 horas, quando pegou algumas roupas e saiu, sem dizer para onde iria. Duas horas depois ela recebeu a not\u00edcia de sua morte.<\/span><\/p>\n<p><span style=\"font-size: 12pt; font-family: Verdana, Geneva, sans-serif; color: #000000;\">Vin\u00edcius era o mais velho de seis irm\u00e3os. Segundo sua m\u00e3e, o mais jovem tem 9 anos.<\/span><\/p>\n<p><span style=\"font-size: 12pt; font-family: Verdana, Geneva, sans-serif; color: #000000;\">At\u00e9 o momento em que esta reportagem foi publicada, no fim da tarde de ter\u00e7a-feira, ningu\u00e9m havia sido preso. As investiga\u00e7\u00f5es continuam por parte da PM e Pol\u00edcia Civil.<\/span><\/p>\n<div id=\"attachment_8023\" style=\"width: 571px\" class=\"wp-caption aligncenter\"><a href=\"https:\/\/correiosulgoiano.com.br\/wp-content\/uploads\/2016\/10\/Homicidio-Vin\u00edcius-04.jpg\"><img aria-describedby=\"caption-attachment-8023\" loading=\"lazy\" class=\" wp-image-8023\" src=\"https:\/\/correiosulgoiano.com.br\/wp-content\/uploads\/2016\/10\/Homicidio-Vin\u00edcius-04.jpg\" alt=\"Populares observam trabalho das Pol\u00edcias junto ao corpo baleado\" width=\"561\" height=\"315\" srcset=\"https:\/\/correiosulgoiano.com.br\/wp-content\/uploads\/2016\/10\/Homicidio-Vin\u00edcius-04.jpg 737w, https:\/\/correiosulgoiano.com.br\/wp-content\/uploads\/2016\/10\/Homicidio-Vin\u00edcius-04-300x169.jpg 300w\" sizes=\"(max-width: 561px) 100vw, 561px\" \/><\/a><p id=\"caption-attachment-8023\" class=\"wp-caption-text\">Populares observam trabalho das Pol\u00edcias junto ao corpo baleado<\/p><\/div>\n","protected":false},"excerpt":{"rendered":"<p>O Delegado Fabiano Jacomelis informou ao Correio Sul Goiano que ap\u00f3s alguns dias de investiga\u00e7\u00e3o, a Pol\u00edcia Civil conseguiu determinar a autoria de mais um, dos 04 \u00faltimos homic\u00eddios registrados em Morrinhos. Agora s\u00f3 faltam 02, mas o delegado disse que as investiga\u00e7\u00f5es est\u00e3o bem encaminhadas e n\u00e3o pode adiantar detalhes para n\u00e3o atrapalhar o &#8230;<\/p>\n","protected":false},"author":1,"featured_media":8511,"comment_status":"open","ping_status":"open","sticky":false,"template":"","format":"standard","meta":{"spay_email":"","jetpack_publicize_message":""},"categories":[49],"tags":[588,937,65],"jetpack_featured_media_url":"https:\/\/correiosulgoiano.com.br\/wp-content\/uploads\/2016\/10\/Suspeitos-presos-03-site.jpg","jetpack_publicize_connections":[],"_links":{"self":[{"href":"https:\/\/correiosulgoiano.com.br\/index.php?rest_route=\/wp\/v2\/posts\/8019"}],"collection":[{"href":"https:\/\/correiosulgoiano.com.br\/index.php?rest_route=\/wp\/v2\/posts"}],"about":[{"href":"https:\/\/correiosulgoiano.com.br\/index.php?rest_route=\/wp\/v2\/types\/post"}],"author":[{"embeddable":true,"href":"https:\/\/correiosulgoiano.com.br\/index.php?rest_route=\/wp\/v2\/users\/1"}],"replies":[{"embeddable":true,"href":"https:\/\/correiosulgoiano.com.br\/index.php?rest_route=%2Fwp%2Fv2%2Fcomments&post=8019"}],"version-history":[{"count":15,"href":"https:\/\/correiosulgoiano.com.br\/index.php?rest_route=\/wp\/v2\/posts\/8019\/revisions"}],"predecessor-version":[{"id":8545,"href":"https:\/\/correiosulgoiano.com.br\/index.php?rest_route=\/wp\/v2\/posts\/8019\/revisions\/8545"}],"wp:featuredmedia":[{"embeddable":true,"href":"https:\/\/correiosulgoiano.com.br\/index.php?rest_route=\/wp\/v2\/media\/8511"}],"wp:attachment":[{"href":"https:\/\/correiosulgoiano.com.br\/index.php?rest_route=%2Fwp%2Fv2%2Fmedia&parent=8019"}],"wp:term":[{"taxonomy":"category","embeddable":true,"href":"https:\/\/correiosulgoiano.com.br\/index.php?rest_route=%2Fwp%2Fv2%2Fcategories&post=8019"},{"taxonomy":"post_tag","embeddable":true,"href":"https:\/\/correiosulgoiano.com.br\/index.php?rest_route=%2Fwp%2Fv2%2Ftags&post=8019"}],"curies":[{"name":"wp","href":"https:\/\/api.w.org\/{rel}","templated":true}]}}