{"id":802,"date":"2015-03-07T02:44:55","date_gmt":"2015-03-07T02:44:55","guid":{"rendered":"https:\/\/correiosulgoiano.com.br\/?p=802"},"modified":"2015-03-07T02:48:49","modified_gmt":"2015-03-07T02:48:49","slug":"lista-de-janot-tem-dois-deputados-goianos-sao-49-nomes-no-total-veja-todos","status":"publish","type":"post","link":"https:\/\/correiosulgoiano.com.br\/?p=802","title":{"rendered":"Lista de Janot tem dois deputados goianos. S\u00e3o 49 nomes no total. Veja todos!"},"content":{"rendered":"<p><span style=\"font-size: 12pt; font-family: Verdana, Geneva, sans-serif; color: #000000;\">O ministro Teori Zavascki, do Supremo Tribunal Federal decidiu na sexta-feira, 06\/03, autorizar a abertura de inqu\u00e9rito para investigar 49 pessoas, sendo 47 pol\u00edticos \u2013 suspeitos de participa\u00e7\u00e3o no esquema de corrup\u00e7\u00e3o da Petrobras revelado pela Opera\u00e7\u00e3o Lava Jato. (Reprodu\u00e7\u00e3o G1\/Bras\u00edlia)<\/span><\/p>\n<p><span style=\"font-size: 12pt; font-family: Verdana, Geneva, sans-serif; color: #000000;\">Entre eles, h\u00e1 22 deputados federais, 12 senadores, 12 ex-deputados e uma ex-governadora. Eles pertencem a cinco partidos, al\u00e9m de dois dos chamados\u00a0 &#8220;operadores&#8221; do esquema \u2013 o tesoureiro do PT, Jo\u00e3o Vaccari Neto, e lobista Fernando Soares, o &#8220;Fernando Baiano&#8221;.<\/span><\/p>\n<p><span style=\"font-size: 12pt; font-family: Verdana, Geneva, sans-serif; color: #000000;\">O PP \u00e9 o partido com mais pol\u00edticos entre os que responder\u00e3o a inqu\u00e9ritos (32). Em seguida, v\u00eam PMDB (sete), PT (seis), PSDB (um) e PTB (um).<\/span><\/p>\n<p><span style=\"font-size: 12pt; font-family: Verdana, Geneva, sans-serif; color: #000000;\">N\u00e3o h\u00e1 governadores de estado na lista. Eventuais casos de governadores dever\u00e3o ter os pedidos de abertura de inqu\u00e9ritos entregues na pr\u00f3xima semana pela Procuradoria Geral da Rep\u00fablica ao Superior Tribunal de Justi\u00e7a, que tem atribui\u00e7\u00e3o de investigar governadores \u2013 nos casos das investiga\u00e7\u00f5es de deputados e senadores, o foro \u00e9 o STF.<\/span><\/p>\n<p><span style=\"font-size: 12pt; font-family: Verdana, Geneva, sans-serif; color: #000000;\">Teori Zavascki retirou o segredo de justi\u00e7a de todos os procedimentos de investiga\u00e7\u00e3o. Segundo ele, n\u00e3o existe \u201cinteresse social\u201d no sigilo das informa\u00e7\u00f5es. \u201cPelo contr\u00e1rio: \u00e9 importante, at\u00e9 mesmo em aten\u00e7\u00e3o aos valores republicanos, que a sociedade brasileira tome conhecimento dos fatos relatados\u201d, argumentou.<\/span><\/p>\n<p><span style=\"font-size: 12pt; font-family: Verdana, Geneva, sans-serif; color: #000000;\">O an\u00fancio dos nomes foi feito a partir das 20h25, depois de um dia de intensa ansiedade nos meios pol\u00edticos de Bras\u00edlia. Uma assessora do Supremo leu os nomes dos parlamentares alvos dos inqu\u00e9ritos.<\/span><\/p>\n<p><a href=\"https:\/\/correiosulgoiano.com.br\/wp-content\/uploads\/2015\/03\/listala.jpg\"><img loading=\"lazy\" class=\"alignnone  wp-image-804\" src=\"https:\/\/correiosulgoiano.com.br\/wp-content\/uploads\/2015\/03\/listala.jpg\" alt=\"listala\" width=\"460\" height=\"4108\" \/><\/a><\/p>\n<p><span style=\"font-size: 12pt; font-family: Verdana, Geneva, sans-serif; color: #000000;\"><strong>PP<\/strong><\/span><br \/>\n<span style=\"font-size: 12pt; font-family: Verdana, Geneva, sans-serif; color: #000000;\"> &#8211; Senador Ciro Nogueira (PI)<\/span><br \/>\n<span style=\"font-size: 12pt; font-family: Verdana, Geneva, sans-serif; color: #000000;\"> &#8211; Senador Benedito de Lira (AL)<\/span><br \/>\n<span style=\"font-size: 12pt; font-family: Verdana, Geneva, sans-serif; color: #000000;\"> &#8211; Senador Gladson Cameli (AC)<\/span><br \/>\n<span style=\"font-size: 12pt; font-family: Verdana, Geneva, sans-serif; color: #000000;\"> &#8211; Deputado Aguinaldo Ribeiro (PB)<\/span><br \/>\n<span style=\"font-size: 12pt; font-family: Verdana, Geneva, sans-serif; color: #000000;\"> &#8211; Deputado Sim\u00e3o Sessim (RJ)<\/span><br \/>\n<span style=\"font-size: 12pt; font-family: Verdana, Geneva, sans-serif; color: #000000;\"> &#8211; Deputado Nelson Meurer (PR)<\/span><br \/>\n<span style=\"font-size: 12pt; font-family: Verdana, Geneva, sans-serif; color: #000000;\"> &#8211; Deputado Eduardo da Fonte (PE)<\/span><br \/>\n<span style=\"font-size: 12pt; font-family: Verdana, Geneva, sans-serif; color: #000000;\"> &#8211; Deputado Luiz Fernando Faria (MG)<\/span><br \/>\n<span style=\"font-size: 12pt; font-family: Verdana, Geneva, sans-serif; color: #000000;\"> &#8211; Deputado Arthur Lira (AL)<\/span><br \/>\n<span style=\"font-size: 12pt; font-family: Verdana, Geneva, sans-serif; color: #000000;\"> &#8211; Deputado Dilceu Sperafico (PR)<\/span><br \/>\n<span style=\"font-size: 12pt; font-family: Verdana, Geneva, sans-serif; color: #000000;\"> &#8211; Deputado Jeronimo Goergen (RS)<\/span><br \/>\n<span style=\"font-size: 12pt; font-family: Verdana, Geneva, sans-serif; color: #000000;\"> &#8211; Deputado Sandes J\u00fanior (GO)<\/span><br \/>\n<span style=\"font-size: 12pt; font-family: Verdana, Geneva, sans-serif; color: #000000;\"> &#8211; Deputado Afonso Hamm (RS)<\/span><br \/>\n<span style=\"font-size: 12pt; font-family: Verdana, Geneva, sans-serif; color: #000000;\"> &#8211; Deputado Mission\u00e1rio Jos\u00e9 Ol\u00edmpio (SP)<\/span><br \/>\n<span style=\"font-size: 12pt; font-family: Verdana, Geneva, sans-serif; color: #000000;\"> &#8211; Deputado L\u00e1zaro Botelho (TO)<\/span><br \/>\n<span style=\"font-size: 12pt; font-family: Verdana, Geneva, sans-serif; color: #000000;\"> &#8211; Deputado Luis Carlos Heinze (RS)<\/span><br \/>\n<span style=\"font-size: 12pt; font-family: Verdana, Geneva, sans-serif; color: #000000;\"> &#8211; Deputado Renato Molling (RS)<\/span><br \/>\n<span style=\"font-size: 12pt; font-family: Verdana, Geneva, sans-serif; color: #000000;\"> &#8211; Deputado Roberto Balestra (GO)<\/span><br \/>\n<span style=\"font-size: 12pt; font-family: Verdana, Geneva, sans-serif; color: #000000;\"> &#8211; Deputado Roberto Britto (BA)<\/span><br \/>\n<span style=\"font-size: 12pt; font-family: Verdana, Geneva, sans-serif; color: #000000;\"> &#8211; Deputado Waldir Maranh\u00e3o (MA)<\/span><br \/>\n<span style=\"font-size: 12pt; font-family: Verdana, Geneva, sans-serif; color: #000000;\"> &#8211; Deputado Jos\u00e9 Ot\u00e1vio Germano (RS)<\/span><br \/>\n<span style=\"font-size: 12pt; font-family: Verdana, Geneva, sans-serif; color: #000000;\"> &#8211; Ex-deputado e ex-ministro Mario Negromonte (BA)<\/span><br \/>\n<span style=\"font-size: 12pt; font-family: Verdana, Geneva, sans-serif; color: #000000;\"> &#8211; Ex-deputado Jo\u00e3o Pizzolatti (SC)<\/span><br \/>\n<span style=\"font-size: 12pt; font-family: Verdana, Geneva, sans-serif; color: #000000;\"> &#8211; Ex-deputado Pedro Corr\u00eaa (PE)<\/span><br \/>\n<span style=\"font-size: 12pt; font-family: Verdana, Geneva, sans-serif; color: #000000;\"> &#8211; Ex-deputado Roberto Teixeira (PE)<\/span><br \/>\n<span style=\"font-size: 12pt; font-family: Verdana, Geneva, sans-serif; color: #000000;\"> &#8211; Ex-deputada Aline Corr\u00eaa (SP)<\/span><br \/>\n<span style=\"font-size: 12pt; font-family: Verdana, Geneva, sans-serif; color: #000000;\"> &#8211; Ex-deputado Carlos Magno (RO)<\/span><br \/>\n<span style=\"font-size: 12pt; font-family: Verdana, Geneva, sans-serif; color: #000000;\"> &#8211; Ex-deputado e vice governador Jo\u00e3o Le\u00e3o (BA)<\/span><br \/>\n<span style=\"font-size: 12pt; font-family: Verdana, Geneva, sans-serif; color: #000000;\"> &#8211; Ex-deputado Luiz Arg\u00f4lo (BA) (filiado ao Solidariedade desde 2013)<\/span><br \/>\n<span style=\"font-size: 12pt; font-family: Verdana, Geneva, sans-serif; color: #000000;\"> &#8211; Ex-deputado Jos\u00e9 Linhares (CE)<\/span><br \/>\n<span style=\"font-size: 12pt; font-family: Verdana, Geneva, sans-serif; color: #000000;\"> &#8211; Ex-deputado Pedro Henry (MT)<\/span><br \/>\n<span style=\"font-size: 12pt; font-family: Verdana, Geneva, sans-serif; color: #000000;\"> &#8211; Ex-deputado Vilson Covatti (RS)<\/span><\/p>\n<p><span style=\"font-size: 12pt; font-family: Verdana, Geneva, sans-serif; color: #000000;\"><strong>PMDB<\/strong><\/span><br \/>\n<span style=\"font-size: 12pt; font-family: Verdana, Geneva, sans-serif; color: #000000;\"> &#8211; Senador Renan Calheiros (AL), presidente do Senado<\/span><br \/>\n<span style=\"font-size: 12pt; font-family: Verdana, Geneva, sans-serif; color: #000000;\"> &#8211; Senador Romero Juc\u00e1 (RR)<\/span><br \/>\n<span style=\"font-size: 12pt; font-family: Verdana, Geneva, sans-serif; color: #000000;\"> &#8211; Senador Edison Lob\u00e3o (MA)<\/span><br \/>\n<span style=\"font-size: 12pt; font-family: Verdana, Geneva, sans-serif; color: #000000;\"> &#8211; Senador Valdir Raupp (RO)<\/span><br \/>\n<span style=\"font-size: 12pt; font-family: Verdana, Geneva, sans-serif; color: #000000;\"> &#8211; Deputado Eduardo Cunha (RJ), presidente da C\u00e2mara<\/span><br \/>\n<span style=\"font-size: 12pt; font-family: Verdana, Geneva, sans-serif; color: #000000;\"> &#8211; Deputado An\u00edbal Gomes (CE)<\/span><br \/>\n<span style=\"font-size: 12pt; font-family: Verdana, Geneva, sans-serif; color: #000000;\"> &#8211; Ex-governadora Roseana Sarney (MA)<\/span><\/p>\n<p><span style=\"font-size: 12pt; font-family: Verdana, Geneva, sans-serif; color: #000000;\"><strong>PT<\/strong><\/span><br \/>\n<span style=\"font-size: 12pt; font-family: Verdana, Geneva, sans-serif; color: #000000;\"> &#8211; Senadora Gleisi Hoffmann (PR)<\/span><br \/>\n<span style=\"font-size: 12pt; font-family: Verdana, Geneva, sans-serif; color: #000000;\"> &#8211; Senador Humberto Costa (PE)<\/span><br \/>\n<span style=\"font-size: 12pt; font-family: Verdana, Geneva, sans-serif; color: #000000;\"> &#8211; Senador Lindbergh Farias (RJ)<\/span><br \/>\n<span style=\"font-size: 12pt; font-family: Verdana, Geneva, sans-serif; color: #000000;\"> &#8211; Deputado Jos\u00e9 Mentor (SP)<\/span><br \/>\n<span style=\"font-size: 12pt; font-family: Verdana, Geneva, sans-serif; color: #000000;\"> &#8211; Deputado Vander Loubet (MS)<\/span><br \/>\n<span style=\"font-size: 12pt; font-family: Verdana, Geneva, sans-serif; color: #000000;\"> &#8211; Ex-deputado C\u00e2ndido Vaccarezza (SP)<\/span><\/p>\n<p><span style=\"font-size: 12pt; font-family: Verdana, Geneva, sans-serif; color: #000000;\"><strong>PSDB<\/strong><\/span><br \/>\n<span style=\"font-size: 12pt; font-family: Verdana, Geneva, sans-serif; color: #000000;\"> &#8211; Senador Antonio Anastasia (MG)<\/span><\/p>\n<p><span style=\"font-size: 12pt; font-family: Verdana, Geneva, sans-serif; color: #000000;\"><strong>PTB<\/strong><\/span><br \/>\n<span style=\"font-size: 12pt; font-family: Verdana, Geneva, sans-serif; color: #000000;\"> &#8211; Senador Fernando Collor (AL)<\/span><\/p>\n<p><span style=\"font-size: 12pt; font-family: Verdana, Geneva, sans-serif; color: #000000;\"><strong>OPERADORES DO ESQUEMA<\/strong><\/span><br \/>\n<span style=\"font-size: 12pt; font-family: Verdana, Geneva, sans-serif; color: #000000;\"> &#8211; Jo\u00e3o Vaccari Neto, tesoureiro do PT<\/span><br \/>\n<span style=\"font-size: 12pt; font-family: Verdana, Geneva, sans-serif; color: #000000;\"> &#8211; Fernando Soares, o Fernando &#8220;Baiano&#8221;<\/span><\/p>\n<p><span style=\"font-size: 12pt; font-family: Verdana, Geneva, sans-serif; color: #000000;\"><strong>ARQUIVAMENTOS<\/strong><\/span><br \/>\n<span style=\"font-size: 12pt; font-family: Verdana, Geneva, sans-serif; color: #000000;\"> Al\u00e9m dos pedidos de abertura de inqu\u00e9rito, o Minist\u00e9rio P\u00fablico Federal pediu o arquivamento em outros sete casos, entre os quais os dos senadores A\u00e9cio Neves (PSDB-MG), candidato derrotado \u00e0 Presid\u00eancia da Rep\u00fablica, e Delc\u00eddio Amaral (PT-MS); e dos ex-deputados Alexandre Santos (PMDB-RJ) e Henrique Eduardo Alves (PMDB-RN), ex-presidente da C\u00e2mara.<\/span><\/p>\n<p><span style=\"font-size: 12pt; font-family: Verdana, Geneva, sans-serif; color: #000000;\">Outros tr\u00eas \u2013 os senadores Ciro Nogueira (PP-PI) e Romero Juc\u00e1 (PMDB-RR) e o deputado e ex-ministro Aguinaldo Ribeiro (PP-PB) \u2013 tiveram parte das suspeitas arquivadas, mas ser\u00e3o alvos de inqu\u00e9rito em rela\u00e7\u00e3o a outra parte.<\/span><\/p>\n<p><span style=\"font-size: 12pt; font-family: Verdana, Geneva, sans-serif; color: #000000;\"><strong>DILMA E PALOCCI<\/strong><\/span><br \/>\n<span style=\"font-size: 12pt; font-family: Verdana, Geneva, sans-serif; color: #000000;\"> A presidente Dilma Rousseff \u00e9 citada em um depoimento de dela\u00e7\u00e3o premiada, mas o procurador-geral informou que n\u00e3o tem compet\u00eancia legal para investig\u00e1-la.<\/span><\/p>\n<p><span style=\"font-size: 12pt; font-family: Verdana, Geneva, sans-serif; color: #000000;\">No caso do Ant\u00f4nio Palocci, o ministro decidiu, conforme o pedido da Procuradoria Geral, remeter o caso para a primeira inst\u00e2ncia da Justi\u00e7a Federal no Paran\u00e1.<\/span><\/p>\n<p><span style=\"font-size: 12pt; font-family: Verdana, Geneva, sans-serif; color: #000000;\">Em depoimento em dela\u00e7\u00e3o premiada do doleiro Alberto Youssef, Dilma \u00e9 citado como suposta benefici\u00e1ria de contribui\u00e7\u00f5es para a campanha eleitoral de 2010. O doleiro afirmou que Palocci teria pedido a ele recursos para a campanha.<\/span><\/p>\n<p><span style=\"font-size: 12pt; font-family: Verdana, Geneva, sans-serif; color: #000000;\"><strong>21 INQU\u00c9RITOS<\/strong><\/span><br \/>\n<span style=\"font-size: 12pt; font-family: Verdana, Geneva, sans-serif; color: #000000;\"> Conforme a assessoria do STF, os 47 pol\u00edticos ser\u00e3o investigados em 21 inqu\u00e9ritos instaurados no tribunal. Para o ministro Teori Zavascki, h\u00e1 ind\u00edcios de ilicitude e n\u00e3o foram verificadas &#8220;situa\u00e7\u00f5es inibidoras do desencadeamento da investiga\u00e7\u00e3o&#8221;.<\/span><\/p>\n<p><span style=\"font-size: 12pt; font-family: Verdana, Geneva, sans-serif; color: #000000;\">Zavascki destacou, por\u00e9m, que a abertura de investiga\u00e7\u00e3o n\u00e3o representa \u201cju\u00edzo antecipado sobre autoria e materialidade do delito\u201d, principalmente nos em que os ind\u00edcios foram obtidos por meio de depoimentos feitos com base em dela\u00e7\u00e3o premiada.<\/span><\/p>\n<p><span style=\"font-size: 12pt; font-family: Verdana, Geneva, sans-serif; color: #000000;\">\u201cTais depoimentos n\u00e3o constituem, por si s\u00f3s, meio de prova, at\u00e9 porque, segundo disposi\u00e7\u00e3o normativa expressa, nenhuma senten\u00e7a condenat\u00f3ria ser\u00e1 proferida com fundamento apenas nas declara\u00e7\u00f5es de agente colaborador&#8221;, afirmou o ministro, ao deferir os pedidos do procurador-geral.<\/span><\/p>\n<p><span style=\"font-size: 12pt; font-family: Verdana, Geneva, sans-serif; color: #000000;\">Em rela\u00e7\u00e3o aos arquivamentos, o ministro argumentou que, conforme entendimento &#8220;pac\u00edfico&#8221; do Supremo, a Corte n\u00e3o pode recusar pedido de arquivamento feito pelo procurador-geral. (Reprodu\u00e7\u00e3o G1\/Bras\u00edlia)<\/span><\/p>\n","protected":false},"excerpt":{"rendered":"<p>O ministro Teori Zavascki, do Supremo Tribunal Federal decidiu na sexta-feira, 06\/03, autorizar a abertura de inqu\u00e9rito para investigar 49 pessoas, sendo 47 pol\u00edticos \u2013 suspeitos de participa\u00e7\u00e3o no esquema de corrup\u00e7\u00e3o da Petrobras revelado pela Opera\u00e7\u00e3o Lava Jato. (Reprodu\u00e7\u00e3o G1\/Bras\u00edlia) Entre eles, h\u00e1 22 deputados federais, 12 senadores, 12 ex-deputados e uma ex-governadora. Eles &#8230;<\/p>\n","protected":false},"author":1,"featured_media":803,"comment_status":"open","ping_status":"open","sticky":false,"template":"","format":"standard","meta":{"spay_email":"","jetpack_publicize_message":""},"categories":[52],"tags":[55,174,192,193,178],"jetpack_featured_media_url":"https:\/\/correiosulgoiano.com.br\/wp-content\/uploads\/2015\/03\/Lista-de-Janot.jpg","jetpack_publicize_connections":[],"_links":{"self":[{"href":"https:\/\/correiosulgoiano.com.br\/index.php?rest_route=\/wp\/v2\/posts\/802"}],"collection":[{"href":"https:\/\/correiosulgoiano.com.br\/index.php?rest_route=\/wp\/v2\/posts"}],"about":[{"href":"https:\/\/correiosulgoiano.com.br\/index.php?rest_route=\/wp\/v2\/types\/post"}],"author":[{"embeddable":true,"href":"https:\/\/correiosulgoiano.com.br\/index.php?rest_route=\/wp\/v2\/users\/1"}],"replies":[{"embeddable":true,"href":"https:\/\/correiosulgoiano.com.br\/index.php?rest_route=%2Fwp%2Fv2%2Fcomments&post=802"}],"version-history":[{"count":4,"href":"https:\/\/correiosulgoiano.com.br\/index.php?rest_route=\/wp\/v2\/posts\/802\/revisions"}],"predecessor-version":[{"id":808,"href":"https:\/\/correiosulgoiano.com.br\/index.php?rest_route=\/wp\/v2\/posts\/802\/revisions\/808"}],"wp:featuredmedia":[{"embeddable":true,"href":"https:\/\/correiosulgoiano.com.br\/index.php?rest_route=\/wp\/v2\/media\/803"}],"wp:attachment":[{"href":"https:\/\/correiosulgoiano.com.br\/index.php?rest_route=%2Fwp%2Fv2%2Fmedia&parent=802"}],"wp:term":[{"taxonomy":"category","embeddable":true,"href":"https:\/\/correiosulgoiano.com.br\/index.php?rest_route=%2Fwp%2Fv2%2Fcategories&post=802"},{"taxonomy":"post_tag","embeddable":true,"href":"https:\/\/correiosulgoiano.com.br\/index.php?rest_route=%2Fwp%2Fv2%2Ftags&post=802"}],"curies":[{"name":"wp","href":"https:\/\/api.w.org\/{rel}","templated":true}]}}