{"id":8546,"date":"2016-11-09T14:41:04","date_gmt":"2016-11-09T16:41:04","guid":{"rendered":"https:\/\/correiosulgoiano.com.br\/?p=8546"},"modified":"2016-11-13T21:10:01","modified_gmt":"2016-11-13T23:10:01","slug":"rogerio-troncoso-e-marconi-perillo","status":"publish","type":"post","link":"https:\/\/correiosulgoiano.com.br\/?p=8546","title":{"rendered":"Rog\u00e9rio Troncoso \u00e9 recebido pelo governador Marconi Perillo em reuni\u00e3o no Pal\u00e1cio das Esmeraldas"},"content":{"rendered":"<p><span style=\"font-size: 12pt; font-family: Verdana, Geneva, sans-serif; color: #000000;\">O prefeito de Morrinhos, Rog\u00e9rio Troncoso, reeleito para seu quarto mandato, a partir de 2017, esteve no Pal\u00e1cio das Esmeraldas, em Goi\u00e2nia, na manh\u00e3 desta quarta-feira, 09\/11\/2016, atendendo a convite do governador do Estado, Marconi Perillo.<\/span><\/p>\n<p><span style=\"font-size: 12pt; font-family: Verdana, Geneva, sans-serif; color: #000000;\"><a href=\"https:\/\/correiosulgoiano.com.br\/wp-content\/uploads\/2016\/11\/Com-Marconi-06-site.jpg\"><img loading=\"lazy\" class=\"wp-image-8548 alignright\" src=\"https:\/\/correiosulgoiano.com.br\/wp-content\/uploads\/2016\/11\/Com-Marconi-06-site.jpg\" alt=\"com-marconi-06-site\" width=\"389\" height=\"278\" srcset=\"https:\/\/correiosulgoiano.com.br\/wp-content\/uploads\/2016\/11\/Com-Marconi-06-site.jpg 605w, https:\/\/correiosulgoiano.com.br\/wp-content\/uploads\/2016\/11\/Com-Marconi-06-site-300x214.jpg 300w\" sizes=\"(max-width: 389px) 100vw, 389px\" \/><\/a>O chefe do executivo estadual est\u00e1 recebendo em Goi\u00e2nia os prefeitos que foram eleitos em outubro passado. <\/span><\/p>\n<p><span style=\"font-size: 12pt; font-family: Verdana, Geneva, sans-serif; color: #000000;\">Marconi estava acompanhado do Secret\u00e1rio de Estado de Articula\u00e7\u00e3o Pol\u00edtica, S\u00e9rgio Cardoso, enquanto o prefeito reeleito em Morrinhos, estava acompanhado do deputado estadual, Francisco Oliveira.<\/span><\/p>\n<p><span style=\"font-size: 12pt; font-family: Verdana, Geneva, sans-serif; color: #000000;\">Na pauta os mais diversos assuntos relacionados \u00e0 administra\u00e7\u00e3o p\u00fablica. Mas, especialmente as discuss\u00f5es sobre o que ser\u00e1 prioridade entre as obras e servi\u00e7os do Governo de Goi\u00e1s, em Morrinhos, para o pr\u00f3ximo ano.<\/span><\/p>\n<p><span style=\"font-size: 12pt; font-family: Verdana, Geneva, sans-serif; color: #000000;\">O Prefeito Rog\u00e9rio Troncoso retornar\u00e1 para Morrinhos ainda na tarde desta quarta-feira, e falar\u00e1 pessoalmente sobre o que ficou definido nesta reuni\u00e3o.<\/span><\/p>\n<p><a href=\"https:\/\/correiosulgoiano.com.br\/wp-content\/uploads\/2016\/11\/Site-Pronto-Fera.jpg\"><img loading=\"lazy\" class=\" wp-image-8636 aligncenter\" src=\"https:\/\/correiosulgoiano.com.br\/wp-content\/uploads\/2016\/11\/Site-Pronto-Fera.jpg\" alt=\"site-pronto-fera\" width=\"448\" height=\"247\" srcset=\"https:\/\/correiosulgoiano.com.br\/wp-content\/uploads\/2016\/11\/Site-Pronto-Fera.jpg 1484w, https:\/\/correiosulgoiano.com.br\/wp-content\/uploads\/2016\/11\/Site-Pronto-Fera-300x166.jpg 300w, https:\/\/correiosulgoiano.com.br\/wp-content\/uploads\/2016\/11\/Site-Pronto-Fera-1024x566.jpg 1024w\" sizes=\"(max-width: 448px) 100vw, 448px\" \/><\/a><\/p>\n","protected":false},"excerpt":{"rendered":"<p>O prefeito de Morrinhos, Rog\u00e9rio Troncoso, reeleito para seu quarto mandato, a partir de 2017, esteve no Pal\u00e1cio das Esmeraldas, em Goi\u00e2nia, na manh\u00e3 desta quarta-feira, 09\/11\/2016, atendendo a convite do governador do Estado, Marconi Perillo. O chefe do executivo estadual est\u00e1 recebendo em Goi\u00e2nia os prefeitos que foram eleitos em outubro passado. Marconi estava &#8230;<\/p>\n","protected":false},"author":1,"featured_media":8547,"comment_status":"open","ping_status":"open","sticky":false,"template":"","format":"standard","meta":{"spay_email":"","jetpack_publicize_message":""},"categories":[51],"tags":[],"jetpack_featured_media_url":"https:\/\/correiosulgoiano.com.br\/wp-content\/uploads\/2016\/11\/Com-Marconi-05-site.jpg","jetpack_publicize_connections":[],"_links":{"self":[{"href":"https:\/\/correiosulgoiano.com.br\/index.php?rest_route=\/wp\/v2\/posts\/8546"}],"collection":[{"href":"https:\/\/correiosulgoiano.com.br\/index.php?rest_route=\/wp\/v2\/posts"}],"about":[{"href":"https:\/\/correiosulgoiano.com.br\/index.php?rest_route=\/wp\/v2\/types\/post"}],"author":[{"embeddable":true,"href":"https:\/\/correiosulgoiano.com.br\/index.php?rest_route=\/wp\/v2\/users\/1"}],"replies":[{"embeddable":true,"href":"https:\/\/correiosulgoiano.com.br\/index.php?rest_route=%2Fwp%2Fv2%2Fcomments&post=8546"}],"version-history":[{"count":4,"href":"https:\/\/correiosulgoiano.com.br\/index.php?rest_route=\/wp\/v2\/posts\/8546\/revisions"}],"predecessor-version":[{"id":8652,"href":"https:\/\/correiosulgoiano.com.br\/index.php?rest_route=\/wp\/v2\/posts\/8546\/revisions\/8652"}],"wp:featuredmedia":[{"embeddable":true,"href":"https:\/\/correiosulgoiano.com.br\/index.php?rest_route=\/wp\/v2\/media\/8547"}],"wp:attachment":[{"href":"https:\/\/correiosulgoiano.com.br\/index.php?rest_route=%2Fwp%2Fv2%2Fmedia&parent=8546"}],"wp:term":[{"taxonomy":"category","embeddable":true,"href":"https:\/\/correiosulgoiano.com.br\/index.php?rest_route=%2Fwp%2Fv2%2Fcategories&post=8546"},{"taxonomy":"post_tag","embeddable":true,"href":"https:\/\/correiosulgoiano.com.br\/index.php?rest_route=%2Fwp%2Fv2%2Ftags&post=8546"}],"curies":[{"name":"wp","href":"https:\/\/api.w.org\/{rel}","templated":true}]}}