{"id":8553,"date":"2016-11-10T08:17:16","date_gmt":"2016-11-10T10:17:16","guid":{"rendered":"https:\/\/correiosulgoiano.com.br\/?p=8553"},"modified":"2016-11-13T21:09:19","modified_gmt":"2016-11-13T23:09:19","slug":"rodovias-goianas-acidente-e-morte-na-go-139-entre-caldas-novas-e-marzagao","status":"publish","type":"post","link":"https:\/\/correiosulgoiano.com.br\/?p=8553","title":{"rendered":"Rodovias Goianas: Acidente e morte na GO-139 entre Caldas Novas e Marzag\u00e3o!!!"},"content":{"rendered":"<p><span style=\"font-size: 12pt; font-family: Verdana, Geneva, sans-serif; color: #000000;\">A tarde de quarta-feira, 09\/11\/16 foi marcada por mais um acidente fatal em uma das rodovias do sul goiano. Foi na GO-139, pr\u00f3ximo ao trevo de acesso \u00e0 FURNAS, no sentido Caldas novas para Marzag\u00e3o.<\/span><\/p>\n<p><span style=\"font-size: 12pt; font-family: Verdana, Geneva, sans-serif; color: #000000;\"><a href=\"https:\/\/correiosulgoiano.com.br\/wp-content\/uploads\/2016\/07\/22.jpg\"><img loading=\"lazy\" class=\"wp-image-8645 alignleft\" src=\"https:\/\/correiosulgoiano.com.br\/wp-content\/uploads\/2016\/07\/22.jpg\" alt=\"22\" width=\"320\" height=\"228\" srcset=\"https:\/\/correiosulgoiano.com.br\/wp-content\/uploads\/2016\/07\/22.jpg 766w, https:\/\/correiosulgoiano.com.br\/wp-content\/uploads\/2016\/07\/22-300x214.jpg 300w\" sizes=\"(max-width: 320px) 100vw, 320px\" \/><\/a>O Consultor de Neg\u00f3cios do Grupo Di Roma, Roberto Sant&#8217;Ana Lima, de 53 anos, estava sozinho no carro.<\/span><\/p>\n<p><span style=\"font-size: 12pt; font-family: Verdana, Geneva, sans-serif; color: #000000;\">Por algum motivo ainda desconhecido ele perdeu o controle da dire\u00e7\u00e3o, o carro saiu da pista e capotou v\u00e1rias vezes.<\/span><\/p>\n<p><span style=\"font-size: 12pt; font-family: Verdana, Geneva, sans-serif; color: #000000;\">O Citroen C4 Pallas, de cor prata, tem placa OMS 8470, de Caldas Novas, e inscri\u00e7\u00f5es do Grupo Di Roma nas portas. O impacto foi t\u00e3o grande que o ve\u00edculo ficou completamente destru\u00eddo.<\/span><\/p>\n<p><span style=\"font-size: 12pt; font-family: Verdana, Geneva, sans-serif; color: #000000;\">Equipes do Corpo de Bombeiros foram acionadas, mas quando chegarem ao local, infelizmente j\u00e1 encontraram a v\u00edtima sem vida. Ele foi <span class=\"text_exposed_show\">arremessado para fora do ve\u00edculo sofrendo TCE grave e politraumatismo.<\/span><\/span><\/p>\n<div class=\"text_exposed_show\">\n<p>Da reda\u00e7\u00e3o, por Leonardo Costa. Fonte: Corpo de Bombeiros e Pol\u00edcia Rodovi\u00e1ria Estadual.<\/p>\n<div id=\"attachment_8556\" style=\"width: 327px\" class=\"wp-caption aligncenter\"><a href=\"https:\/\/correiosulgoiano.com.br\/wp-content\/uploads\/2016\/11\/Di-Roma-Funcion\u00e1rio-01-b.jpg\"><img aria-describedby=\"caption-attachment-8556\" loading=\"lazy\" class=\" wp-image-8556\" src=\"https:\/\/correiosulgoiano.com.br\/wp-content\/uploads\/2016\/11\/Di-Roma-Funcion\u00e1rio-01-b.jpg\" alt=\"Sant'Aana\" width=\"317\" height=\"238\" srcset=\"https:\/\/correiosulgoiano.com.br\/wp-content\/uploads\/2016\/11\/Di-Roma-Funcion\u00e1rio-01-b.jpg 566w, https:\/\/correiosulgoiano.com.br\/wp-content\/uploads\/2016\/11\/Di-Roma-Funcion\u00e1rio-01-b-300x225.jpg 300w\" sizes=\"(max-width: 317px) 100vw, 317px\" \/><\/a><p id=\"caption-attachment-8556\" class=\"wp-caption-text\">Roberto Sant&#8217;Aana Lima &#8211; 53 anos<\/p><\/div>\n<div id=\"attachment_8557\" style=\"width: 503px\" class=\"wp-caption aligncenter\"><a href=\"https:\/\/correiosulgoiano.com.br\/wp-content\/uploads\/2016\/11\/Di-Roma-Funcion\u00e1rio-11.jpg\"><img aria-describedby=\"caption-attachment-8557\" loading=\"lazy\" class=\" wp-image-8557\" src=\"https:\/\/correiosulgoiano.com.br\/wp-content\/uploads\/2016\/11\/Di-Roma-Funcion\u00e1rio-11.jpg\" alt=\"Acidente e morte na rodovia\" width=\"493\" height=\"277\" srcset=\"https:\/\/correiosulgoiano.com.br\/wp-content\/uploads\/2016\/11\/Di-Roma-Funcion\u00e1rio-11.jpg 728w, https:\/\/correiosulgoiano.com.br\/wp-content\/uploads\/2016\/11\/Di-Roma-Funcion\u00e1rio-11-300x169.jpg 300w\" sizes=\"(max-width: 493px) 100vw, 493px\" \/><\/a><p id=\"caption-attachment-8557\" class=\"wp-caption-text\">Acidente e morte na rodovia<\/p><\/div>\n<div id=\"attachment_8558\" style=\"width: 499px\" class=\"wp-caption aligncenter\"><a href=\"https:\/\/correiosulgoiano.com.br\/wp-content\/uploads\/2016\/11\/Di-Roma-Funcion\u00e1rio-03.jpg\"><img aria-describedby=\"caption-attachment-8558\" loading=\"lazy\" class=\" wp-image-8558\" src=\"https:\/\/correiosulgoiano.com.br\/wp-content\/uploads\/2016\/11\/Di-Roma-Funcion\u00e1rio-03.jpg\" alt=\"Acidente e morte na rodovia\" width=\"489\" height=\"275\" srcset=\"https:\/\/correiosulgoiano.com.br\/wp-content\/uploads\/2016\/11\/Di-Roma-Funcion\u00e1rio-03.jpg 960w, https:\/\/correiosulgoiano.com.br\/wp-content\/uploads\/2016\/11\/Di-Roma-Funcion\u00e1rio-03-300x169.jpg 300w\" sizes=\"(max-width: 489px) 100vw, 489px\" \/><\/a><p id=\"caption-attachment-8558\" class=\"wp-caption-text\">Acidente e morte na rodovia<\/p><\/div>\n<div id=\"attachment_8559\" style=\"width: 498px\" class=\"wp-caption aligncenter\"><a href=\"https:\/\/correiosulgoiano.com.br\/wp-content\/uploads\/2016\/11\/Di-Roma-Funcion\u00e1rio-02.jpg\"><img aria-describedby=\"caption-attachment-8559\" loading=\"lazy\" class=\" wp-image-8559\" src=\"https:\/\/correiosulgoiano.com.br\/wp-content\/uploads\/2016\/11\/Di-Roma-Funcion\u00e1rio-02.jpg\" alt=\"Acidente e morte na rodovia\" width=\"488\" height=\"274\" srcset=\"https:\/\/correiosulgoiano.com.br\/wp-content\/uploads\/2016\/11\/Di-Roma-Funcion\u00e1rio-02.jpg 960w, https:\/\/correiosulgoiano.com.br\/wp-content\/uploads\/2016\/11\/Di-Roma-Funcion\u00e1rio-02-300x169.jpg 300w\" sizes=\"(max-width: 488px) 100vw, 488px\" \/><\/a><p id=\"caption-attachment-8559\" class=\"wp-caption-text\">Acidente e morte na rodovia<\/p><\/div>\n<div id=\"attachment_8560\" style=\"width: 499px\" class=\"wp-caption aligncenter\"><a href=\"https:\/\/correiosulgoiano.com.br\/wp-content\/uploads\/2016\/11\/Di-Roma-Funcion\u00e1rio-04.jpg\"><img aria-describedby=\"caption-attachment-8560\" loading=\"lazy\" class=\" wp-image-8560\" src=\"https:\/\/correiosulgoiano.com.br\/wp-content\/uploads\/2016\/11\/Di-Roma-Funcion\u00e1rio-04.jpg\" alt=\"Acidente e morte na rodovia\" width=\"489\" height=\"276\" srcset=\"https:\/\/correiosulgoiano.com.br\/wp-content\/uploads\/2016\/11\/Di-Roma-Funcion\u00e1rio-04.jpg 960w, https:\/\/correiosulgoiano.com.br\/wp-content\/uploads\/2016\/11\/Di-Roma-Funcion\u00e1rio-04-300x169.jpg 300w\" sizes=\"(max-width: 489px) 100vw, 489px\" \/><\/a><p id=\"caption-attachment-8560\" class=\"wp-caption-text\">Acidente e morte na rodovia<\/p><\/div>\n<div id=\"attachment_8562\" style=\"width: 499px\" class=\"wp-caption aligncenter\"><a href=\"https:\/\/correiosulgoiano.com.br\/wp-content\/uploads\/2016\/11\/Di-Roma-Funcion\u00e1rio-13.jpg\"><img aria-describedby=\"caption-attachment-8562\" loading=\"lazy\" class=\" wp-image-8562\" src=\"https:\/\/correiosulgoiano.com.br\/wp-content\/uploads\/2016\/11\/Di-Roma-Funcion\u00e1rio-13.jpg\" alt=\"Acidente e morte na rodovia\" width=\"489\" height=\"275\" srcset=\"https:\/\/correiosulgoiano.com.br\/wp-content\/uploads\/2016\/11\/Di-Roma-Funcion\u00e1rio-13.jpg 1040w, https:\/\/correiosulgoiano.com.br\/wp-content\/uploads\/2016\/11\/Di-Roma-Funcion\u00e1rio-13-300x169.jpg 300w, https:\/\/correiosulgoiano.com.br\/wp-content\/uploads\/2016\/11\/Di-Roma-Funcion\u00e1rio-13-1024x576.jpg 1024w\" sizes=\"(max-width: 489px) 100vw, 489px\" \/><\/a><p id=\"caption-attachment-8562\" class=\"wp-caption-text\">Acidente e morte na rodovia<\/p><\/div>\n<\/div>\n","protected":false},"excerpt":{"rendered":"<p>A tarde de quarta-feira, 09\/11\/16 foi marcada por mais um acidente fatal em uma das rodovias do sul goiano. Foi na GO-139, pr\u00f3ximo ao trevo de acesso \u00e0 FURNAS, no sentido Caldas novas para Marzag\u00e3o. O Consultor de Neg\u00f3cios do Grupo Di Roma, Roberto Sant&#8217;Ana Lima, de 53 anos, estava sozinho no carro. Por algum &#8230;<\/p>\n","protected":false},"author":1,"featured_media":8554,"comment_status":"open","ping_status":"open","sticky":false,"template":"","format":"standard","meta":{"spay_email":"","jetpack_publicize_message":""},"categories":[58],"tags":[253,939,940],"jetpack_featured_media_url":"https:\/\/correiosulgoiano.com.br\/wp-content\/uploads\/2016\/11\/Di-Roma-Funcion\u00e1rio-15.jpg","jetpack_publicize_connections":[],"_links":{"self":[{"href":"https:\/\/correiosulgoiano.com.br\/index.php?rest_route=\/wp\/v2\/posts\/8553"}],"collection":[{"href":"https:\/\/correiosulgoiano.com.br\/index.php?rest_route=\/wp\/v2\/posts"}],"about":[{"href":"https:\/\/correiosulgoiano.com.br\/index.php?rest_route=\/wp\/v2\/types\/post"}],"author":[{"embeddable":true,"href":"https:\/\/correiosulgoiano.com.br\/index.php?rest_route=\/wp\/v2\/users\/1"}],"replies":[{"embeddable":true,"href":"https:\/\/correiosulgoiano.com.br\/index.php?rest_route=%2Fwp%2Fv2%2Fcomments&post=8553"}],"version-history":[{"count":2,"href":"https:\/\/correiosulgoiano.com.br\/index.php?rest_route=\/wp\/v2\/posts\/8553\/revisions"}],"predecessor-version":[{"id":8651,"href":"https:\/\/correiosulgoiano.com.br\/index.php?rest_route=\/wp\/v2\/posts\/8553\/revisions\/8651"}],"wp:featuredmedia":[{"embeddable":true,"href":"https:\/\/correiosulgoiano.com.br\/index.php?rest_route=\/wp\/v2\/media\/8554"}],"wp:attachment":[{"href":"https:\/\/correiosulgoiano.com.br\/index.php?rest_route=%2Fwp%2Fv2%2Fmedia&parent=8553"}],"wp:term":[{"taxonomy":"category","embeddable":true,"href":"https:\/\/correiosulgoiano.com.br\/index.php?rest_route=%2Fwp%2Fv2%2Fcategories&post=8553"},{"taxonomy":"post_tag","embeddable":true,"href":"https:\/\/correiosulgoiano.com.br\/index.php?rest_route=%2Fwp%2Fv2%2Ftags&post=8553"}],"curies":[{"name":"wp","href":"https:\/\/api.w.org\/{rel}","templated":true}]}}