{"id":856,"date":"2015-03-09T02:17:11","date_gmt":"2015-03-09T02:17:11","guid":{"rendered":"https:\/\/correiosulgoiano.com.br\/?p=856"},"modified":"2015-03-10T01:07:29","modified_gmt":"2015-03-10T01:07:29","slug":"acidente-morre-gilberto-amaral-irmao-da-1a-dama-terezinha-amaral","status":"publish","type":"post","link":"https:\/\/correiosulgoiano.com.br\/?p=856","title":{"rendered":"ACIDENTE: Morre Gilberto Amaral, irm\u00e3o da 1\u00aa dama, Terezinha Amaral"},"content":{"rendered":"<p><span style=\"font-family: Verdana, Geneva, sans-serif; font-size: 14pt; color: #000000;\">Era pr\u00f3ximo das 18h45 de domingo, 08\/03, quando um acidente tirou a vida do ruralista Gilberto Alves do Amaral, de 70 anos, o Gilbert\u00e3o, como era carinhosamente chamado pelos amigos e familiares.<\/span><\/p>\n<p><span style=\"font-family: Verdana, Geneva, sans-serif; font-size: 14pt; color: #000000;\">De acordo com as informa\u00e7\u00f5es colhidas pelo Correio Sul Goiano, Gilberto dirigia sua caminhonete VW AMAROK pela Rodovia Municipal Pedro Elias, em dire\u00e7\u00e3o \u00e0 sua propriedade rural.<\/span><\/p>\n<p><span style=\"font-family: Verdana, Geneva, sans-serif; font-size: 14pt; color: #000000;\">De repente, um ve\u00edculo que trafegava na dire\u00e7\u00e3o contr\u00e1ria, em alta velocidade, teria ido de encontro \u00e0 cominhonete que Gilberto dirigia. Foi quando ele tentou desviar-se do tal ve\u00edculo, mas, perdeu o controle da caminhonete que saiu da pista e acabou capotando.<\/span><\/p>\n<p><span style=\"font-family: Verdana, Geneva, sans-serif; font-size: 14pt; color: #000000;\">O ve\u00edculo ainda n\u00e3o foi identificado e tamb\u00e9m quase atropelou uma motociclista que trafegava atr\u00e1s da caminhonete de Gilberto. Ela teria visto como tudo aconteceu.<\/span><\/p>\n<p><span style=\"font-family: Verdana, Geneva, sans-serif; font-size: 14pt; color: #000000;\">Ap\u00f3s o capotamento, Gilberto Amaral foi arremessado para fora da caminhonete e sofreu ferimentos graves.<\/span><\/p>\n<p><span style=\"font-family: Verdana, Geneva, sans-serif; font-size: 14pt; color: #000000;\">Ele foi encontrado pelos socorristas do Corpo de Bombeiros com fratura exposta na perna direita; suspeita de fratura no bra\u00e7o direito; hemorragia interna; otorragia (sangramento pelo ouvido) e Traumatismo cr\u00e2nio-encef\u00e1lico (TCE).<\/span><\/p>\n<p><span style=\"font-family: Verdana, Geneva, sans-serif; font-size: 14pt; color: #000000;\">Imediatamente conduzido ao Hospital Municipal de Morrinhos, Gilberto foi socorrido, mas, n\u00e3o resistiu aos graves ferimentos e faleceu. Sua transfer\u00eancia para Goi\u00e2nia, em UTI m\u00f3vel j\u00e1 estava sendo providenciada, mas, infelizmente ele n\u00e3o resistiu.<\/span><\/p>\n<p><span style=\"font-family: Verdana, Geneva, sans-serif; font-size: 14pt; color: #000000;\">Gilberto \u00e9 irm\u00e3o da primeira dama, Terezinha Amaral. Ele deixa 3 filhos \u2013 duas mo\u00e7as e um rapaz.<\/span><\/p>\n<p><span style=\"font-family: Verdana, Geneva, sans-serif; font-size: 14pt; color: #000000;\">Na hora do acidente o filho, Sideston, de 39 anos, e a esposa de Gilberto, Aparecida Maria, de 63 anos, estavam na caminhonete, mas, mesmo com o capotamento, eles ficaram dentro do ve\u00edculo e se feriram com menos gravidade, n\u00e3o correndo risco de morte.<\/span><\/p>\n<p><span style=\"font-family: Verdana, Geneva, sans-serif; font-size: 14pt; color: #000000;\">Os dois foram encontrados conscientes e verbalizando, sem suspeita de fraturas ou traumas graves.<\/span><\/p>\n<p><span style=\"font-family: Verdana, Geneva, sans-serif; font-size: 14pt; color: #000000;\">A equipe do SAMU tamb\u00e9m participou do socorro \u00e0s v\u00edtimas e conduziu o rapaz ao Hospital, sendo que a senhora Aparecida foi levado ao HMM pelo Corpo de Bombeiros.<\/span><\/p>\n<p><span style=\"font-family: Verdana, Geneva, sans-serif; font-size: 14pt; color: #000000;\">(Da reda\u00e7\u00e3o, por Leonardo Costa)<\/span><\/p>\n<p><a href=\"https:\/\/correiosulgoiano.com.br\/wp-content\/uploads\/2015\/03\/Mercotintas-Banner-Site-01.jpg\"><img loading=\"lazy\" class=\"alignnone  wp-image-885\" src=\"https:\/\/correiosulgoiano.com.br\/wp-content\/uploads\/2015\/03\/Mercotintas-Banner-Site-01.jpg\" alt=\"Mercotintas Banner Site - 01\" width=\"851\" height=\"106\" srcset=\"https:\/\/correiosulgoiano.com.br\/wp-content\/uploads\/2015\/03\/Mercotintas-Banner-Site-01.jpg 1172w, https:\/\/correiosulgoiano.com.br\/wp-content\/uploads\/2015\/03\/Mercotintas-Banner-Site-01-300x37.jpg 300w, https:\/\/correiosulgoiano.com.br\/wp-content\/uploads\/2015\/03\/Mercotintas-Banner-Site-01-1024x128.jpg 1024w\" sizes=\"(max-width: 851px) 100vw, 851px\" \/><\/a><\/p>\n","protected":false},"excerpt":{"rendered":"<p>Era pr\u00f3ximo das 18h45 de domingo, 08\/03, quando um acidente tirou a vida do ruralista Gilberto Alves do Amaral, de 70 anos, o Gilbert\u00e3o, como era carinhosamente chamado pelos amigos e familiares. De acordo com as informa\u00e7\u00f5es colhidas pelo Correio Sul Goiano, Gilberto dirigia sua caminhonete VW AMAROK pela Rodovia Municipal Pedro Elias, em dire\u00e7\u00e3o &#8230;<\/p>\n","protected":false},"author":1,"featured_media":857,"comment_status":"open","ping_status":"open","sticky":false,"template":"","format":"standard","meta":{"spay_email":"","jetpack_publicize_message":""},"categories":[1],"tags":[215,55,214,213,54],"jetpack_featured_media_url":"https:\/\/correiosulgoiano.com.br\/wp-content\/uploads\/2015\/03\/rodovia.png","jetpack_publicize_connections":[],"_links":{"self":[{"href":"https:\/\/correiosulgoiano.com.br\/index.php?rest_route=\/wp\/v2\/posts\/856"}],"collection":[{"href":"https:\/\/correiosulgoiano.com.br\/index.php?rest_route=\/wp\/v2\/posts"}],"about":[{"href":"https:\/\/correiosulgoiano.com.br\/index.php?rest_route=\/wp\/v2\/types\/post"}],"author":[{"embeddable":true,"href":"https:\/\/correiosulgoiano.com.br\/index.php?rest_route=\/wp\/v2\/users\/1"}],"replies":[{"embeddable":true,"href":"https:\/\/correiosulgoiano.com.br\/index.php?rest_route=%2Fwp%2Fv2%2Fcomments&post=856"}],"version-history":[{"count":6,"href":"https:\/\/correiosulgoiano.com.br\/index.php?rest_route=\/wp\/v2\/posts\/856\/revisions"}],"predecessor-version":[{"id":889,"href":"https:\/\/correiosulgoiano.com.br\/index.php?rest_route=\/wp\/v2\/posts\/856\/revisions\/889"}],"wp:featuredmedia":[{"embeddable":true,"href":"https:\/\/correiosulgoiano.com.br\/index.php?rest_route=\/wp\/v2\/media\/857"}],"wp:attachment":[{"href":"https:\/\/correiosulgoiano.com.br\/index.php?rest_route=%2Fwp%2Fv2%2Fmedia&parent=856"}],"wp:term":[{"taxonomy":"category","embeddable":true,"href":"https:\/\/correiosulgoiano.com.br\/index.php?rest_route=%2Fwp%2Fv2%2Fcategories&post=856"},{"taxonomy":"post_tag","embeddable":true,"href":"https:\/\/correiosulgoiano.com.br\/index.php?rest_route=%2Fwp%2Fv2%2Ftags&post=856"}],"curies":[{"name":"wp","href":"https:\/\/api.w.org\/{rel}","templated":true}]}}