{"id":862,"date":"2015-03-09T05:29:06","date_gmt":"2015-03-09T05:29:06","guid":{"rendered":"https:\/\/correiosulgoiano.com.br\/?p=862"},"modified":"2015-03-09T05:48:52","modified_gmt":"2015-03-09T05:48:52","slug":"morre-inezita-barroso-primeira-mulher-a-gravar-uma-moda-de-viola-no-brasil","status":"publish","type":"post","link":"https:\/\/correiosulgoiano.com.br\/?p=862","title":{"rendered":"Morre Inezita Barroso, primeira mulher a gravar uma moda de viola no Brasil"},"content":{"rendered":"<p style=\"margin: 0cm; margin-bottom: .0001pt; line-height: 150%; background: white;\"><span style=\"font-size: 14pt; line-height: 150%; font-family: Verdana, Geneva, sans-serif; letter-spacing: -0.25pt; color: #000000;\">Morreu na noite de domingo, 08\/03, aos 90 anos de idade, a cantora e apresentadora de TV, Inezita Barroso, que estava internada no Hospital S\u00edrio-iban\u00eas, em S\u00e3o Paulo, desde o dia 19 fevereiro. Ela completou 90 anos no \u00faltimo dia 4 de mar\u00e7o, no hospital.<\/span><\/p>\n<p style=\"margin: 0cm; margin-bottom: .0001pt; line-height: 150%; background: white;\">\n<p style=\"margin: 0cm; margin-bottom: .0001pt; line-height: 150%; background: white;\"><span style=\"font-size: 14pt; line-height: 150%; font-family: Verdana, Geneva, sans-serif; letter-spacing: -0.25pt; color: #000000;\">Inezita deixa uma filha, tr\u00eas netas e cinco bisnetos.<\/span><\/p>\n<p style=\"margin: 0cm; margin-bottom: .0001pt; line-height: 150%; background: white; outline: 0px; orphans: auto; widows: auto; -webkit-text-stroke-width: 0px; word-spacing: 0px;\">\n<p style=\"margin: 0cm; margin-bottom: .0001pt; line-height: 150%; background: white; outline: 0px; orphans: auto; widows: auto; -webkit-text-stroke-width: 0px; word-spacing: 0px;\"><span style=\"font-size: 14pt; line-height: 150%; font-family: Verdana, Geneva, sans-serif; letter-spacing: -0.25pt; color: #000000;\">Em dezembro, a cantora foi hospitalizada ap\u00f3s cair dentro da casa, em que estava hospedada, em Campos do Jord\u00e3o, no interior de S\u00e3o Paulo. Ela teria ca\u00eddo da cama e apresentava dores nas costas, segundo informou o hospital.<\/span><\/p>\n<p style=\"margin: 0cm; margin-bottom: .0001pt; line-height: 150%; background: white; outline: 0px; orphans: auto; widows: auto; -webkit-text-stroke-width: 0px; word-spacing: 0px;\">\n<p style=\"margin: 0cm; margin-bottom: .0001pt; line-height: 150%; background: white; outline: 0px; orphans: auto; widows: auto; -webkit-text-stroke-width: 0px; word-spacing: 0px;\"><span style=\"font-size: 14pt; line-height: 150%; font-family: Verdana, Geneva, sans-serif; letter-spacing: -0.25pt; color: #000000;\">Inezita Barroso \u00e9 considerada uma das principais cantoras da m\u00fasica sertaneja brasileira. Ela nasceu em S\u00e3o Paulo e fez carreira no r\u00e1dio e na televis\u00e3o, al\u00e9m de passagens pelo cinema e teatro, onde atuou e produziu espet\u00e1culos musicais.<\/span><\/p>\n<p style=\"margin: 0cm; margin-bottom: .0001pt; line-height: 150%; background: white; outline: 0px; orphans: auto; widows: auto; -webkit-text-stroke-width: 0px; word-spacing: 0px;\">\n<p style=\"margin: 0cm; margin-bottom: .0001pt; line-height: 150%; background: white; outline: 0px; orphans: auto; widows: auto; -webkit-text-stroke-width: 0px; word-spacing: 0px;\"><span style=\"font-size: 14pt; line-height: 150%; font-family: Verdana, Geneva, sans-serif; letter-spacing: -0.25pt; color: #000000;\">Em novembro de 2014, ela foi eleita para ocupar uma das cadeiras na Academia Paulista de Letras.<\/span><\/p>\n<p style=\"margin: 0cm; margin-bottom: .0001pt; line-height: 150%; background: white; outline: 0px; orphans: auto; widows: auto; -webkit-text-stroke-width: 0px; word-spacing: 0px;\">\n<p style=\"margin: 0cm; margin-bottom: .0001pt; line-height: 150%; background: white; outline: 0px; orphans: auto; widows: auto; -webkit-text-stroke-width: 0px; word-spacing: 0px;\"><span style=\"font-size: 14pt; line-height: 150%; font-family: Verdana, Geneva, sans-serif; letter-spacing: -0.25pt; color: #000000;\">In\u00eas Madalena Aranha de Lima descobriu a paix\u00e3o pela m\u00fasica na fazenda da fam\u00edlia, no interior paulista.<\/span><\/p>\n<p style=\"margin: 0cm; margin-bottom: .0001pt; line-height: 150%; background: white; outline: 0px; orphans: auto; widows: auto; -webkit-text-stroke-width: 0px; word-spacing: 0px;\">\n<p style=\"margin: 0cm; margin-bottom: .0001pt; line-height: 150%; background: white; outline: 0px; orphans: auto; widows: auto; -webkit-text-stroke-width: 0px; word-spacing: 0px;\"><span style=\"font-size: 14pt; line-height: 150%; font-family: Verdana, Geneva, sans-serif; letter-spacing: -0.25pt; color: #000000;\">Foi a primeira mulher a gravar uma moda de viola.<\/span><\/p>\n<p style=\"margin: 0cm; margin-bottom: .0001pt; line-height: 150%; background: white; outline: 0px; orphans: auto; widows: auto; -webkit-text-stroke-width: 0px; word-spacing: 0px;\"><span style=\"font-size: 14pt; line-height: 150%; font-family: Verdana, Geneva, sans-serif; letter-spacing: -0.25pt; color: #000000;\">Inezita apresentou por mais de 30 anos o &#8220;Viola, Minha Viola&#8221;, tradicional programa de m\u00fasica sertaneja da TV Cultura. (Fonte: G1\/SP)<\/span><\/p>\n","protected":false},"excerpt":{"rendered":"<p>Morreu na noite de domingo, 08\/03, aos 90 anos de idade, a cantora e apresentadora de TV, Inezita Barroso, que estava internada no Hospital S\u00edrio-iban\u00eas, em S\u00e3o Paulo, desde o dia 19 fevereiro. Ela completou 90 anos no \u00faltimo dia 4 de mar\u00e7o, no hospital. Inezita deixa uma filha, tr\u00eas netas e cinco bisnetos. Em &#8230;<\/p>\n","protected":false},"author":1,"featured_media":863,"comment_status":"open","ping_status":"open","sticky":false,"template":"","format":"standard","meta":{"spay_email":"","jetpack_publicize_message":""},"categories":[52],"tags":[55,216,217,54,218],"jetpack_featured_media_url":"https:\/\/correiosulgoiano.com.br\/wp-content\/uploads\/2015\/03\/inezita-01.jpg","jetpack_publicize_connections":[],"_links":{"self":[{"href":"https:\/\/correiosulgoiano.com.br\/index.php?rest_route=\/wp\/v2\/posts\/862"}],"collection":[{"href":"https:\/\/correiosulgoiano.com.br\/index.php?rest_route=\/wp\/v2\/posts"}],"about":[{"href":"https:\/\/correiosulgoiano.com.br\/index.php?rest_route=\/wp\/v2\/types\/post"}],"author":[{"embeddable":true,"href":"https:\/\/correiosulgoiano.com.br\/index.php?rest_route=\/wp\/v2\/users\/1"}],"replies":[{"embeddable":true,"href":"https:\/\/correiosulgoiano.com.br\/index.php?rest_route=%2Fwp%2Fv2%2Fcomments&post=862"}],"version-history":[{"count":2,"href":"https:\/\/correiosulgoiano.com.br\/index.php?rest_route=\/wp\/v2\/posts\/862\/revisions"}],"predecessor-version":[{"id":865,"href":"https:\/\/correiosulgoiano.com.br\/index.php?rest_route=\/wp\/v2\/posts\/862\/revisions\/865"}],"wp:featuredmedia":[{"embeddable":true,"href":"https:\/\/correiosulgoiano.com.br\/index.php?rest_route=\/wp\/v2\/media\/863"}],"wp:attachment":[{"href":"https:\/\/correiosulgoiano.com.br\/index.php?rest_route=%2Fwp%2Fv2%2Fmedia&parent=862"}],"wp:term":[{"taxonomy":"category","embeddable":true,"href":"https:\/\/correiosulgoiano.com.br\/index.php?rest_route=%2Fwp%2Fv2%2Fcategories&post=862"},{"taxonomy":"post_tag","embeddable":true,"href":"https:\/\/correiosulgoiano.com.br\/index.php?rest_route=%2Fwp%2Fv2%2Ftags&post=862"}],"curies":[{"name":"wp","href":"https:\/\/api.w.org\/{rel}","templated":true}]}}