{"id":8892,"date":"2016-11-25T07:57:57","date_gmt":"2016-11-25T09:57:57","guid":{"rendered":"https:\/\/correiosulgoiano.com.br\/?p=8892"},"modified":"2016-11-25T07:59:33","modified_gmt":"2016-11-25T09:59:33","slug":"lava-jato-ameacada","status":"publish","type":"post","link":"https:\/\/correiosulgoiano.com.br\/?p=8892","title":{"rendered":"Lava Jato Amea\u00e7ada: Juiz S\u00e9rgio Moro adverte que a anistia \u00e0 corrup\u00e7\u00e3o amea\u00e7a a Laja Jato e o futuro do pa\u00eds"},"content":{"rendered":"<p><span style=\"font-size: 12pt; font-family: Verdana, Geneva, sans-serif; color: #000000;\">O juiz federal S\u00e9rgio Moro divulgou nota p\u00fablica nesta quinta-feira, 24\/11, alertando para os riscos que uma eventual anistia dos crimes eleitorais de corrup\u00e7\u00e3o e de lavagem de dinheiro pode trazer \u00e0 Opera\u00e7\u00e3o Lava Jato e tamb\u00e9m ao &#8221;futuro do Pa\u00eds&#8221;.<\/span><\/p>\n<p><em><span style=\"font-size: 12pt; font-family: Georgia, Georgia, serif; color: #000000;\">Veja a nota no final desta p\u00e1gina!<\/span><\/em><\/p>\n<p><span style=\"font-size: 12pt; font-family: Verdana, Geneva, sans-serif; color: #000000;\">Deputados tramam aprovar na C\u00e2mara um Projeto Anticorrup\u00e7\u00e3o que deve incluir PERD\u00c3O ao caixa 2 e puni\u00e7\u00e3o a ju\u00edzes e procuradores por crime de responsabilidade.<\/span><\/p>\n<p><span style=\"font-size: 12pt; font-family: Verdana, Geneva, sans-serif; color: #000000;\"><em>&#8220;Toda anistia \u00e9 question\u00e1vel, pois estimula o desprezo \u00e0 lei e gera desconfian\u00e7a&#8221;<\/em>, diz Moro na nota que divulgou.<\/span><\/p>\n<p><span style=\"font-size: 12pt; font-family: Verdana, Geneva, sans-serif; color: #000000;\">\u00c9 a primeira manifesta\u00e7\u00e3o p\u00fablica de S\u00e9rgio Moro, o juiz da Lava Jato contra as articula\u00e7\u00f5es dos parlamentares.<\/span><\/p>\n<p><span style=\"font-size: 12pt; font-family: Verdana, Geneva, sans-serif; color: #000000;\">Para o magistrado, a anistia <em>&#8221;deve ser pr\u00e9via e amplamente discutida com a popula\u00e7\u00e3o e deve ser objeto de intensa delibera\u00e7\u00e3o parlamentar&#8221;<\/em>.<\/span><\/p>\n<p><span style=\"font-size: 12pt; font-family: Verdana, Geneva, sans-serif; color: #000000;\"><em>&#8220;Preocupa, em especial, a possibilidade de que, a pretexto de anistiar doa\u00e7\u00f5es eleitorais n\u00e3o registradas, sejam igualmente beneficiadas condutas de corrup\u00e7\u00e3o e de lavagem de dinheiro praticadas na forma de doa\u00e7\u00f5es eleitorais, registradas ou n\u00e3o&#8221;<\/em> &#8211; diz a nota.<\/span><\/p>\n<p><span style=\"font-size: 12pt; font-family: Verdana, Geneva, sans-serif; color: #000000;\"><em>&#8220;Anistiar condutas de corrup\u00e7\u00e3o e de lavagem impactaria n\u00e3o s\u00f3 as investiga\u00e7\u00f5es e os processos j\u00e1 julgados no \u00e2mbito da Opera\u00e7\u00e3o Lava Jato, mas a integridade e a credibilidade, interna e externa, do Estado de Direito e da democracia brasileira, com consequ\u00eancias imprevis\u00edveis para o futuro do Pa\u00eds. Tem-se a esperan\u00e7a de que nossos representantes eleitos, zelosos de suas elevadas responsabilidades, n\u00e3o aprovar\u00e3o medida dessa natureza&#8221;<\/em>.<\/span><\/p>\n<p><a href=\"https:\/\/correiosulgoiano.com.br\/wp-content\/uploads\/2016\/11\/moro....jpg\"><img loading=\"lazy\" class=\" wp-image-8893 aligncenter\" src=\"https:\/\/correiosulgoiano.com.br\/wp-content\/uploads\/2016\/11\/moro....jpg\" alt=\"moro\" width=\"500\" height=\"538\" srcset=\"https:\/\/correiosulgoiano.com.br\/wp-content\/uploads\/2016\/11\/moro....jpg 552w, https:\/\/correiosulgoiano.com.br\/wp-content\/uploads\/2016\/11\/moro...-279x300.jpg 279w\" sizes=\"(max-width: 500px) 100vw, 500px\" \/><\/a><\/p>\n","protected":false},"excerpt":{"rendered":"<p>O juiz federal S\u00e9rgio Moro divulgou nota p\u00fablica nesta quinta-feira, 24\/11, alertando para os riscos que uma eventual anistia dos crimes eleitorais de corrup\u00e7\u00e3o e de lavagem de dinheiro pode trazer \u00e0 Opera\u00e7\u00e3o Lava Jato e tamb\u00e9m ao &#8221;futuro do Pa\u00eds&#8221;. Veja a nota no final desta p\u00e1gina! Deputados tramam aprovar na C\u00e2mara um Projeto &#8230;<\/p>\n","protected":false},"author":1,"featured_media":8894,"comment_status":"open","ping_status":"open","sticky":false,"template":"","format":"standard","meta":{"spay_email":"","jetpack_publicize_message":""},"categories":[51],"tags":[957,155,956],"jetpack_featured_media_url":"https:\/\/correiosulgoiano.com.br\/wp-content\/uploads\/2016\/11\/moro.jpg","jetpack_publicize_connections":[],"_links":{"self":[{"href":"https:\/\/correiosulgoiano.com.br\/index.php?rest_route=\/wp\/v2\/posts\/8892"}],"collection":[{"href":"https:\/\/correiosulgoiano.com.br\/index.php?rest_route=\/wp\/v2\/posts"}],"about":[{"href":"https:\/\/correiosulgoiano.com.br\/index.php?rest_route=\/wp\/v2\/types\/post"}],"author":[{"embeddable":true,"href":"https:\/\/correiosulgoiano.com.br\/index.php?rest_route=\/wp\/v2\/users\/1"}],"replies":[{"embeddable":true,"href":"https:\/\/correiosulgoiano.com.br\/index.php?rest_route=%2Fwp%2Fv2%2Fcomments&post=8892"}],"version-history":[{"count":1,"href":"https:\/\/correiosulgoiano.com.br\/index.php?rest_route=\/wp\/v2\/posts\/8892\/revisions"}],"predecessor-version":[{"id":8895,"href":"https:\/\/correiosulgoiano.com.br\/index.php?rest_route=\/wp\/v2\/posts\/8892\/revisions\/8895"}],"wp:featuredmedia":[{"embeddable":true,"href":"https:\/\/correiosulgoiano.com.br\/index.php?rest_route=\/wp\/v2\/media\/8894"}],"wp:attachment":[{"href":"https:\/\/correiosulgoiano.com.br\/index.php?rest_route=%2Fwp%2Fv2%2Fmedia&parent=8892"}],"wp:term":[{"taxonomy":"category","embeddable":true,"href":"https:\/\/correiosulgoiano.com.br\/index.php?rest_route=%2Fwp%2Fv2%2Fcategories&post=8892"},{"taxonomy":"post_tag","embeddable":true,"href":"https:\/\/correiosulgoiano.com.br\/index.php?rest_route=%2Fwp%2Fv2%2Ftags&post=8892"}],"curies":[{"name":"wp","href":"https:\/\/api.w.org\/{rel}","templated":true}]}}