{"id":8897,"date":"2016-11-25T19:06:06","date_gmt":"2016-11-25T21:06:06","guid":{"rendered":"https:\/\/correiosulgoiano.com.br\/?p=8897"},"modified":"2016-11-28T04:26:33","modified_gmt":"2016-11-28T06:26:33","slug":"celisvaldo-presidente-da-acim","status":"publish","type":"post","link":"https:\/\/correiosulgoiano.com.br\/?p=8897","title":{"rendered":"Celisvaldo In\u00e1cio \u00e9 o novo presidente da ACIM. Por 95 x 89 ele venceu Reinaldo dos Reis, nesta sexta-feira, 25\/11"},"content":{"rendered":"<p><span style=\"font-size: 12pt; font-family: Verdana, Geneva, sans-serif; color: #000000;\">Passava pouco das 18h30 de sexta-feira, 25\/11, quando Wellington Dias, presidente da Comiss\u00e3o Eleitoral anunciou o resultado oficial da vota\u00e7\u00e3o para escolha da nova diretoria da Associa\u00e7\u00e3o Comercial e Industrial de Morrinhos. <\/span><\/p>\n<p><span style=\"font-size: 12pt; font-family: Verdana, Geneva, sans-serif; color: #000000;\">186 associados aptos a votar compareceram e depositaram seu voto. Desses, 95 foram destinados \u00e0 Chapa 02, encabe\u00e7ada por Celisvaldo In\u00e1cio da Leancelly&#8217;s J\u00f3ias. <\/span><\/p>\n<p><span style=\"font-size: 12pt; font-family: Verdana, Geneva, sans-serif; color: #000000;\">Outros 89 associados votaram na Chapa 01, encabe\u00e7ada por Reinaldo Reis da Rema Distribuidora. Dois votos foram considerados nulos.<\/span><\/p>\n<p><span style=\"font-size: 12pt; font-family: Verdana, Geneva, sans-serif; color: #000000;\">Na manh\u00e3 de s\u00e1bado, 26 de novembro, gravamos um v\u00eddeo, que a princ\u00edpio seria uma entrevista, mas acabou se transformando em um depoimento de agradecimento. Veja abaixo:<\/span><\/p>\n<div style=\"width: 100%;\" class=\"wp-video\"><video class=\"wp-video-shortcode\" id=\"video-8897-1\" width=\"480\" height=\"360\" preload=\"metadata\" controls=\"controls\"><source type=\"video\/mp4\" src=\"https:\/\/correiosulgoiano.com.br\/wp-content\/uploads\/2016\/11\/Agradecimento-Pronto.mp4?_=1\" \/><\/video><\/div>\n<div id=\"attachment_8907\" style=\"width: 500px\" class=\"wp-caption aligncenter\"><a href=\"https:\/\/correiosulgoiano.com.br\/wp-content\/uploads\/2016\/11\/ACIM-ED-01.jpg\"><img aria-describedby=\"caption-attachment-8907\" loading=\"lazy\" class=\" wp-image-8907\" src=\"https:\/\/correiosulgoiano.com.br\/wp-content\/uploads\/2016\/11\/ACIM-ED-01.jpg\" alt=\"Comiss\u00e3o Eleitoral apurando votos\" width=\"490\" height=\"276\" srcset=\"https:\/\/correiosulgoiano.com.br\/wp-content\/uploads\/2016\/11\/ACIM-ED-01.jpg 778w, https:\/\/correiosulgoiano.com.br\/wp-content\/uploads\/2016\/11\/ACIM-ED-01-300x169.jpg 300w\" sizes=\"(max-width: 490px) 100vw, 490px\" \/><\/a><p id=\"caption-attachment-8907\" class=\"wp-caption-text\">Comiss\u00e3o Eleitoral apurando votos<\/p><\/div>\n<div id=\"attachment_8908\" style=\"width: 215px\" class=\"wp-caption aligncenter\"><a href=\"https:\/\/correiosulgoiano.com.br\/wp-content\/uploads\/2016\/11\/ACIM-ED-04.jpg\"><img aria-describedby=\"caption-attachment-8908\" loading=\"lazy\" class=\" wp-image-8908\" src=\"https:\/\/correiosulgoiano.com.br\/wp-content\/uploads\/2016\/11\/ACIM-ED-04.jpg\" alt=\"Associado, o prefeito Rog\u00e9rio Troncoso tamb\u00e9m votou\" width=\"205\" height=\"263\" srcset=\"https:\/\/correiosulgoiano.com.br\/wp-content\/uploads\/2016\/11\/ACIM-ED-04.jpg 539w, https:\/\/correiosulgoiano.com.br\/wp-content\/uploads\/2016\/11\/ACIM-ED-04-234x300.jpg 234w\" sizes=\"(max-width: 205px) 100vw, 205px\" \/><\/a><p id=\"caption-attachment-8908\" class=\"wp-caption-text\">Associado, o prefeito Rog\u00e9rio Troncoso tamb\u00e9m votou<\/p><\/div>\n<div id=\"attachment_8909\" style=\"width: 424px\" class=\"wp-caption aligncenter\"><a href=\"https:\/\/correiosulgoiano.com.br\/wp-content\/uploads\/2016\/11\/ACIM-ED-02.jpg\"><img aria-describedby=\"caption-attachment-8909\" loading=\"lazy\" class=\" wp-image-8909\" src=\"https:\/\/correiosulgoiano.com.br\/wp-content\/uploads\/2016\/11\/ACIM-ED-02.jpg\" alt=\"Pol\u00edcia Militar deu suporte de seguran\u00e7a\" width=\"414\" height=\"235\" srcset=\"https:\/\/correiosulgoiano.com.br\/wp-content\/uploads\/2016\/11\/ACIM-ED-02.jpg 624w, https:\/\/correiosulgoiano.com.br\/wp-content\/uploads\/2016\/11\/ACIM-ED-02-300x170.jpg 300w\" sizes=\"(max-width: 414px) 100vw, 414px\" \/><\/a><p id=\"caption-attachment-8909\" class=\"wp-caption-text\">Pol\u00edcia Militar deu suporte de seguran\u00e7a<\/p><\/div>\n<div id=\"attachment_8910\" style=\"width: 427px\" class=\"wp-caption aligncenter\"><a href=\"https:\/\/correiosulgoiano.com.br\/wp-content\/uploads\/2016\/11\/ACIM-ED-05.jpg\"><img aria-describedby=\"caption-attachment-8910\" loading=\"lazy\" class=\" wp-image-8910\" src=\"https:\/\/correiosulgoiano.com.br\/wp-content\/uploads\/2016\/11\/ACIM-ED-05.jpg\" alt=\"Cl\u00e1udio Serafim (atual presidente) Reinaldo (Chapa 01) Rog\u00e9rio Troncoso (Associado e prefeito) Celisvaldo (Chapa 02)\" width=\"417\" height=\"269\" srcset=\"https:\/\/correiosulgoiano.com.br\/wp-content\/uploads\/2016\/11\/ACIM-ED-05.jpg 752w, https:\/\/correiosulgoiano.com.br\/wp-content\/uploads\/2016\/11\/ACIM-ED-05-300x194.jpg 300w\" sizes=\"(max-width: 417px) 100vw, 417px\" \/><\/a><p id=\"caption-attachment-8910\" class=\"wp-caption-text\">Cl\u00e1udio Serafim (atual presidente) Reinaldo (Chapa 01) Rog\u00e9rio Troncoso (Associado e prefeito) Celisvaldo (Chapa 02)<\/p><\/div>\n<p><a href=\"https:\/\/correiosulgoiano.com.br\/wp-content\/uploads\/2016\/11\/A-Uni\u00e3o.jpg\"><img loading=\"lazy\" class=\"alignnone size-full wp-image-8968\" src=\"https:\/\/correiosulgoiano.com.br\/wp-content\/uploads\/2016\/11\/A-Uni\u00e3o.jpg\" alt=\"a-uniao\" width=\"2131\" height=\"1184\" srcset=\"https:\/\/correiosulgoiano.com.br\/wp-content\/uploads\/2016\/11\/A-Uni\u00e3o.jpg 2131w, https:\/\/correiosulgoiano.com.br\/wp-content\/uploads\/2016\/11\/A-Uni\u00e3o-300x167.jpg 300w, https:\/\/correiosulgoiano.com.br\/wp-content\/uploads\/2016\/11\/A-Uni\u00e3o-1024x569.jpg 1024w\" sizes=\"(max-width: 2131px) 100vw, 2131px\" \/><\/a><\/p>\n","protected":false},"excerpt":{"rendered":"<p>Passava pouco das 18h30 de sexta-feira, 25\/11, quando Wellington Dias, presidente da Comiss\u00e3o Eleitoral anunciou o resultado oficial da vota\u00e7\u00e3o para escolha da nova diretoria da Associa\u00e7\u00e3o Comercial e Industrial de Morrinhos. 186 associados aptos a votar compareceram e depositaram seu voto. Desses, 95 foram destinados \u00e0 Chapa 02, encabe\u00e7ada por Celisvaldo In\u00e1cio da Leancelly&#8217;s &#8230;<\/p>\n","protected":false},"author":1,"featured_media":8902,"comment_status":"open","ping_status":"open","sticky":false,"template":"","format":"standard","meta":{"spay_email":"","jetpack_publicize_message":""},"categories":[48],"tags":[],"jetpack_featured_media_url":"https:\/\/correiosulgoiano.com.br\/wp-content\/uploads\/2016\/11\/celis.jpg","jetpack_publicize_connections":[],"_links":{"self":[{"href":"https:\/\/correiosulgoiano.com.br\/index.php?rest_route=\/wp\/v2\/posts\/8897"}],"collection":[{"href":"https:\/\/correiosulgoiano.com.br\/index.php?rest_route=\/wp\/v2\/posts"}],"about":[{"href":"https:\/\/correiosulgoiano.com.br\/index.php?rest_route=\/wp\/v2\/types\/post"}],"author":[{"embeddable":true,"href":"https:\/\/correiosulgoiano.com.br\/index.php?rest_route=\/wp\/v2\/users\/1"}],"replies":[{"embeddable":true,"href":"https:\/\/correiosulgoiano.com.br\/index.php?rest_route=%2Fwp%2Fv2%2Fcomments&post=8897"}],"version-history":[{"count":8,"href":"https:\/\/correiosulgoiano.com.br\/index.php?rest_route=\/wp\/v2\/posts\/8897\/revisions"}],"predecessor-version":[{"id":8971,"href":"https:\/\/correiosulgoiano.com.br\/index.php?rest_route=\/wp\/v2\/posts\/8897\/revisions\/8971"}],"wp:featuredmedia":[{"embeddable":true,"href":"https:\/\/correiosulgoiano.com.br\/index.php?rest_route=\/wp\/v2\/media\/8902"}],"wp:attachment":[{"href":"https:\/\/correiosulgoiano.com.br\/index.php?rest_route=%2Fwp%2Fv2%2Fmedia&parent=8897"}],"wp:term":[{"taxonomy":"category","embeddable":true,"href":"https:\/\/correiosulgoiano.com.br\/index.php?rest_route=%2Fwp%2Fv2%2Fcategories&post=8897"},{"taxonomy":"post_tag","embeddable":true,"href":"https:\/\/correiosulgoiano.com.br\/index.php?rest_route=%2Fwp%2Fv2%2Ftags&post=8897"}],"curies":[{"name":"wp","href":"https:\/\/api.w.org\/{rel}","templated":true}]}}