{"id":8984,"date":"2016-12-11T20:08:48","date_gmt":"2016-12-11T22:08:48","guid":{"rendered":"https:\/\/correiosulgoiano.com.br\/?p=8984"},"modified":"2016-12-14T08:12:57","modified_gmt":"2016-12-14T10:12:57","slug":"acidentenabr153bebemorre","status":"publish","type":"post","link":"https:\/\/correiosulgoiano.com.br\/?p=8984","title":{"rendered":"Fam\u00edlia de morrinhenses sofre acidente na BR-153 e crian\u00e7a de 3 meses morre no local"},"content":{"rendered":"<p><span style=\"font-size: 12pt; font-family: Verdana, Geneva, sans-serif; color: #000000;\">A tarde de domingo foi entristecedora para a comunidade morrinhense. Pessoas de uma fam\u00edlia de Morrinhos se acidentaram na BR-153 e infelizmente uma crian\u00e7a morreu.<\/span><\/p>\n<p><span style=\"font-size: 12pt; font-family: Verdana, Geneva, sans-serif; color: #000000;\">O rel\u00f3gio j\u00e1 se aproximava das 15h30 da chuvosa tarde de domingo, 11\/12\/16 quando o fone 191 da Pol\u00edcia Rodovi\u00e1ria Federal tocou com um dos usu\u00e1rios da via informando um capotamento na altura do Km 589 da BR-153, no munic\u00edpio de Piracanjuba.<\/span><\/p>\n<p><span style=\"font-size: 12pt; font-family: Verdana, Geneva, sans-serif; color: #000000;\"><a href=\"https:\/\/correiosulgoiano.com.br\/wp-content\/uploads\/2016\/07\/Cel-14-a.jpg\"><img loading=\"lazy\" class=\"wp-image-9284 alignright\" src=\"https:\/\/correiosulgoiano.com.br\/wp-content\/uploads\/2016\/07\/Cel-14-a.jpg\" alt=\"cel-14-a\" width=\"319\" height=\"226\" srcset=\"https:\/\/correiosulgoiano.com.br\/wp-content\/uploads\/2016\/07\/Cel-14-a.jpg 760w, https:\/\/correiosulgoiano.com.br\/wp-content\/uploads\/2016\/07\/Cel-14-a-300x213.jpg 300w\" sizes=\"(max-width: 319px) 100vw, 319px\" \/><\/a>O Inspetor Newton Morais da Assessoria de Comunica\u00e7\u00e3o da PRF informou ao nosso redator que o\u00a0ve\u00edculo GM Zafira havia sa\u00eddo de Morrinhos com destino a Aparecida de Goi\u00e2nia, onde as v\u00edtimas moram, quando em determinado momento o condutor do ve\u00edculo perdeu o controle da dire\u00e7\u00e3o no asfalto molhado. O carro rodou na pista, capotou, saiu do asfalto e chocou-se contra um barranco.<\/span><\/p>\n<p><span style=\"font-size: 12pt; font-family: Verdana, Geneva, sans-serif; color: #000000;\">Ainda de acordo com a Pol\u00edcia Rodovi\u00e1ria Federal, no ve\u00edculo viajavam um casal e seus tr\u00eas filhos, sendo uma menina de dois anos e duas crian\u00e7as &#8211; um casal de g\u00eameos de tr\u00eas meses.<\/span><\/p>\n<p><span style=\"font-size: 12pt; font-family: Verdana, Geneva, sans-serif; color: #000000;\"><a href=\"https:\/\/correiosulgoiano.com.br\/wp-content\/uploads\/2016\/12\/Cap-Zafira-03.jpg\"><img loading=\"lazy\" class=\" wp-image-9257 alignleft\" src=\"https:\/\/correiosulgoiano.com.br\/wp-content\/uploads\/2016\/12\/Cap-Zafira-03.jpg\" alt=\"cap-zafira-03\" width=\"406\" height=\"228\" srcset=\"https:\/\/correiosulgoiano.com.br\/wp-content\/uploads\/2016\/12\/Cap-Zafira-03.jpg 768w, https:\/\/correiosulgoiano.com.br\/wp-content\/uploads\/2016\/12\/Cap-Zafira-03-300x169.jpg 300w\" sizes=\"(max-width: 406px) 100vw, 406px\" \/><\/a>Os beb\u00eas g\u00eameos estavam amarrados ao &#8220;beb\u00ea conforto&#8221;, enquanto a menina de dois anos estava amarrada \u00e0 cadeirinha. <\/span><\/p>\n<p><span style=\"font-size: 12pt; font-family: Verdana, Geneva, sans-serif; color: #000000;\">Mas, com a viol\u00eancia do impacto, um dos beb\u00eas, a menina de tr\u00eas meses, foi lan\u00e7ada para fora do ve\u00edculo e infelizmente morreu no local. Trata-se da pequena Mirella que completaria 3 meses na pr\u00f3xima quarta-feira, dia 14 de dezembro.<\/span><\/p>\n<p><span style=\"font-size: 12pt; font-family: Verdana, Geneva, sans-serif; color: #000000;\">A equipe da SMR Triunfo Concebra foi acionada e compareceu para socorrer as v\u00edtimas. O condutor de 26 anos, (T\u00falio Cabral) pai das crian\u00e7as; a mulher dele de 32 anos (Mariana Claudino), mais o menina de 2 anos e o menino g\u00eameo, de tr\u00eas meses foram socorridos e encaminhados ao Hospital de Urg\u00eancias de Goi\u00e2nia &#8211; HUGO, em estado grave.<\/span><\/p>\n<p><span style=\"font-size: 12pt; font-family: Verdana, Geneva, sans-serif; color: #000000;\">A Mariana \u00e9 filha do Sr. Sebasti\u00e3o Claudino, pessoa de muitas amizades em Morrinhos. Portanto, a beb\u00ea que morreu \u00e9 neta do Sebasti\u00e3o Claudino.\u00a0<\/span><\/p>\n<p><span style=\"font-size: 12pt; font-family: Georgia, Georgia, serif; color: #000000;\">Da reda\u00e7\u00e3o, por Leonardo Costa, com informa\u00e7\u00f5es da Assessoria de Comunica\u00e7\u00e3o da Pol\u00edcia Rodovi\u00e1ria Federal.<\/span><\/p>\n<p><span style=\"font-size: 12pt; font-family: Georgia, Georgia, serif; color: #000000;\">Colabore voc\u00ea tamb\u00e9m com nossa reportagem enviando informa\u00e7\u00f5es e fotos. Nosso n\u00famero \u00e9 (64) 9 9294-9025, voc\u00ea pode colaborar conosco nos mandando fatos, fotos e v\u00eddeos.<\/span><\/p>\n<div id=\"attachment_8954\" style=\"width: 2137px\" class=\"wp-caption alignnone\"><a href=\"https:\/\/correiosulgoiano.com.br\/wp-content\/uploads\/2016\/11\/A-Astek.jpg\"><img aria-describedby=\"caption-attachment-8954\" loading=\"lazy\" class=\"wp-image-8954 size-full\" src=\"https:\/\/correiosulgoiano.com.br\/wp-content\/uploads\/2016\/11\/A-Astek.jpg\" alt=\"a-astek\" width=\"2127\" height=\"518\" srcset=\"https:\/\/correiosulgoiano.com.br\/wp-content\/uploads\/2016\/11\/A-Astek.jpg 2127w, https:\/\/correiosulgoiano.com.br\/wp-content\/uploads\/2016\/11\/A-Astek-300x73.jpg 300w, https:\/\/correiosulgoiano.com.br\/wp-content\/uploads\/2016\/11\/A-Astek-1024x249.jpg 1024w\" sizes=\"(max-width: 2127px) 100vw, 2127px\" \/><\/a><p id=\"caption-attachment-8954\" class=\"wp-caption-text\">Nosso apoiador &#8211; Garantindo a Informa\u00e7\u00e3o pra voc\u00ea!!!<\/p><\/div>\n<div id=\"attachment_9259\" style=\"width: 485px\" class=\"wp-caption aligncenter\"><a href=\"https:\/\/correiosulgoiano.com.br\/wp-content\/uploads\/2016\/12\/Cap-Zafira-02.jpg\"><img aria-describedby=\"caption-attachment-9259\" loading=\"lazy\" class=\" wp-image-9259\" src=\"https:\/\/correiosulgoiano.com.br\/wp-content\/uploads\/2016\/12\/Cap-Zafira-02.jpg\" alt=\"Acidente causa morte de beb\u00ea de 3 meses\" width=\"475\" height=\"268\" srcset=\"https:\/\/correiosulgoiano.com.br\/wp-content\/uploads\/2016\/12\/Cap-Zafira-02.jpg 755w, https:\/\/correiosulgoiano.com.br\/wp-content\/uploads\/2016\/12\/Cap-Zafira-02-300x169.jpg 300w\" sizes=\"(max-width: 475px) 100vw, 475px\" \/><\/a><p id=\"caption-attachment-9259\" class=\"wp-caption-text\">Acidente causa morte de beb\u00ea de 3 meses<\/p><\/div>\n<div id=\"attachment_9260\" style=\"width: 482px\" class=\"wp-caption aligncenter\"><a href=\"https:\/\/correiosulgoiano.com.br\/wp-content\/uploads\/2016\/12\/Cap-Zafira-01.jpg\"><img aria-describedby=\"caption-attachment-9260\" loading=\"lazy\" class=\" wp-image-9260\" src=\"https:\/\/correiosulgoiano.com.br\/wp-content\/uploads\/2016\/12\/Cap-Zafira-01.jpg\" alt=\"Carro bateu no barranco ap\u00f3s sair da pista\" width=\"472\" height=\"265\" srcset=\"https:\/\/correiosulgoiano.com.br\/wp-content\/uploads\/2016\/12\/Cap-Zafira-01.jpg 666w, https:\/\/correiosulgoiano.com.br\/wp-content\/uploads\/2016\/12\/Cap-Zafira-01-300x168.jpg 300w\" sizes=\"(max-width: 472px) 100vw, 472px\" \/><\/a><p id=\"caption-attachment-9260\" class=\"wp-caption-text\">Carro bateu no barranco ap\u00f3s sair da pista<\/p><\/div>\n<div id=\"attachment_9264\" style=\"width: 482px\" class=\"wp-caption aligncenter\"><a href=\"https:\/\/correiosulgoiano.com.br\/wp-content\/uploads\/2016\/12\/Cap-Zafira-06.jpg\"><img aria-describedby=\"caption-attachment-9264\" loading=\"lazy\" class=\" wp-image-9264\" src=\"https:\/\/correiosulgoiano.com.br\/wp-content\/uploads\/2016\/12\/Cap-Zafira-06.jpg\" alt=\"Acidente deixa 4 feridos e uma crian\u00e7a morta\" width=\"472\" height=\"265\" srcset=\"https:\/\/correiosulgoiano.com.br\/wp-content\/uploads\/2016\/12\/Cap-Zafira-06.jpg 755w, https:\/\/correiosulgoiano.com.br\/wp-content\/uploads\/2016\/12\/Cap-Zafira-06-300x169.jpg 300w\" sizes=\"(max-width: 472px) 100vw, 472px\" \/><\/a><p id=\"caption-attachment-9264\" class=\"wp-caption-text\">Acidente deixa 4 feridos e uma crian\u00e7a morta<\/p><\/div>\n<div id=\"attachment_9256\" style=\"width: 487px\" class=\"wp-caption aligncenter\"><a href=\"https:\/\/correiosulgoiano.com.br\/wp-content\/uploads\/2016\/12\/Cap-Zafira-04-b.jpg\"><img aria-describedby=\"caption-attachment-9256\" loading=\"lazy\" class=\" wp-image-9256\" src=\"https:\/\/correiosulgoiano.com.br\/wp-content\/uploads\/2016\/12\/Cap-Zafira-04-b.jpg\" alt=\"Carro tomba na BR-153\" width=\"477\" height=\"268\" srcset=\"https:\/\/correiosulgoiano.com.br\/wp-content\/uploads\/2016\/12\/Cap-Zafira-04-b.jpg 781w, https:\/\/correiosulgoiano.com.br\/wp-content\/uploads\/2016\/12\/Cap-Zafira-04-b-300x169.jpg 300w\" sizes=\"(max-width: 477px) 100vw, 477px\" \/><\/a><p id=\"caption-attachment-9256\" class=\"wp-caption-text\">Carro tomba na BR-153<\/p><\/div>\n","protected":false},"excerpt":{"rendered":"<p>A tarde de domingo foi entristecedora para a comunidade morrinhense. Pessoas de uma fam\u00edlia de Morrinhos se acidentaram na BR-153 e infelizmente uma crian\u00e7a morreu. O rel\u00f3gio j\u00e1 se aproximava das 15h30 da chuvosa tarde de domingo, 11\/12\/16 quando o fone 191 da Pol\u00edcia Rodovi\u00e1ria Federal tocou com um dos usu\u00e1rios da via informando um &#8230;<\/p>\n","protected":false},"author":1,"featured_media":9256,"comment_status":"open","ping_status":"open","sticky":false,"template":"","format":"standard","meta":{"spay_email":"","jetpack_publicize_message":""},"categories":[58],"tags":[106,845,518,979],"jetpack_featured_media_url":"https:\/\/correiosulgoiano.com.br\/wp-content\/uploads\/2016\/12\/Cap-Zafira-04-b.jpg","jetpack_publicize_connections":[],"_links":{"self":[{"href":"https:\/\/correiosulgoiano.com.br\/index.php?rest_route=\/wp\/v2\/posts\/8984"}],"collection":[{"href":"https:\/\/correiosulgoiano.com.br\/index.php?rest_route=\/wp\/v2\/posts"}],"about":[{"href":"https:\/\/correiosulgoiano.com.br\/index.php?rest_route=\/wp\/v2\/types\/post"}],"author":[{"embeddable":true,"href":"https:\/\/correiosulgoiano.com.br\/index.php?rest_route=\/wp\/v2\/users\/1"}],"replies":[{"embeddable":true,"href":"https:\/\/correiosulgoiano.com.br\/index.php?rest_route=%2Fwp%2Fv2%2Fcomments&post=8984"}],"version-history":[{"count":12,"href":"https:\/\/correiosulgoiano.com.br\/index.php?rest_route=\/wp\/v2\/posts\/8984\/revisions"}],"predecessor-version":[{"id":9290,"href":"https:\/\/correiosulgoiano.com.br\/index.php?rest_route=\/wp\/v2\/posts\/8984\/revisions\/9290"}],"wp:featuredmedia":[{"embeddable":true,"href":"https:\/\/correiosulgoiano.com.br\/index.php?rest_route=\/wp\/v2\/media\/9256"}],"wp:attachment":[{"href":"https:\/\/correiosulgoiano.com.br\/index.php?rest_route=%2Fwp%2Fv2%2Fmedia&parent=8984"}],"wp:term":[{"taxonomy":"category","embeddable":true,"href":"https:\/\/correiosulgoiano.com.br\/index.php?rest_route=%2Fwp%2Fv2%2Fcategories&post=8984"},{"taxonomy":"post_tag","embeddable":true,"href":"https:\/\/correiosulgoiano.com.br\/index.php?rest_route=%2Fwp%2Fv2%2Ftags&post=8984"}],"curies":[{"name":"wp","href":"https:\/\/api.w.org\/{rel}","templated":true}]}}