{"id":914,"date":"2015-03-12T04:59:09","date_gmt":"2015-03-12T04:59:09","guid":{"rendered":"https:\/\/correiosulgoiano.com.br\/?p=914"},"modified":"2015-03-12T05:00:25","modified_gmt":"2015-03-12T05:00:25","slug":"de-novo-cinco-detentos-conseguem-fugir-da-cadeia-em-pontalina","status":"publish","type":"post","link":"https:\/\/correiosulgoiano.com.br\/?p=914","title":{"rendered":"De Novo?! Cinco detentos conseguem fugir da cadeia em Pontalina"},"content":{"rendered":"<p><span style=\"color: #000000; font-family: Verdana, Geneva, sans-serif; font-size: 14pt;\">Na manh\u00e3 de ter\u00e7a-feira, 10 de mar\u00e7o, 05 detentos da Cadeia P\u00fablica de Pontalina fugiram da unidade prisional.<\/span><\/p>\n<p><span style=\"color: #000000; font-family: Verdana, Geneva, sans-serif; font-size: 14pt;\">De acordo com as informa\u00e7\u00f5es da dire\u00e7\u00e3o do pres\u00eddio, eles aproveitaram a movimenta\u00e7\u00e3o do dia de visitas e com barras de ferro, provavelmente arrancadas de uma cama, fizeram um buraco no muro aos fundos da cadeia, onde segundo o diretor do local, existe um ponto cego para a vis\u00e3o dos agentes penitenci\u00e1rios.<\/span><\/p>\n<p><span style=\"color: #000000; font-family: Verdana, Geneva, sans-serif; font-size: 14pt;\">O senhor Geraldo, que \u00e9 o diretor da unidade, disse em entrevista que o pr\u00e9dio \u00e9 muito antigo e a estrutura do mesmo \u00e9 bastante fr\u00e1gil, sendo uma constru\u00e7\u00e3o ainda de adobe, o que facilita as a\u00e7\u00f5es de fuga no local.<\/span><\/p>\n<p><span style=\"color: #000000; font-family: Verdana, Geneva, sans-serif; font-size: 14pt;\">Nos \u00faltimos anos as fugas t\u00eam sido constantes na cadeia de Pontalina.<\/span><\/p>\n<p><span style=\"color: #000000; font-family: Verdana, Geneva, sans-serif; font-size: 14pt;\">Desde a manh\u00e3 de ter\u00e7a-feira, assim que percebeu a fuga, a dire\u00e7\u00e3o da Unidade Prisional iniciou os procedimentos de rotina avisando as autoridades policiais e judici\u00e1rias competentes e acionando as pol\u00edcias Militar e Civil para ajudar na busca pelos fugitivos.<\/span><\/p>\n<p><span style=\"color: #000000; font-family: Verdana, Geneva, sans-serif; font-size: 14pt;\">At\u00e9 agora, nenhum deles foi recapturado.<\/span><\/p>\n<p><a href=\"https:\/\/correiosulgoiano.com.br\/wp-content\/uploads\/2015\/03\/Mercotintas-Banner-Site-01.jpg\"><img loading=\"lazy\" class=\"alignnone  wp-image-885\" src=\"https:\/\/correiosulgoiano.com.br\/wp-content\/uploads\/2015\/03\/Mercotintas-Banner-Site-01.jpg\" alt=\"Mercotintas Banner Site - 01\" width=\"891\" height=\"111\" srcset=\"https:\/\/correiosulgoiano.com.br\/wp-content\/uploads\/2015\/03\/Mercotintas-Banner-Site-01.jpg 1172w, https:\/\/correiosulgoiano.com.br\/wp-content\/uploads\/2015\/03\/Mercotintas-Banner-Site-01-300x37.jpg 300w, https:\/\/correiosulgoiano.com.br\/wp-content\/uploads\/2015\/03\/Mercotintas-Banner-Site-01-1024x128.jpg 1024w\" sizes=\"(max-width: 891px) 100vw, 891px\" \/><\/a><\/p>\n","protected":false},"excerpt":{"rendered":"<p>Na manh\u00e3 de ter\u00e7a-feira, 10 de mar\u00e7o, 05 detentos da Cadeia P\u00fablica de Pontalina fugiram da unidade prisional. De acordo com as informa\u00e7\u00f5es da dire\u00e7\u00e3o do pres\u00eddio, eles aproveitaram a movimenta\u00e7\u00e3o do dia de visitas e com barras de ferro, provavelmente arrancadas de uma cama, fizeram um buraco no muro aos fundos da cadeia, onde &#8230;<\/p>\n","protected":false},"author":1,"featured_media":915,"comment_status":"open","ping_status":"open","sticky":false,"template":"","format":"standard","meta":{"spay_email":"","jetpack_publicize_message":""},"categories":[44],"tags":[234,55,233,232,111,235],"jetpack_featured_media_url":"https:\/\/correiosulgoiano.com.br\/wp-content\/uploads\/2015\/03\/PONTAL-07.jpg","jetpack_publicize_connections":[],"_links":{"self":[{"href":"https:\/\/correiosulgoiano.com.br\/index.php?rest_route=\/wp\/v2\/posts\/914"}],"collection":[{"href":"https:\/\/correiosulgoiano.com.br\/index.php?rest_route=\/wp\/v2\/posts"}],"about":[{"href":"https:\/\/correiosulgoiano.com.br\/index.php?rest_route=\/wp\/v2\/types\/post"}],"author":[{"embeddable":true,"href":"https:\/\/correiosulgoiano.com.br\/index.php?rest_route=\/wp\/v2\/users\/1"}],"replies":[{"embeddable":true,"href":"https:\/\/correiosulgoiano.com.br\/index.php?rest_route=%2Fwp%2Fv2%2Fcomments&post=914"}],"version-history":[{"count":2,"href":"https:\/\/correiosulgoiano.com.br\/index.php?rest_route=\/wp\/v2\/posts\/914\/revisions"}],"predecessor-version":[{"id":917,"href":"https:\/\/correiosulgoiano.com.br\/index.php?rest_route=\/wp\/v2\/posts\/914\/revisions\/917"}],"wp:featuredmedia":[{"embeddable":true,"href":"https:\/\/correiosulgoiano.com.br\/index.php?rest_route=\/wp\/v2\/media\/915"}],"wp:attachment":[{"href":"https:\/\/correiosulgoiano.com.br\/index.php?rest_route=%2Fwp%2Fv2%2Fmedia&parent=914"}],"wp:term":[{"taxonomy":"category","embeddable":true,"href":"https:\/\/correiosulgoiano.com.br\/index.php?rest_route=%2Fwp%2Fv2%2Fcategories&post=914"},{"taxonomy":"post_tag","embeddable":true,"href":"https:\/\/correiosulgoiano.com.br\/index.php?rest_route=%2Fwp%2Fv2%2Ftags&post=914"}],"curies":[{"name":"wp","href":"https:\/\/api.w.org\/{rel}","templated":true}]}}