{"id":972,"date":"2015-03-15T02:25:55","date_gmt":"2015-03-15T02:25:55","guid":{"rendered":"https:\/\/correiosulgoiano.com.br\/?p=972"},"modified":"2015-03-15T02:25:55","modified_gmt":"2015-03-15T02:25:55","slug":"vila-vence-itaberai-anapolis-bate-novo-horizonte-e-segue-vivo-no-goianao","status":"publish","type":"post","link":"https:\/\/correiosulgoiano.com.br\/?p=972","title":{"rendered":"Vila vence Itabera\u00ed, An\u00e1polis bate Novo Horizonte e segue vivo no Goian\u00e3o"},"content":{"rendered":"<p><span style=\"font-family: Verdana, Geneva, sans-serif; font-size: 14pt; color: #000000;\">Jogando em casa, na abertura do segundo turno da divis\u00e3o de acesso, o\u00a0Novo Horizonte\u00a0de\u00a0Ipameri\u00a0perdeu no s\u00e1bado, 14\/03, em pleno est\u00e1dio\u00a0Durval Ferreira Franco,\u00a0pelo placar de 1 x 0 para o\u00a0An\u00e1polis.<\/span><\/p>\n<p><span style=\"font-family: Verdana, Geneva, sans-serif; font-size: 14pt; color: #000000;\">Com a derrota o\u00a0Fantasma do Sudoeste\u00a0permanece com 7 pontos, ficando 4 pontos atr\u00e1s do l\u00edder, Vila Nova, que venceu e chegou aos 11 pontos.<\/span><\/p>\n<p><span style=\"font-family: Verdana, Geneva, sans-serif; font-size: 14pt; color: #000000;\">O resultado tr\u00e1s o\u00a0An\u00e1polis\u00a0de volta \u00e0 briga rumo a classifica\u00e7\u00e3o para a fase final. N\u00e3o foi uma boa estreia para o t\u00e9cnico\u00a0Z\u00e9 Roberto, que n\u00e3o conseguiu fazer com que o Novo Horizonte rendesse seu melhor futebol.<\/span><\/p>\n<p><span style=\"font-family: Verdana, Geneva, sans-serif; font-size: 14pt; color: #000000;\">Para o\u00a0An\u00e1polis, a vit\u00f3ria foi fundamental para continuar vivo na competi\u00e7\u00e3o. Uma derrota praticamente eliminaria as chances de classifica\u00e7\u00e3o para a fase final.<\/span><\/p>\n<p><span style=\"font-family: Verdana, Geneva, sans-serif; font-size: 14pt; color: #000000;\">As duas equipes voltam a campo na pr\u00f3xima ter\u00e7a feira, pela segunda rodada do segundo turno, o\u00a0Novo Horizonte\u00a0vai a Morrinhos\u00a0enfrentar o\u00a0Am\u00e9rica,\u00a0que folgou na rodada deste s\u00e1bado e ainda assim se manteve em segundo lugar no grupo. J\u00e1 o\u00a0An\u00e1polis\u00a0receber\u00e1, no\u00a0Jonas Duarte,\u00a0o lanterna do grupo \u201cA\u201d, o Itabera\u00ed.<\/span><\/p>\n<p><strong><span style=\"font-family: Verdana, Geneva, sans-serif; font-size: 14pt; color: #000000;\">ITABERA\u00cd 0 X 4 VILA NOVA<\/span><\/strong><\/p>\n<p><span style=\"font-family: Verdana, Geneva, sans-serif; font-size: 14pt; color: #000000;\">Na tarde de s\u00e1bado, 14\/03, o\u00a0Vila Nova\u00a0goleou o\u00a0Itabera\u00ed\u00a0e disparou na lideran\u00e7a do\u00a0Grupo \u201cA\u201d\u00a0da\u00a0Divis\u00e3o de Acesso\u00a0do\u00a0Campeonato Goiano.<\/span><\/p>\n<p><span style=\"font-family: Verdana, Geneva, sans-serif; font-size: 14pt; color: #000000;\">Com 4 gols de\u00a0Frontini, o\u00a0colorado\u00a0bateu o time da casa por 4 a 0, no\u00a0Est\u00e1dio Rio das Pedras,\u00a0em\u00a0Itabera\u00ed. A partida marcou a abertura do returno.<\/span><\/p>\n<p><span style=\"font-family: Verdana, Geneva, sans-serif; font-size: 14pt; color: #000000;\">Com o resultado, o\u00a0Tigr\u00e3o\u00a0da Vila Famosa chegou aos 11 pontos, ficando pr\u00f3ximo da classifica\u00e7\u00e3o ao quadrangular final.<\/span><\/p>\n<p><span style=\"font-family: Verdana, Geneva, sans-serif; font-size: 14pt; color: #000000;\">J\u00e1 o\u00a0Itabera\u00ed\u00a0se manteve na lanterna da chave, com 3 pontos, e est\u00e1 \u00e0 beira do rebaixamento.<\/span><\/p>\n<p><span style=\"font-family: Verdana, Geneva, sans-serif; font-size: 14pt; color: #000000;\">O\u00a0Vila\u00a0Nova\u00a0folgar\u00e1 na rodada de ter\u00e7a-feira, 17\/03, e s\u00f3 voltar\u00e1 a campo domingo, quando receber\u00e1 o\u00a0An\u00e1polis, \u00e0s 16 horas, no\u00a0Est\u00e1dio Serra Dourada.<\/span><\/p>\n<p><span style=\"font-family: Verdana, Geneva, sans-serif; font-size: 14pt; color: #000000;\">O\u00a0Itabera\u00ed tamb\u00e9m enfrentar\u00e1 o\u00a0Galo\u00a0Anapolino, por\u00e9m, na ter\u00e7a-feira, 17\/03, \u00e0s 20h30, no\u00a0Est\u00e1dio Jonas Duarte, em\u00a0An\u00e1polis.<\/span><\/p>\n<p><strong><span style=\"font-family: Verdana, Geneva, sans-serif; font-size: 14pt; color: #000000;\">GOI\u00c2NIA 2 X 1 IPOR\u00c1<\/span><\/strong><\/p>\n<p><span style=\"font-family: Verdana, Geneva, sans-serif; font-size: 14pt; color: #000000;\">No duelo dos l\u00edderes do\u00a0Grupo B\u00a0da\u00a0Divis\u00e3o de Acesso,\u00a0o\u00a0Goi\u00e2nia\u00a0deu um importante passo para conquistar uma vaga na pr\u00f3xima fase.<\/span><\/p>\n<p><span style=\"font-family: Verdana, Geneva, sans-serif; font-size: 14pt; color: #000000;\">No s\u00e1bado, 14\/03, o Galo Carij\u00f3\u00a0bateu o\u00a0Ipor\u00e1\u00a0por 2 a 1 no est\u00e1dio\u00a0Serra Dourada\u00a0e assumiu a lideran\u00e7a do grupo, com 12 pontos.<\/span><\/p>\n<p><span style=\"font-family: Verdana, Geneva, sans-serif; font-size: 14pt; color: #000000;\">O rival agora ficou em segundo, com 9 pontos. O p\u00fablico foi de 832 pagantes, para renda de R$ 10.930,00.<\/span><\/p>\n<p><span style=\"font-family: Verdana, Geneva, sans-serif; font-size: 14pt; color: #000000;\">O pr\u00f3ximo jogo do\u00a0Goi\u00e2nia\u00a0ser\u00e1 ter\u00e7a, fora de casa, contra o\u00a0Santa Helena.\u00a0O\u00a0Ipor\u00e1\u00a0receber\u00e1 o\u00a0Quirin\u00f3polis.<\/span><\/p>\n<p><strong><span style=\"font-family: Verdana, Geneva, sans-serif; font-size: 14pt; color: #000000;\">QUIRIN\u00d3POLIS 1 x 1 RIO VERDE\u00a0<\/span><\/strong><\/p>\n<p><span style=\"font-family: Verdana, Geneva, sans-serif; font-size: 14pt; color: #000000;\">N\u00e3o foi nesta rodada que o\u00a0Quirin\u00f3polis\u00a0conheceu sua primeira vit\u00f3ria no campeonato. Em um jogo sem muita emo\u00e7\u00e3o, o\u00a0Quirin\u00f3polis\u00a0empatou em 1 x 1 com o\u00a0Rio Verde, chegando a 2 pontos do\u00a0grupo B.<\/span><\/p>\n<p><span style=\"font-family: Verdana, Geneva, sans-serif; font-size: 14pt; color: #000000;\">O\u00a0Rio Verde\u00a0conseguiu seu primeiro ponto fora de casa e chegou a 7 pontos no grupo, ficando na terceira coloca\u00e7\u00e3o, h\u00e1 dois pontos do\u00a0Ipor\u00e1\u00a0o primeiro time na faixa de classifica\u00e7\u00e3o para a fase final.<\/span><\/p>\n<p><span style=\"font-family: Verdana, Geneva, sans-serif; font-size: 14pt; color: #000000;\">Na pr\u00f3xima rodada o\u00a0Quirin\u00f3polis\u00a0enfrenta o\u00a0Ipor\u00e1\u00a0enquanto o\u00a0Rio Verde\u00a0folga na rodada.<\/span><\/p>\n<p><a href=\"https:\/\/correiosulgoiano.com.br\/wp-content\/uploads\/2015\/03\/rodada-b.jpg\"><img loading=\"lazy\" class=\"alignnone  wp-image-974\" src=\"https:\/\/correiosulgoiano.com.br\/wp-content\/uploads\/2015\/03\/rodada-b.jpg\" alt=\"rodada b\" width=\"640\" height=\"464\" srcset=\"https:\/\/correiosulgoiano.com.br\/wp-content\/uploads\/2015\/03\/rodada-b.jpg 724w, https:\/\/correiosulgoiano.com.br\/wp-content\/uploads\/2015\/03\/rodada-b-300x218.jpg 300w\" sizes=\"(max-width: 640px) 100vw, 640px\" \/><\/a><\/p>\n<p><span style=\"color: #ff0000;\"><strong><span style=\"font-size: 18pt; font-family: Verdana, Geneva, sans-serif;\">CLASSIFICA\u00c7\u00c3O<\/span><\/strong><\/span><\/p>\n<p><a href=\"https:\/\/correiosulgoiano.com.br\/wp-content\/uploads\/2015\/03\/CLASSIF.jpg\"><img loading=\"lazy\" class=\"alignnone size-full wp-image-975\" src=\"https:\/\/correiosulgoiano.com.br\/wp-content\/uploads\/2015\/03\/CLASSIF.jpg\" alt=\"CLASSIF\" width=\"636\" height=\"604\" srcset=\"https:\/\/correiosulgoiano.com.br\/wp-content\/uploads\/2015\/03\/CLASSIF.jpg 636w, https:\/\/correiosulgoiano.com.br\/wp-content\/uploads\/2015\/03\/CLASSIF-300x285.jpg 300w\" sizes=\"(max-width: 636px) 100vw, 636px\" \/><\/a><\/p>\n<p>&nbsp;<\/p>\n<p><a href=\"https:\/\/correiosulgoiano.com.br\/wp-content\/uploads\/2015\/03\/Mercotintas-Banner-Site-01.jpg\"><img loading=\"lazy\" class=\"alignnone  wp-image-885\" src=\"https:\/\/correiosulgoiano.com.br\/wp-content\/uploads\/2015\/03\/Mercotintas-Banner-Site-01.jpg\" alt=\"Mercotintas Banner Site - 01\" width=\"971\" height=\"121\" srcset=\"https:\/\/correiosulgoiano.com.br\/wp-content\/uploads\/2015\/03\/Mercotintas-Banner-Site-01.jpg 1172w, https:\/\/correiosulgoiano.com.br\/wp-content\/uploads\/2015\/03\/Mercotintas-Banner-Site-01-300x37.jpg 300w, https:\/\/correiosulgoiano.com.br\/wp-content\/uploads\/2015\/03\/Mercotintas-Banner-Site-01-1024x128.jpg 1024w\" sizes=\"(max-width: 971px) 100vw, 971px\" \/><\/a><\/p>\n","protected":false},"excerpt":{"rendered":"<p>Jogando em casa, na abertura do segundo turno da divis\u00e3o de acesso, o\u00a0Novo Horizonte\u00a0de\u00a0Ipameri\u00a0perdeu no s\u00e1bado, 14\/03, em pleno est\u00e1dio\u00a0Durval Ferreira Franco,\u00a0pelo placar de 1 x 0 para o\u00a0An\u00e1polis. Com a derrota o\u00a0Fantasma do Sudoeste\u00a0permanece com 7 pontos, ficando 4 pontos atr\u00e1s do l\u00edder, Vila Nova, que venceu e chegou aos 11 pontos. O resultado &#8230;<\/p>\n","protected":false},"author":1,"featured_media":976,"comment_status":"open","ping_status":"open","sticky":false,"template":"","format":"standard","meta":{"spay_email":"","jetpack_publicize_message":""},"categories":[50],"tags":[263,262,55,261,220,181,54,77,202],"jetpack_featured_media_url":"https:\/\/correiosulgoiano.com.br\/wp-content\/uploads\/2015\/03\/bola_na_rede.jpg","jetpack_publicize_connections":[],"_links":{"self":[{"href":"https:\/\/correiosulgoiano.com.br\/index.php?rest_route=\/wp\/v2\/posts\/972"}],"collection":[{"href":"https:\/\/correiosulgoiano.com.br\/index.php?rest_route=\/wp\/v2\/posts"}],"about":[{"href":"https:\/\/correiosulgoiano.com.br\/index.php?rest_route=\/wp\/v2\/types\/post"}],"author":[{"embeddable":true,"href":"https:\/\/correiosulgoiano.com.br\/index.php?rest_route=\/wp\/v2\/users\/1"}],"replies":[{"embeddable":true,"href":"https:\/\/correiosulgoiano.com.br\/index.php?rest_route=%2Fwp%2Fv2%2Fcomments&post=972"}],"version-history":[{"count":1,"href":"https:\/\/correiosulgoiano.com.br\/index.php?rest_route=\/wp\/v2\/posts\/972\/revisions"}],"predecessor-version":[{"id":977,"href":"https:\/\/correiosulgoiano.com.br\/index.php?rest_route=\/wp\/v2\/posts\/972\/revisions\/977"}],"wp:featuredmedia":[{"embeddable":true,"href":"https:\/\/correiosulgoiano.com.br\/index.php?rest_route=\/wp\/v2\/media\/976"}],"wp:attachment":[{"href":"https:\/\/correiosulgoiano.com.br\/index.php?rest_route=%2Fwp%2Fv2%2Fmedia&parent=972"}],"wp:term":[{"taxonomy":"category","embeddable":true,"href":"https:\/\/correiosulgoiano.com.br\/index.php?rest_route=%2Fwp%2Fv2%2Fcategories&post=972"},{"taxonomy":"post_tag","embeddable":true,"href":"https:\/\/correiosulgoiano.com.br\/index.php?rest_route=%2Fwp%2Fv2%2Ftags&post=972"}],"curies":[{"name":"wp","href":"https:\/\/api.w.org\/{rel}","templated":true}]}}